{"id":224198,"date":"2025-11-07T23:54:11","date_gmt":"2025-11-07T23:54:11","guid":{"rendered":"https:\/\/www.europesays.com\/es\/224198\/"},"modified":"2025-11-07T23:54:11","modified_gmt":"2025-11-07T23:54:11","slug":"que-opina-de-la-ausencia-de-sinner-en-la-copa-davis","status":"publish","type":"post","link":"https:\/\/www.europesays.com\/es\/224198\/","title":{"rendered":"\u00bfQu\u00e9 opina de la ausencia de Sinner en la Copa Davis?"},"content":{"rendered":"<p class=\"L6-news-detail__text\">Antes de debutar en las <b>ATP Finals<\/b>, torneo en el que necesita tres victorias para terminar el a\u00f1o como n\u00famero 1, <b>Carlos Alcaraz<\/b> ha concedido una entrevista a &#8216;Marca&#8217; en la que, entre otros temas, ha tratado una pol\u00e9mica que ha ido creciendo en las \u00faltimas semanas.<\/p>\n<p class=\"L6-news-detail__text\">Al murciano le han preguntado por la comentada ausencia de<b> Jannik Sinner <\/b>en la <b>Copa Davis<\/b>, lo que le ha conllevado muchas cr\u00edticas en Italia, pa\u00eds que acoge las Finales a 8.<\/p>\n<p class=\"L6-news-detail__text\">El n\u00famero 2 del mundo se muestra comprensivo: \u00ab<b>El calendario es muy duro y es dif\u00edcil<\/b>. M\u00e1s en el caso de Jannik, que llega a las rondas finales en cada torneo\u00bb.<\/p>\n<p class=\"L6-news-detail__text\">Eso s\u00ed, entiende el enfado de los &#8216;tifosi&#8217;: \u00abHa ganado ya la Copa Davis los dos \u00faltimos a\u00f1os representando a su pa\u00eds, jugando el individual y el dobles. Yo creo que nadie m\u00e1s que \u00e9l ha <b>dejado mucho sudor y mucho esfuerzo por su pa\u00eds<\/b>\u00ab.<\/p>\n<p class=\"L6-news-detail__text\">Sin embargo, entiende m\u00e1s la decisi\u00f3n de su rival: \u00abEs verdad que es el primer a\u00f1o que se hace en Italia y la gente quer\u00eda verle en su casa, pero cada uno tiene que tomar sus decisiones y <b>yo personalmente la entiendo<\/b>\u00ab.<\/p>\n<p class=\"L6-support-news-video__title\">\u00abTen\u00eda siete ofertas&#8230;\u00bb<\/p>\n<p>            <a href=\"https:\/\/www.lasexta.com\/noticias\/deportes\/futbol\/zamorano-desvela-pedrerol-cafelito-increible-anecdota-valdano_20251107690e11d2de224c6cdd3d82d0.html\" class=\"L6-news__link\" rel=\"nofollow noopener\" target=\"_blank\"><br \/>\n                Zamorano le desvela a Pedrerol en &#8216;El Cafelito&#8217; una incre\u00edble an\u00e9cdota con Valdano<\/p>\n<p class=\"recirculation-video-desc\">El legendario delantero tuvo sus m\u00e1s y sus menos con el entonces entrenador del Real Madrid, que lleg\u00f3 a asegurarle que iba a ser el \u00abquinto delantero\u00bb del equipo.<\/p>\n<p>            <\/a><\/p>\n","protected":false},"excerpt":{"rendered":"Antes de debutar en las ATP Finals, torneo en el que necesita tres victorias para terminar el a\u00f1o&hellip;\n","protected":false},"author":2,"featured_media":101490,"comment_status":"","ping_status":"","sticky":false,"template":"","format":"standard","meta":{"footnotes":""},"categories":[274],"tags":[168,25,24,23,167,327,326],"class_list":{"0":"post-224198","1":"post","2":"type-post","3":"status-publish","4":"format-standard","5":"has-post-thumbnail","7":"category-tenis","8":"tag-deportes","9":"tag-es","10":"tag-espana","11":"tag-spain","12":"tag-sports","13":"tag-tenis","14":"tag-tennis"},"share_on_mastodon":{"url":"https:\/\/pubeurope.com\/@es\/115511116711586214","error":""},"_links":{"self":[{"href":"https:\/\/www.europesays.com\/es\/wp-json\/wp\/v2\/posts\/224198","targetHints":{"allow":["GET"]}}],"collection":[{"href":"https:\/\/www.europesays.com\/es\/wp-json\/wp\/v2\/posts"}],"about":[{"href":"https:\/\/www.europesays.com\/es\/wp-json\/wp\/v2\/types\/post"}],"author":[{"embeddable":true,"href":"https:\/\/www.europesays.com\/es\/wp-json\/wp\/v2\/users\/2"}],"replies":[{"embeddable":true,"href":"https:\/\/www.europesays.com\/es\/wp-json\/wp\/v2\/comments?post=224198"}],"version-history":[{"count":0,"href":"https:\/\/www.europesays.com\/es\/wp-json\/wp\/v2\/posts\/224198\/revisions"}],"wp:featuredmedia":[{"embeddable":true,"href":"https:\/\/www.europesays.com\/es\/wp-json\/wp\/v2\/media\/101490"}],"wp:attachment":[{"href":"https:\/\/www.europesays.com\/es\/wp-json\/wp\/v2\/media?parent=224198"}],"wp:term":[{"taxonomy":"category","embeddable":true,"href":"https:\/\/www.europesays.com\/es\/wp-json\/wp\/v2\/categories?post=224198"},{"taxonomy":"post_tag","embeddable":true,"href":"https:\/\/www.europesays.com\/es\/wp-json\/wp\/v2\/tags?post=224198"}],"curies":[{"name":"wp","href":"https:\/\/api.w.org\/{rel}","templated":true}]}}