{"id":224203,"date":"2025-11-07T23:58:08","date_gmt":"2025-11-07T23:58:08","guid":{"rendered":"https:\/\/www.europesays.com\/es\/224203\/"},"modified":"2025-11-07T23:58:08","modified_gmt":"2025-11-07T23:58:08","slug":"bajas-sensibles-en-la-convocatoria-de-osasuna-para-enfrentarse-al-sevilla","status":"publish","type":"post","link":"https:\/\/www.europesays.com\/es\/224203\/","title":{"rendered":"Bajas sensibles en la convocatoria de Osasuna para enfrentarse al Sevilla"},"content":{"rendered":"<p style=\"\"><strong>Osasuna<\/strong> ha hecho oficial la <strong>lista de convocados<\/strong> que viajar\u00e1n a la capital andaluza para enfrentarse ma\u00f1ana al <a href=\"https:\/\/www.abc.es\/deportes\/orgullodenervion\/noticias-sevilla-fc\/sevilla-almeyda-prepara-final-ante-osasuna-duda-20251106121739-nts.html\" target=\"_self\" data-voc-vtm-id=\"in-text-traffic\" title=\"Sevilla FC\" data-mrf-link=\"www.abc.es\" rel=\"nofollow noopener\">Sevilla FC<\/a> en el estadio <strong>Ram\u00f3n S\u00e1nchez-Pizju\u00e1n<\/strong> (16.15 horas). 18 son los jugadores que conforman la convocatoria de <strong>Alessio Lisci<\/strong>,  &#8230; incluyendo en ella a <strong>I\u00f1igo Arguibide<\/strong>, futbolista del filial rojillo.<\/p>\n<p class=\"voc-p\" style=\"\">De este modo, la <strong>convocatoria completa<\/strong> la conforman los siguientes jugadores: Sergio Herrera, Aitor Fern\u00e1ndez; Juan Cruz, Herrando, Boyomo, Abel Bretones, Catena, Arguibide; Moncayola, Iker Mu\u00f1oz, Aimar Oroz, Rub\u00e9n Garc\u00eda, Moi G\u00f3mez, Asier Osambela; Ra\u00fal Garc\u00eda de Haro, Kike Barja, Sheraldo Becker y V\u00edctor Mu\u00f1oz.<\/p>\n<p class=\"voc-p\" style=\"\">Cuatro son las bajas que tiene el conjunto pamplonica para viajar a Sevilla. A las ya conocidas de <a href=\"https:\/\/www.abc.es\/deportes\/orgullodenervion\/noticias-sevilla-fc\/budimir-pierde-partido-ante-sevilla-20251106112810-nts.html\" target=\"_self\" data-voc-vtm-id=\"in-text-traffic\" title=\"Ante Budimir, Valentin Rosier e Iker Benito\" data-mrf-link=\"www.abc.es\" rel=\"nofollow noopener\">Ante Budimir, Valentin Rosier e Iker Benito<\/a> se ha sumado la de <strong>Lucas Torr\u00f3<\/strong>. Este \u00faltimo ha sido duda durante toda la semana debido a las molestias que arrastraba en su tobillo izquierdo desde el partido contra el <strong>Real Oviedo<\/strong>, pero finalmente el t\u00e9cnico italiano ha decidido no arriesgar con el pivote alicantino.<\/p>\n<p class=\"voc-p\" style=\"\">Por su parte, y a falta de la convocatoria oficial, el Sevilla afrontar\u00e1 el partido con las bajas de <strong>Lucien Agoum\u00e9 y F\u00e1bio Cardoso<\/strong>, ausentes en el entrenamiento de hoy, adem\u00e1s de las sabidas de <strong>Isaac Romero y Alexis S\u00e1nchez<\/strong>. La buena noticia para el conjunto hispalense ha sido <strong>la recuperaci\u00f3n de Joan Jord\u00e1n<\/strong>, quien ha entrado por primera vez en la <a href=\"https:\/\/www.abc.es\/deportes\/orgullodenervion\/noticias-sevilla-fc\/jordan-entra-convocatoria-sevilla-osasuna-20251107181010-nts.html\" title=\"www.abc.es\" data-voc-vtm-id=\"in-text-traffic\" data-mrf-link=\"www.abc.es\" rel=\"nofollow noopener\" target=\"_blank\">convocatoria de Almeyda<\/a> esta temporada.<\/p>\n","protected":false},"excerpt":{"rendered":"Osasuna ha hecho oficial la lista de convocados que viajar\u00e1n a la capital andaluza para enfrentarse ma\u00f1ana al&hellip;\n","protected":false},"author":2,"featured_media":224204,"comment_status":"","ping_status":"","sticky":false,"template":"","format":"standard","meta":{"footnotes":""},"categories":[268],"tags":[8917,8461,168,28691,25,24,280,282,621,36752,1171,281,23,167],"class_list":{"0":"post-224203","1":"post","2":"type-post","3":"status-publish","4":"format-standard","5":"has-post-thumbnail","7":"category-futbol","8":"tag-bajas","9":"tag-convocatoria","10":"tag-deportes","11":"tag-enfrentarse","12":"tag-es","13":"tag-espana","14":"tag-football","15":"tag-futbol","16":"tag-osasuna","17":"tag-sensibles","18":"tag-sevilla","19":"tag-soccer","20":"tag-spain","21":"tag-sports"},"share_on_mastodon":{"url":"https:\/\/pubeurope.com\/@es\/115511132758203757","error":""},"_links":{"self":[{"href":"https:\/\/www.europesays.com\/es\/wp-json\/wp\/v2\/posts\/224203","targetHints":{"allow":["GET"]}}],"collection":[{"href":"https:\/\/www.europesays.com\/es\/wp-json\/wp\/v2\/posts"}],"about":[{"href":"https:\/\/www.europesays.com\/es\/wp-json\/wp\/v2\/types\/post"}],"author":[{"embeddable":true,"href":"https:\/\/www.europesays.com\/es\/wp-json\/wp\/v2\/users\/2"}],"replies":[{"embeddable":true,"href":"https:\/\/www.europesays.com\/es\/wp-json\/wp\/v2\/comments?post=224203"}],"version-history":[{"count":0,"href":"https:\/\/www.europesays.com\/es\/wp-json\/wp\/v2\/posts\/224203\/revisions"}],"wp:featuredmedia":[{"embeddable":true,"href":"https:\/\/www.europesays.com\/es\/wp-json\/wp\/v2\/media\/224204"}],"wp:attachment":[{"href":"https:\/\/www.europesays.com\/es\/wp-json\/wp\/v2\/media?parent=224203"}],"wp:term":[{"taxonomy":"category","embeddable":true,"href":"https:\/\/www.europesays.com\/es\/wp-json\/wp\/v2\/categories?post=224203"},{"taxonomy":"post_tag","embeddable":true,"href":"https:\/\/www.europesays.com\/es\/wp-json\/wp\/v2\/tags?post=224203"}],"curies":[{"name":"wp","href":"https:\/\/api.w.org\/{rel}","templated":true}]}}