{"id":224205,"date":"2025-11-07T23:59:10","date_gmt":"2025-11-07T23:59:10","guid":{"rendered":"https:\/\/www.europesays.com\/es\/224205\/"},"modified":"2025-11-07T23:59:10","modified_gmt":"2025-11-07T23:59:10","slug":"asi-ha-sido-la-actuacion-con-la-que-rosalia-ha-deslumbrado-en-los40-music-awards-cultura","status":"publish","type":"post","link":"https:\/\/www.europesays.com\/es\/224205\/","title":{"rendered":"As\u00ed ha sido la actuaci\u00f3n con la que Rosal\u00eda ha deslumbrado en LOS40 Music Awards | Cultura"},"content":{"rendered":"<p class=\"\">Cuatro minutos <a href=\"https:\/\/elpais.com\/videos\/2025-11-07\/el-nuevo-disco-de-rosalia-entre-lineas-lo-que-dice-lux-mas-alla-de-su-musica.html\" target=\"_self\" rel=\"nofollow noopener\" title=\"https:\/\/elpais.com\/videos\/2025-11-07\/el-nuevo-disco-de-rosalia-entre-lineas-lo-que-dice-lux-mas-alla-de-su-musica.html\">le bastaron a Rosal\u00eda<\/a> para emocionar el valenciano Roig Arena, donde se celebran este viernes LOS40 Music Awards. La arista catalana abri\u00f3 la gala. Las luces no se hab\u00edan encendido cuando sonaron las cuerdas de Reliquia en los primeros segundos, interpretadas en directo por una orquesta. Despu\u00e9s apareci\u00f3 rodeada de cruces encendidas que proyectaban la letra de la canci\u00f3n. La cantante present\u00f3 por primera vez en directo un tema de Lux, su tan esperado cuarto \u00e1lbum, publicado este viernes. Solo un rayo de luz \u2014no pod\u00eda ser de otra manera\u2014 alumbraba el lugar donde daba vueltas la artista sobre el escenario. Unas 18.000 personas gritaron y aplaudieron con fuerza cuando la iluminaci\u00f3n comenz\u00f3 a parpadear r\u00e1pidamente justo antes de llegar al final. En el \u00faltimo minuto de la canci\u00f3n volaron desde el techo cientos de papeles que parec\u00edan las partituras tan presentes desde que anunci\u00f3 su disco. La breve actuaci\u00f3n fue una exhibici\u00f3n vocal, con alg\u00fan fallo en el micr\u00f3fono. <\/p>\n<p class=\"\">La canci\u00f3n comienza con los instrumentos de cuerda de la orquesta, pero luego va apareciendo en un segundo plano un ritmo electr\u00f3nico que confiere a la pieza una p\u00e1tina contempor\u00e1nea. En los \u00faltimos segundos del tema explota un ritmo que recuerda al drum and bass de los noventa. Tambi\u00e9n se escuchan palmas, que jalonan buena parte del \u00e1lbum como una de sus se\u00f1as de identidad, el flamenco. La letra es una gu\u00eda tur\u00edstica de las aventuras de la protagonista por el mundo: \u201cPerd\u00ed mi lengua en Par\u00eds, mi tiempo en L.A, los heels en Mil\u00e1n, la sonrisa en U.K.\u201c, canta la artista. Tambi\u00e9n le pasan cosas en ciudades espa\u00f1olas: en Jerez, Barcelona, Madrid y Granada. <\/p>\n<p><img decoding=\"auto\" class=\"_re lazyload a_m-h\" height=\"250\"  width=\"414\"  src=\"https:\/\/imagenes.elpais.com\/resizer\/v2\/ZKSBPNFRQFBPZI5NQCZE2R6N4M.JPG?auth=485e5cae79d4bcf86ca5bc619416387ff599feb10aaefbb17598840b0acc4982&amp;width=414\" loading=\"lazy\"\/>Otro momento de la actuaci\u00f3n de Rosal\u00eda. Los40<\/p>\n<p class=\"\">Reliquia es el segundo <a href=\"https:\/\/elpais.com\/cultura\/2025-11-05\/critica-de-lux-rosalia-rompe-las-costuras-del-pop-con-un-salto-al-vacio-intenso-y-fascinante.html\" target=\"_self\" rel=\"nofollow noopener\" title=\"https:\/\/elpais.com\/cultura\/2025-11-05\/critica-de-lux-rosalia-rompe-las-costuras-del-pop-con-un-salto-al-vacio-intenso-y-fascinante.html\">tema de Lux<\/a>, una canci\u00f3n que se pudo escuchar el pasado martes en Spotify durante unos minutos. Luego, desapareci\u00f3. Fue una <a href=\"https:\/\/elpais.com\/cultura\/2025-11-05\/el-nuevo-disco-de-rosalia-lux-se-filtra-entero-en-internet-dos-dias-antes-de-su-lanzamiento.html\" target=\"_self\" rel=\"nofollow noopener\" title=\"https:\/\/elpais.com\/cultura\/2025-11-05\/el-nuevo-disco-de-rosalia-lux-se-filtra-entero-en-internet-dos-dias-antes-de-su-lanzamiento.html\">de las filtraciones<\/a> que han sedimentado el lanzamiento del cuarto disco de Rosal\u00eda, acompa\u00f1ado de una campa\u00f1a de promoci\u00f3n que ni mucho menos ha terminado. Hoy ya se puede escuchar todo el disco en las plataformas de streaming y se puede adquirir en formato f\u00edsico, aunque la edici\u00f3n digital contiene tres temas menos. La versi\u00f3n completa, que dura una hora, solo se puede escuchar en las ediciones de vinilo y compacto. <\/p>\n<p class=\"\">Antes de la actuaci\u00f3n, la artista catalana ya acapar\u00f3 toda la atenci\u00f3n. Rosal\u00eda transform\u00f3 la alfombra roja en una masiva petici\u00f3n de aut\u00f3grafos. No hubo duda alguna cuando lleg\u00f3: el caos la anunci\u00f3. Vestida, contra todo pron\u00f3stico, completamente de negro, avanz\u00f3 menos de 10 metros y respondi\u00f3 como pudo a las preguntas que le gritaban los periodistas que la segu\u00edan salt\u00e1ndose el cord\u00f3n que separa a las c\u00e1maras profesionales del glamur de las estrellas. Con un top emplumado y unas gafas-m\u00e1scara que cubr\u00edan la mitad de su rostro, la artista \u2014la m\u00e1s esperada de la noche\u2014 se despidi\u00f3 en tres minutos. Con esa imagen opuesta a la de monja vestida de blanco que protagoniza la portada de su nuevo \u00e1lbum, la artista confes\u00f3 que se sent\u00eda \u201csorprendida por las ganas que la gente ten\u00eda de escucharlo\u201d.<\/p>\n<p><img decoding=\"auto\" class=\"_re lazyload a_m-h\" height=\"276\"  width=\"414\"  src=\"https:\/\/imagenes.elpais.com\/resizer\/v2\/5KWLXSER65CILPFI5FQJVRIWDI.JPG?auth=9e6d9d425a840a44d5860491f50aca5b87fea3b0539db01fc4db72c9da92bd7f&amp;width=414\" loading=\"lazy\"\/>Rosal\u00eda interpret\u00f3 &#8216;Reliquia&#8217;, de su nuevo disco, &#8216;Lux&#8217;. Los40<\/p>\n<p class=\"\">Tambi\u00e9n fueron protagonistas en la alfombra roja los artistas que optaban a alg\u00fan premio en la gala. Encabezaban las nominaciones Aitana, Ed Sheeran, Myles Smith, Dani Fern\u00e1ndez, Dani Mart\u00edn, Quevedo, Feid, Bad Bunny, Be\u00e9le, Emilia, Kapo, Mora, Morat, Rauw Alejandro, Karol G, Lola Indigo y Sebasti\u00e1n Yatra. <\/p>\n<p class=\"\">Es la primera vez que Valencia acoge la ceremonia anual que la radio musical del Grupo Prisa (editor de EL PA\u00cdS) viene celebrando desde hace casi 20 a\u00f1os. <\/p>\n","protected":false},"excerpt":{"rendered":"Cuatro minutos le bastaron a Rosal\u00eda para emocionar el valenciano Roig Arena, donde se celebran este viernes LOS40&hellip;\n","protected":false},"author":2,"featured_media":224206,"comment_status":"","ping_status":"","sticky":false,"template":"","format":"standard","meta":{"footnotes":""},"categories":[174],"tags":[5521,255,209,47099,3067,146,147,25,24,256,52148,185,59274,4147,23],"class_list":{"0":"post-224205","1":"post","2":"type-post","3":"status-publish","4":"format-standard","5":"has-post-thumbnail","7":"category-famosos","8":"tag-aitana-ocana","9":"tag-celebrities","10":"tag-cultura","11":"tag-dani-martin","12":"tag-ed-sheeran","13":"tag-entertainment","14":"tag-entretenimiento","15":"tag-es","16":"tag-espana","17":"tag-famosos","18":"tag-los40-music-awards","19":"tag-musica","20":"tag-premios-40-principales","21":"tag-rosalia","22":"tag-spain"},"share_on_mastodon":{"url":"https:\/\/pubeurope.com\/@es\/115511136933812242","error":""},"_links":{"self":[{"href":"https:\/\/www.europesays.com\/es\/wp-json\/wp\/v2\/posts\/224205","targetHints":{"allow":["GET"]}}],"collection":[{"href":"https:\/\/www.europesays.com\/es\/wp-json\/wp\/v2\/posts"}],"about":[{"href":"https:\/\/www.europesays.com\/es\/wp-json\/wp\/v2\/types\/post"}],"author":[{"embeddable":true,"href":"https:\/\/www.europesays.com\/es\/wp-json\/wp\/v2\/users\/2"}],"replies":[{"embeddable":true,"href":"https:\/\/www.europesays.com\/es\/wp-json\/wp\/v2\/comments?post=224205"}],"version-history":[{"count":0,"href":"https:\/\/www.europesays.com\/es\/wp-json\/wp\/v2\/posts\/224205\/revisions"}],"wp:featuredmedia":[{"embeddable":true,"href":"https:\/\/www.europesays.com\/es\/wp-json\/wp\/v2\/media\/224206"}],"wp:attachment":[{"href":"https:\/\/www.europesays.com\/es\/wp-json\/wp\/v2\/media?parent=224205"}],"wp:term":[{"taxonomy":"category","embeddable":true,"href":"https:\/\/www.europesays.com\/es\/wp-json\/wp\/v2\/categories?post=224205"},{"taxonomy":"post_tag","embeddable":true,"href":"https:\/\/www.europesays.com\/es\/wp-json\/wp\/v2\/tags?post=224205"}],"curies":[{"name":"wp","href":"https:\/\/api.w.org\/{rel}","templated":true}]}}