{"id":22421,"date":"2025-08-03T09:00:07","date_gmt":"2025-08-03T09:00:07","guid":{"rendered":"https:\/\/www.europesays.com\/es\/22421\/"},"modified":"2025-08-03T09:00:07","modified_gmt":"2025-08-03T09:00:07","slug":"convivir-2025-novedades-tumor-digestivo","status":"publish","type":"post","link":"https:\/\/www.europesays.com\/es\/22421\/","title":{"rendered":"Convivir 2025: novedades tumor digestivo"},"content":{"rendered":"<p>Con el objetivo de poner en valor la voz y las necesidades de las personas afectadas por tumores digestivos y sus cuidadores, se celebrar\u00e1 el 25 de septiembre en Madrid el simposio <strong>ConVivir 2025: Vida y Tumores Digestivos<\/strong>, un encuentro impulsado por la <strong>Asociaci\u00f3n de Tumores de V\u00edas Biliares (ATUVIBI)<\/strong> junto a la <strong>Asociaci\u00f3n C\u00e1ncer de P\u00e1ncreas (ACANPAN)<\/strong>, la <strong>Asociaci\u00f3n Peritoneum<\/strong> y la <strong>Asociaci\u00f3n Contra el C\u00e1ncer G\u00e1strico y Gastrectomizados (ACCGG)<\/strong>, y que cuenta adem\u00e1s con el aval del <strong>Grupo Espa\u00f1ol de Pacientes con C\u00e1ncer (GEPAC)<\/strong>.<\/p>\n<p>El encuentro se concibe como un espacio pionero en Espa\u00f1a para el di\u00e1logo, el aprendizaje y el apoyo mutuo entre pacientes, familiares, cuidadores y profesionales sanitarios relacionados con los tumores de v\u00edas biliares, p\u00e1ncreas, g\u00e1stricos y peritoneales. <strong>\u201cConVivir nace para dar voz y herramientas a quienes conviven cada d\u00eda con un tumor digestivo, no s\u00f3lo los pacientes, sino tambi\u00e9n quienes los acompa\u00f1an\u201d<\/strong>, explica <strong>Elisabeth Baucells<\/strong>, presidenta de ATUVIBI. Seg\u00fan destaca, <strong>\u201cqueremos hablar de nutrici\u00f3n, ejercicio, emociones, acceso a la innovaci\u00f3n y calidad de vida desde una mirada multidisciplinar\u201d<\/strong>.<\/p>\n<p>El programa contempla ponencias y talleres pr\u00e1cticos orientados a ofrecer herramientas para mejorar el bienestar f\u00edsico y emocional de las personas afectadas. <strong>Nutrici\u00f3n adaptada, salud mental, ejercicio f\u00edsico oncol\u00f3gico<\/strong> y el papel de las asociaciones de pacientes ser\u00e1n algunos de los ejes de las sesiones, que contar\u00e1n con profesionales de referencia en cada \u00e1mbito.<\/p>\n<p><a href=\"https:\/\/www.europesays.com\/es\/wp-content\/uploads\/2025\/08\/Captura-de-pantalla-2025-07-21-104648.png\"><img fetchpriority=\"high\" decoding=\"async\" width=\"804\" height=\"423\" src=\"https:\/\/www.europesays.com\/es\/wp-content\/uploads\/2025\/08\/Captura-de-pantalla-2025-07-21-104648.png\" alt=\"\" class=\"wp-image-170012\"  \/><\/a><\/p>\n<p>Entre los temas destacados figuran la <strong>importancia del perfil molecular del tumor<\/strong>, el acceso a medicamentos innovadores, el papel del paciente en la investigaci\u00f3n cl\u00ednica y la participaci\u00f3n en ensayos m\u00e9dicos, aspectos que afectan directamente a la calidad de vida y a las opciones terap\u00e9uticas disponibles. Tambi\u00e9n se abordar\u00e1 el valor del acompa\u00f1amiento y el cuidado integral m\u00e1s all\u00e1 del tratamiento m\u00e9dico.<\/p>\n<p>Adem\u00e1s, se celebrar\u00e1n actividades pr\u00e1cticas como talleres de cocina saludable, sesiones de respiraci\u00f3n consciente y demostraciones de actividad f\u00edsica adaptada al paciente oncol\u00f3gico. La jornada incluir\u00e1 espacios espec\u00edficos de encuentro entre asociaciones y grupos de pacientes, creando una red de apoyo y visibilizaci\u00f3n.<\/p>\n<p>El simposio est\u00e1 dirigido a <strong>pacientes con tumores digestivos, sus familiares, cuidadores y profesionales sanitarios<\/strong>, con el fin de fomentar el conocimiento, el acompa\u00f1amiento emocional y el acceso a informaci\u00f3n fiable. La <strong>inscripci\u00f3n es gratuita<\/strong>, previa<a href=\"https:\/\/atuvibi.org\/\" title=\" inscripci\u00f3n a trav\u00e9s de la web de ATUVIBI\" rel=\"nofollow noopener\" target=\"_blank\"> inscripci\u00f3n a trav\u00e9s de la web de ATUVIBI<\/a>, y el evento contar\u00e1 con retransmisi\u00f3n en directo por streaming para facilitar la participaci\u00f3n de personas interesadas desde cualquier punto del pa\u00eds.<\/p>\n<p>ConVivir 2025 busca visibilizar las necesidades reales de quienes conviven con estos tumores, promover el conocimiento compartido y derribar las barreras del aislamiento, a trav\u00e9s de un enfoque centrado en las personas y su bienestar integral.<\/p>\n","protected":false},"excerpt":{"rendered":"Con el objetivo de poner en valor la voz y las necesidades de las personas afectadas por tumores&hellip;\n","protected":false},"author":2,"featured_media":22422,"comment_status":"","ping_status":"","sticky":false,"template":"","format":"standard","meta":{"footnotes":""},"categories":[92],"tags":[5738,5739,25,24,165,166,23],"class_list":{"0":"post-22421","1":"post","2":"type-post","3":"status-publish","4":"format-standard","5":"has-post-thumbnail","7":"category-salud","8":"tag-al-dia","9":"tag-asociaciones-de-pacientes","10":"tag-es","11":"tag-espana","12":"tag-health","13":"tag-salud","14":"tag-spain"},"share_on_mastodon":{"url":"","error":""},"_links":{"self":[{"href":"https:\/\/www.europesays.com\/es\/wp-json\/wp\/v2\/posts\/22421","targetHints":{"allow":["GET"]}}],"collection":[{"href":"https:\/\/www.europesays.com\/es\/wp-json\/wp\/v2\/posts"}],"about":[{"href":"https:\/\/www.europesays.com\/es\/wp-json\/wp\/v2\/types\/post"}],"author":[{"embeddable":true,"href":"https:\/\/www.europesays.com\/es\/wp-json\/wp\/v2\/users\/2"}],"replies":[{"embeddable":true,"href":"https:\/\/www.europesays.com\/es\/wp-json\/wp\/v2\/comments?post=22421"}],"version-history":[{"count":0,"href":"https:\/\/www.europesays.com\/es\/wp-json\/wp\/v2\/posts\/22421\/revisions"}],"wp:featuredmedia":[{"embeddable":true,"href":"https:\/\/www.europesays.com\/es\/wp-json\/wp\/v2\/media\/22422"}],"wp:attachment":[{"href":"https:\/\/www.europesays.com\/es\/wp-json\/wp\/v2\/media?parent=22421"}],"wp:term":[{"taxonomy":"category","embeddable":true,"href":"https:\/\/www.europesays.com\/es\/wp-json\/wp\/v2\/categories?post=22421"},{"taxonomy":"post_tag","embeddable":true,"href":"https:\/\/www.europesays.com\/es\/wp-json\/wp\/v2\/tags?post=22421"}],"curies":[{"name":"wp","href":"https:\/\/api.w.org\/{rel}","templated":true}]}}