{"id":224225,"date":"2025-11-08T00:12:10","date_gmt":"2025-11-08T00:12:10","guid":{"rendered":"https:\/\/www.europesays.com\/es\/224225\/"},"modified":"2025-11-08T00:12:10","modified_gmt":"2025-11-08T00:12:10","slug":"barcelona-real-madrid-en-directo","status":"publish","type":"post","link":"https:\/\/www.europesays.com\/es\/224225\/","title":{"rendered":"Barcelona &#8211; Real Madrid en directo"},"content":{"rendered":"<p> \u00daltima hora del Barcelona &#8211; Real Madrid en directo:<\/p>\n<p class=\"ue-c-article__paragraph \">Muy buenas noches y <strong>bienvenidos a la narraci\u00f3n del partido entre el Barcelona y el Real Madrid <\/strong>correspondiente a la<strong> novena jornada de la Euroliga<\/strong> que les va a contar <strong>MARCA.com<\/strong> de un encuentro que arrancar\u00e1 a partir de las 20.30 h en el Palau Blaugrana en el que los dos transatl\u00e1nticos del baloncesto espa\u00f1ol se juegan un triunfo y mucho prestigio, algo que para ambos anda en entredicho en este primer tercio de campa\u00f1a.<\/p>\n<p class=\"ue-c-article__paragraph \">Ser\u00e1 el <strong>primer Cl\u00e1sico del curso <\/strong>entre los dos eternos rivales, que han iniciado la temporada de forma irregular. <strong>Los azulgranas son s\u00e9ptimos (5-3) y los madridistas son octavos (4-4) <\/strong>en una clasificaci\u00f3n dominada hasta ahora, de forma sorprendente, por el <strong>Estrella Roja <\/strong>y por el debutante <strong>Hapoel Tel Aviv<\/strong>, ambos con un balance de siete victorias y dos derrotas.<\/p>\n<p class=\"ue-c-article__paragraph \"><strong>Los azulgranas han perdido los \u00faltimos ocho duelos ante el eterno rival<\/strong>. Su \u00faltima victoria data de abril de 2024. Despu\u00e9s, cosech\u00f3 <strong>tres derrotas en la final de la Liga Endesa 23-24 <\/strong>y cinco m\u00e1s la temporada pasada (una en Supercopa, dos en ACB y dos en Euroliga).<\/p>\n<p class=\"ue-c-article__paragraph \">El Madrid es hasta ahora <strong>el peor equipo de la Euroliga a domicilio igualados con el ASVEL.<\/strong> Ha perdido en sus cuatro desplazamientos, aunque <strong>viene de ganar en Zaragoza <\/strong>en la liga, su primer \u00e9xito de la temporada lejos de casa. El a\u00f1o pasado tambi\u00e9n tard\u00f3 en estrenarse como visitante en la Europa. Fue parad\u00f3jicamente en el Palau, tras dos pr\u00f3rrogas.<\/p>\n<p class=\"ue-c-article__paragraph \">A la incertidumbre sobre las prestaciones que pueden ofrecer los dos equipos hay que a\u00f1adir las <strong>muchas dudas que tienen en cuanto a disposici\u00f3n de jugadores<\/strong>. El Bar\u00e7a en principio podr\u00e1 contar con <strong>Tornike Shengelia<\/strong>, que sufri\u00f3 una torcedura de tobillo, y con <strong>Nico Laprovittola<\/strong>, tras superar su lesi\u00f3n en el adductor. \u00abLas sensaciones son m\u00e1s o menos buenas\u00bb, asegura <strong>Pe\u00f1arroya<\/strong>.<\/p>\n<p class=\"ue-c-article__paragraph \">El Madrid mantendr\u00e1 hasta el \u00faltimo momento <strong>las inc\u00f3gnitas de Edy Tavares por enfermedad, de Chuma Okeke por un esguince de tobillo y de David Kramer por un golpe en un entrenamiento<\/strong>. <strong>Scariolo <\/strong> asegur\u00f3 que decidir\u00eda la presencia o no de ellos este mismo viernes. S\u00ed confirm\u00f3 el italiano el concurso de su \u00faltimo fichaje, el p\u00edvot <strong>Alex Len<\/strong>: \u00abS\u00ed, jugar\u00e1. Lo he visto bastante bien dentro de lo que cabe. Tres d\u00edas de entrenamientos son poqu\u00edsimos, pero tiene lo suficiente para podernos ayudar\u00bb.<\/p>\n<p class=\"ue-c-article__paragraph \">Ambos entrenadores admiten la importancia del C\u00e1sico, no tanto de cara a la clasificaci\u00f3n como al<strong> altavoz medi\u00e1tico y popular que tienen hist\u00f3ricamente estos partidos de rivalidad m\u00e1xima.<\/strong> \u00abTodos son importantes y ninguno determinante para la clasificaci\u00f3n. Emocional e hist\u00f3ricamente es un partido con un tono m\u00e1s de inter\u00e9s y pasi\u00f3n, pero no estamos en una situaci\u00f3n en la que ni ellos ni nosotros tengamos que estar desesperados\u00bb, opina<strong> Joan Pe\u00f1arroya<\/strong>.<\/p>\n<p class=\"ue-c-article__paragraph \">Su hom\u00f3logo del Real Madrid, <strong>Sergio Scariolo<\/strong>, tambi\u00e9n relativiza la trascendencia al impacto de estos partidos: \u00abCada victoria contra un equipo de primer nivel es una inyecci\u00f3n de confianza, pero no siempre cualquier victoria te vale para sentirse mejor ni todas las derrotas te hacen sentirte peor\u00bb, asegur\u00f3 en la v\u00edspera.<\/p>\n","protected":false},"excerpt":{"rendered":"\u00daltima hora del Barcelona &#8211; Real Madrid en directo: Muy buenas noches y bienvenidos a la narraci\u00f3n del&hellip;\n","protected":false},"author":2,"featured_media":224226,"comment_status":"","ping_status":"","sticky":false,"template":"","format":"standard","meta":{"footnotes":""},"categories":[5],"tags":[299,52829,17,18,25,24,833,13,14,11,19,20,9,10,15,16,10765,23,12,21,22],"class_list":{"0":"post-224225","1":"post","2":"type-post","3":"status-publish","4":"format-standard","5":"has-post-thumbnail","7":"category-titulares","8":"tag-baloncesto","9":"tag-barcelona-baloncesto","10":"tag-breaking-news","11":"tag-breakingnews","12":"tag-es","13":"tag-espana","14":"tag-euroliga","15":"tag-featured-news","16":"tag-featurednews","17":"tag-headlines","18":"tag-latest-news","19":"tag-latestnews","20":"tag-news","21":"tag-noticias","22":"tag-noticias-destacadas","23":"tag-noticiasdestacadas","24":"tag-real-madrid-baloncesto","25":"tag-spain","26":"tag-titulares","27":"tag-ultimas-noticias","28":"tag-ultimasnoticias"},"share_on_mastodon":{"url":"https:\/\/pubeurope.com\/@es\/115511187459082971","error":""},"_links":{"self":[{"href":"https:\/\/www.europesays.com\/es\/wp-json\/wp\/v2\/posts\/224225","targetHints":{"allow":["GET"]}}],"collection":[{"href":"https:\/\/www.europesays.com\/es\/wp-json\/wp\/v2\/posts"}],"about":[{"href":"https:\/\/www.europesays.com\/es\/wp-json\/wp\/v2\/types\/post"}],"author":[{"embeddable":true,"href":"https:\/\/www.europesays.com\/es\/wp-json\/wp\/v2\/users\/2"}],"replies":[{"embeddable":true,"href":"https:\/\/www.europesays.com\/es\/wp-json\/wp\/v2\/comments?post=224225"}],"version-history":[{"count":0,"href":"https:\/\/www.europesays.com\/es\/wp-json\/wp\/v2\/posts\/224225\/revisions"}],"wp:featuredmedia":[{"embeddable":true,"href":"https:\/\/www.europesays.com\/es\/wp-json\/wp\/v2\/media\/224226"}],"wp:attachment":[{"href":"https:\/\/www.europesays.com\/es\/wp-json\/wp\/v2\/media?parent=224225"}],"wp:term":[{"taxonomy":"category","embeddable":true,"href":"https:\/\/www.europesays.com\/es\/wp-json\/wp\/v2\/categories?post=224225"},{"taxonomy":"post_tag","embeddable":true,"href":"https:\/\/www.europesays.com\/es\/wp-json\/wp\/v2\/tags?post=224225"}],"curies":[{"name":"wp","href":"https:\/\/api.w.org\/{rel}","templated":true}]}}