{"id":224227,"date":"2025-11-08T00:17:09","date_gmt":"2025-11-08T00:17:09","guid":{"rendered":"https:\/\/www.europesays.com\/es\/224227\/"},"modified":"2025-11-08T00:17:09","modified_gmt":"2025-11-08T00:17:09","slug":"alcaraz-debuta-el-domingo-con-de-minaur-y-djokovic-lo-hara-el-lunes-frente-a-fritz","status":"publish","type":"post","link":"https:\/\/www.europesays.com\/es\/224227\/","title":{"rendered":"Alcaraz debuta el domingo con De Mi\u00f1aur y Djokovic lo har\u00e1 el lunes frente a Fritz"},"content":{"rendered":"<p data-mrf-recirculation=\"Links P\u00e1rrafos\" class=\"ue-c-article__paragraph paragraph ue-c-article--first-letter-highlighted\">La final del Open 250 de Atenas entre <strong>Novak Djokovic y Lorenzo Musetti provocar\u00e1 algo sin precedentes en la historia del torneo de maestros<\/strong>. Y es que se jugar\u00e1n partidos de diferentes grupos en un mismo d\u00eda. <strong>La organizaci\u00f3n ha decidido programar el debut de Carlos Alcaraz para la jornada dominical<\/strong>. El campe\u00f3n de seis grandes se cruzar\u00e1 con <strong>Alex de Mi\u00f1aur, en el partido de la sesi\u00f3n diurna, a partir de las 14.00 horas<\/strong>.\u00a0<\/p>\n<p data-mrf-recirculation=\"Links P\u00e1rrafos\" class=\"ue-c-article__paragraph paragraph\">Para que Novak Djokovic tenga tiempo de descanso y adaptaci\u00f3n a la nueva pista Greenset de Tur\u00edn, que nada tiene que ver con la de Atenas,\u00a0<strong>su duelo con Taylor Fritz ha sido retrasado al mediod\u00eda del lunes<\/strong>. De esta forma, el cierre del domingo corresponder\u00e1 a Alexander Zverev y Taylor Fritz.\u00a0<\/p>\n<p><img decoding=\"async\" width=\"834\" height=\"1304\" class=\"ue-c-article__image lazyload\" alt=\"El orden de juego del domingo en Tur\u00edn.\" loading=\"lazy\" src=\"https:\/\/www.europesays.com\/es\/wp-content\/uploads\/2025\/11\/690e818c01ac0.jpeg\"\/><\/p>\n<p>El orden de juego del domingo en Tur\u00edn.<\/p>\n<p>Sinner desconoce su rival<br \/>\u200b<\/p>\n<p data-mrf-recirculation=\"Links P\u00e1rrafos\" class=\"ue-c-article__paragraph paragraph\"><strong>Jannik Sinner<\/strong>, que ha recuperado moment\u00e1neamente esta semana el n\u00famero uno mundial, <strong>sabe que su primer partido ser\u00e1 el lunes a las 20.30 horas pero desconoce si su adversario ser\u00e1 su compatriota Lorenzo Musetti o el canadiense Felix Auger-Aliassime<\/strong>.\u00a0<\/p>\n<p data-mrf-recirculation=\"Links P\u00e1rrafos\" class=\"ue-c-article__paragraph paragraph\">Si Musetti gana el t\u00edtulo en Atenas se garantiza el \u00faltimo billete para la cita de maestros. De lo contrario ser\u00e1 Aliassime quien se ponga delante de Jannik.\u00a0<\/p>\n<p data-mrf-recirculation=\"Links P\u00e1rrafos\" class=\"ue-c-article__paragraph paragraph\"><strong>Alcaraz se ejercitar\u00e1 este s\u00e1bado con Alexander Bublik en el \u00faltimo entrenamiento previo al debut<\/strong>. Lo har\u00e1 por espacio de dos horas.\u00a0<br \/>\u200b<\/p>\n","protected":false},"excerpt":{"rendered":"La final del Open 250 de Atenas entre Novak Djokovic y Lorenzo Musetti provocar\u00e1 algo sin precedentes en&hellip;\n","protected":false},"author":2,"featured_media":224228,"comment_status":"","ping_status":"","sticky":false,"template":"","format":"standard","meta":{"footnotes":""},"categories":[274],"tags":[168,25,24,23,167,327,326],"class_list":{"0":"post-224227","1":"post","2":"type-post","3":"status-publish","4":"format-standard","5":"has-post-thumbnail","7":"category-tenis","8":"tag-deportes","9":"tag-es","10":"tag-espana","11":"tag-spain","12":"tag-sports","13":"tag-tenis","14":"tag-tennis"},"share_on_mastodon":{"url":"https:\/\/pubeurope.com\/@es\/115511207415620370","error":""},"_links":{"self":[{"href":"https:\/\/www.europesays.com\/es\/wp-json\/wp\/v2\/posts\/224227","targetHints":{"allow":["GET"]}}],"collection":[{"href":"https:\/\/www.europesays.com\/es\/wp-json\/wp\/v2\/posts"}],"about":[{"href":"https:\/\/www.europesays.com\/es\/wp-json\/wp\/v2\/types\/post"}],"author":[{"embeddable":true,"href":"https:\/\/www.europesays.com\/es\/wp-json\/wp\/v2\/users\/2"}],"replies":[{"embeddable":true,"href":"https:\/\/www.europesays.com\/es\/wp-json\/wp\/v2\/comments?post=224227"}],"version-history":[{"count":0,"href":"https:\/\/www.europesays.com\/es\/wp-json\/wp\/v2\/posts\/224227\/revisions"}],"wp:featuredmedia":[{"embeddable":true,"href":"https:\/\/www.europesays.com\/es\/wp-json\/wp\/v2\/media\/224228"}],"wp:attachment":[{"href":"https:\/\/www.europesays.com\/es\/wp-json\/wp\/v2\/media?parent=224227"}],"wp:term":[{"taxonomy":"category","embeddable":true,"href":"https:\/\/www.europesays.com\/es\/wp-json\/wp\/v2\/categories?post=224227"},{"taxonomy":"post_tag","embeddable":true,"href":"https:\/\/www.europesays.com\/es\/wp-json\/wp\/v2\/tags?post=224227"}],"curies":[{"name":"wp","href":"https:\/\/api.w.org\/{rel}","templated":true}]}}