{"id":224260,"date":"2025-11-08T00:50:18","date_gmt":"2025-11-08T00:50:18","guid":{"rendered":"https:\/\/www.europesays.com\/es\/224260\/"},"modified":"2025-11-08T00:50:18","modified_gmt":"2025-11-08T00:50:18","slug":"manu-fajardo-presume-de-plantilla-e-ideario-somos-una-familia-disfrutamos-y-sufrimos-juntos-nos-miramos-todos-los-dias-a-la-cara","status":"publish","type":"post","link":"https:\/\/www.europesays.com\/es\/224260\/","title":{"rendered":"Manu Fajardo presume de plantilla e ideario: \u00abSomos una familia; disfrutamos y sufrimos juntos, nos miramos todos los d\u00edas a la cara\u00bb"},"content":{"rendered":"<p class=\"parrafo\">\u00abEstoy muy <strong>satisfecho<\/strong> por la labor que se est\u00e1 llevando a cabo, por el vestuario que hemos formado, por la <strong>comuni\u00f3n<\/strong> que existe a d\u00eda de hoy en el <strong>Real Betis<\/strong> entre empleados, consejo de administraci\u00f3n, jugadores y afici\u00f3n, lo que creo que, al final, se resume en el terreno del juego\u00bb. As\u00ed comenzaba <strong>Manu Fajardo<\/strong> su charla con Radio Valencia (Cadena Ser) a dos d\u00edas de visitar <strong>Mestalla<\/strong>. Regresa el aljarafe\u00f1o a la ciudad donde dio sus primeros pasos en una direcci\u00f3n deportiva, en concreto la del <strong>Levante UD<\/strong>, presumiendo del proyecto que abandera en <strong>La Cartuja<\/strong> y analizando los pormenores de su labor. Hubo durante la entrevista, pese a su correcci\u00f3n habitual, <strong>comparaciones odiosas<\/strong> con la situaci\u00f3n actual del <strong>Valencia CF<\/strong>, <a href=\"https:\/\/www.estadiodeportivo.com\/futbol\/primera-division\/clasificacion\/\" target=\"_blank\" class=\"intext-link\" rel=\"nofollow noopener\">en posiciones de descenso en LaLiga<\/a> y a a\u00f1os luz no s\u00f3lo de la zona de burgues\u00eda y nobleza que el cuadro che ocup\u00f3 hasta hace bien poco, sino tambi\u00e9n de su pr\u00f3ximo rival verdiblanco.<\/p>\n<p><img decoding=\"async\" src=\"https:\/\/www.europesays.com\/es\/wp-content\/uploads\/2025\/11\/b2bfb635-2861-487f-a58b-8f15b4e6ee94_800x450.jpeg\" loading=\"lazy\"\/><\/p>\n<p class=\"parrafo\">\u00abEs<strong> clave <\/strong>en el f\u00fatbol de <strong>elite<\/strong>, en un contexto como el del <strong>Betis<\/strong>, trabajar en equipo, que cada uno <strong>entienda<\/strong> y <strong>respete<\/strong> el rol de los dem\u00e1s, como as\u00ed lo hacemos, trabajando d\u00eda a d\u00eda junto a <strong>Manuel Pellegrini<\/strong> a la hora de seleccionar <strong>perfiles<\/strong>, de detectar <strong>defectos<\/strong> en la composici\u00f3n de plantillas en mercados. Obviamente, darle la importancia, darle su sitio y el peso, a la labor que realiza el <strong>CEO<\/strong> en el d\u00eda a d\u00eda, la comisi\u00f3n deportiva con presidente y vicepresidente, o en mi caso como director deportivo y m\u00e1ximo responsable de la parcela deportiva, tener la m\u00e1xima <strong>libertad<\/strong> de trabajar dentro de un proceso de planificaci\u00f3n, de establecer un <strong>m\u00e9todo<\/strong>, que se conf\u00ede en esos m\u00e9todos, y entiendo que es clave que al final cada persona dentro de su rol, <strong>Manuel<\/strong> desde m\u00e1ximo responsable del equipo, de lo que es entrenar, preparar partidos, en mi caso como m\u00e1ximo responsable de la direcci\u00f3n deportiva, o <strong>Ram\u00f3n Alarc\u00f3n<\/strong> en calidad de <strong>CEO<\/strong>, siendo el m\u00e1ximo responsable de temas econ\u00f3micos, pues que trabajemos con libertad, a gusto y sobre todo con m\u00e1ximo respeto los unos a los otros\u00bb, aseveraba <strong>Fajardo<\/strong>, que analiz\u00f3 estas otras cuestiones.<\/p>\n<p>La comunicaci\u00f3n con sus jefes<\/p>\n<p class=\"parrafo\">\u00abHay que tener en cuenta la <strong>viabilidad<\/strong> del proyecto, la <strong>viabilidad<\/strong> del club, que la empresa sea <strong>sostenible<\/strong>. Por lo tanto, tiene que ser una direcci\u00f3n deportiva <strong>din\u00e1mica<\/strong>, moverte casi diariamente para poder llevar a cabo ventas de jugadores que propicien <strong>plusval\u00eda<\/strong> para la entidad, que permita seguir <strong>invirtiendo<\/strong>, pero sobre todo que la entidad sea sostenible, como te dec\u00eda anteriormente. Cuando existe una <strong>comunicaci\u00f3n<\/strong> en directo, pues la relaci\u00f3n entre <strong>Manuel<\/strong> y yo es <strong>espl\u00e9ndida<\/strong>, entre el CEO y yo es <strong>espl\u00e9ndida<\/strong>, nos conocemos los unos a los otros; yo s\u00e9 qu\u00e9 perfil de jugador le gusta a <strong>Manuel<\/strong>, s\u00e9 qu\u00e9 perfil no le puede gustar, s\u00e9 perfectamente cu\u00e1les son las <strong>limitaciones<\/strong> econ\u00f3micas de mi entidad, conozco todos los <strong>entresijos<\/strong> financieros del club, porque no hay ning\u00fan tipo de <strong>secreto<\/strong>, y bueno, pues tratar de <strong>equilibrar<\/strong> la plantilla con jugadores de <strong>jerarqu\u00eda<\/strong>, que creo que en un &#8216;<strong>contexto<\/strong> <strong>Betis<\/strong>&#8216;, por la <strong>presi\u00f3n<\/strong> que hay por el tipo de club que es, es totalmente necesario, de j\u00f3venes <strong>activos<\/strong>, que puedan producir y llevar a cabo la <strong>plusval\u00eda<\/strong> que recalcaba anteriormente, de dar tambi\u00e9n paso a la <strong>cantera<\/strong> y trabajamos codo con codo, con una comunicaci\u00f3n muy <strong>fluida<\/strong> diariamente, no s\u00f3lo en mercados de fichajes, pero obviamente el peso en los mercados de fichaje lo llevamos nosotros, en mi caso yo como director deportivo, porque somos los que m\u00e1s conocimientos tenemos del mismo, pero siempre respetando el perfil de jugador que le gusta el entrenador en este caso, y a la <strong>idiosincrasia<\/strong> de la entidad\u00bb.<\/p>\n<p><a class=\"elementos-rel-t2\" href=\"https:\/\/www.estadiodeportivo.com\/futbol\/betis\/manu-fajardo-simil-con-otra-plantilla-historica-que-rozo-gloria-20251016-516670.html\" title=\"Manu Fajardo ve &quot;un s\u00edmil&quot; con otra plantilla hist\u00f3rica que roz\u00f3 la gloria\" rel=\"nofollow noopener\" target=\"_blank\">Manu Fajardo ve \u00abun s\u00edmil\u00bb con otra plantilla hist\u00f3rica que roz\u00f3 la gloria<img decoding=\"async\" src=\"https:\/\/www.europesays.com\/es\/wp-content\/uploads\/2025\/11\/0682a535-b21b-4067-b301-e02b6fc7a980_320x180.jpeg\" alt=\"Manu Fajardo ve &quot;un s\u00edmil&quot; con otra plantilla hist\u00f3rica que roz\u00f3 la gloria\"\/><\/a><a class=\"elementos-rel-t2\" href=\"https:\/\/www.estadiodeportivo.com\/futbol\/betis\/manu-fajardo-recopila-informes-potenciales-fichajes-del-betis-mundial-sub-20251015-516448.html\" title=\"Manu Fajardo estudia informes de potenciales fichajes del Betis en el Mundial sub 20\" rel=\"nofollow noopener\" target=\"_blank\">Manu Fajardo estudia informes de potenciales fichajes del Betis en el Mundial sub 20<img decoding=\"async\" src=\"https:\/\/www.europesays.com\/es\/wp-content\/uploads\/2025\/11\/c1581954-aece-4b4f-937b-8abffd002270_320x180.jpeg\" alt=\"Manu Fajardo estudia informes de potenciales fichajes del Betis en el Mundial sub 20\"\/><\/a><a class=\"elementos-rel-t2\" href=\"https:\/\/www.estadiodeportivo.com\/futbol\/betis\/manu-fajardo-director-deportivo-del-betis-abre-puerta-del-mercado-fichajes-invernal-estamos-capacitados-preparados-20251011-515986.html\" title=\"Manu Fajardo, director deportivo del Betis, abre la puerta del mercado de fichajes invernal: &quot;Estamos capacitados y preparados&quot; \" rel=\"nofollow noopener\" target=\"_blank\">Manu Fajardo, director deportivo del Betis, abre la puerta del mercado de fichajes invernal: \u00abEstamos capacitados y preparados\u00bb <img decoding=\"async\" src=\"https:\/\/www.europesays.com\/es\/wp-content\/uploads\/2025\/11\/775af915-bbd6-405e-8033-c2f58b9d2736_320x180.jpeg\" alt=\"Manu Fajardo, director deportivo del Betis, abre la puerta del mercado de fichajes invernal: &quot;Estamos capacitados y preparados&quot; \"\/><\/a>Oportunidades de mercado<\/p>\n<p class=\"parrafo\">\u00abSi trabajas con <strong>anticipaci\u00f3n<\/strong>, est\u00e1s atento a jugadores que a lo mejor en la actualidad no alcanzan su <strong>prime<\/strong>, que est\u00e1n <strong>devaluados<\/strong> por distintos motivos. Cada <strong>contexto<\/strong> de club es diferente, cada jugador es una persona. <strong>Antony<\/strong> es el claro ejemplo de ello o el propio <strong>Amrabat<\/strong>; est\u00e1s pendiente de una situaci\u00f3n, su club no se termina clasificando para la <strong>Champions League<\/strong>, aparece esa <strong>oportunidad<\/strong> y, como est\u00e1s en el mercado y como has anticipado previamente, la aprovechas y traes a un jugador de esa <strong>jerarqu\u00eda<\/strong> por un precio que entiendo bastante bueno para el <strong>Real Betis<\/strong>. Siempre le digo a mi equipo de trabajo que de nada vale <strong>visualizar<\/strong> much\u00edsimos partidos, de nada vale <strong>viajar<\/strong> mucho si no tenemos un <strong>plan<\/strong>, si no tenemos un m\u00e9todo establecido y, sobre todo, si no tenemos <strong>organizaci\u00f3n<\/strong> y, por lo tanto, <strong>control<\/strong> de la informaci\u00f3n. Al final en el mercado nunca para, \u00bfno? Termina el de verano, estamos ya preparando el de enero, pero no s\u00f3lo el de enero; tambi\u00e9n tienes que estar preparando el mercado de verano, porque hay finalizaciones de contrato, porque prev\u00e9s que hay jugadores que est\u00e1n teniendo un <strong>impacto<\/strong> importante en el mercado y, por lo tanto, son susceptibles de recibir propuestas, porque tienes que <strong>afianzar<\/strong> relaciones con grandes agentes, que son luego los que quiz\u00e1s te pueden abrir determinadas <strong>puertas<\/strong> para hacer operaciones importantes para la <strong>sostenibilidad<\/strong> de la entidad. Tienes que afianzar relaciones con grandes clubes, porque te van a dar la posibilidad tambi\u00e9n de que en alg\u00fan momento poder hacer operaciones del <strong>50%<\/strong>, como hemos hecho en algunos casos con el <strong>Barcelona<\/strong> o recientemente como hicimos con el <strong>Manchester United<\/strong>, que te dan la posibilidad de que <strong>Antony<\/strong> viniese cedido en unas condiciones muy buenas para la entidad, <strong>Natan<\/strong> con el <strong>N\u00e1poles<\/strong>&#8230; Al final, el d\u00eda a d\u00eda tiene que ser muy din\u00e1mico; no dejar de viajar, no dejar de relacionarte con personas influyentes en el mundo del f\u00fatbol, pero siempre desde un <strong>plan<\/strong>, <strong>coordinaci\u00f3n<\/strong> y much\u00edsima <strong>organizaci\u00f3n<\/strong>\u00ab.<\/p>\n<p>Compenetraci\u00f3n con Ram\u00f3n Alarc\u00f3n<\/p>\n<p class=\"parrafo\">\u00abLa relaci\u00f3n entre el <strong>CEO<\/strong> y yo es diaria. Nosotros solemos viajar juntos a llevar a cabo distintas reuniones para preparar los mercados;  la informaci\u00f3n es diaria. Luego, dentro de la comisi\u00f3n deportiva, tambi\u00e9n, y nosotros ya tenemos un poco la cuenta de resultados que nos podemos encontrar en la temporada venidera, qu\u00e9 <strong>plusval\u00edas<\/strong> pueden ser necesarias para ajustar ese <strong>LCPD<\/strong> o qu\u00e9 necesitamos vender para poder seguir invirtiendo. Es s\u00faper importante que compartir la informaci\u00f3n sea <strong>bidireccional<\/strong>, que al final pues yo a los jefes, a la comisi\u00f3n deportiva, les rinda cuentas mensualmente de c\u00f3mo trabaja la direcci\u00f3n deportiva, de d\u00f3nde viaja la direcci\u00f3n deportiva, de qu\u00e9 perfiles en la actualidad son los m\u00e1s importantes para nosotros, de qu\u00e9 cantidad necesitamos en un momento puntual para llevar a cabo una inversi\u00f3n que consideramos <strong>prioritaria<\/strong>; y, de igual forma que yo doy informaci\u00f3n, ellos por supuesto me mantienen informado de todas las cuentas del club\u00bb.<\/p>\n<p><img decoding=\"async\" src=\"https:\/\/www.europesays.com\/es\/wp-content\/uploads\/2025\/11\/89ff0608-4dcf-47b8-9107-b1aac7eca705_800x450.jpeg\" loading=\"lazy\"\/>Haro y Catal\u00e1n<\/p>\n<p class=\"parrafo\">\u00abTambi\u00e9n hay que poner en valor el trabajo del consejo de administraci\u00f3n, en este caso, que te permite y posibilita que hasta el \u00faltimo c\u00e9ntimo se ponga en el terreno de juego y eso tambi\u00e9n a nosotros como direcci\u00f3n deportiva nos beneficia mucho nuestra labor, pero creo que es importante encontrar el equilibrio, que el club, como te he dicho en varias ocasiones, sea <strong>sostenible<\/strong> a nivel econ\u00f3mico, pero que tambi\u00e9n tenga plantillas <strong>competitivas<\/strong> para poder afrontar con todas las garant\u00edas las tres competiciones que venimos disputando habitualmente. La verdad es que estamos contentos con el presente, tambi\u00e9n con el devenir de la entidad a medio plazo, con el trabajo que se viene haciendo en cantera y, bueno, tambi\u00e9n hay j\u00f3venes activos como ahora mismo <strong>Natan<\/strong> o <strong>Valent\u00edn G\ufffd\ufffdmez<\/strong>, <strong>Altimira<\/strong>, el propio <strong>Abde<\/strong>, que consideramos y confiamos en que su valor va a seguir creciendo y, al final, el objetivo de todo esto es que la entidad, que es la que est\u00e1 por encima de todos nosotros, siga saliendo beneficiada\u00bb.<\/p>\n<p>Cantera y plusval\u00edas<\/p>\n<p class=\"parrafo\">\u00abM\u00e1s all\u00e1 de las operaciones de <strong>Valent\u00edn<\/strong> o de <strong>Nobel<\/strong>, en este caso, el valor realmente de la cantera es que en primer equipo se est\u00e1n <strong>asentando<\/strong> jugadores que vienen con nosotros desde la etapa benjam\u00edn o infantil: <strong>Pablo<\/strong> <strong>Garc\u00eda<\/strong>, <strong>Iv\u00e1n<\/strong> <strong>Corralejo <\/strong>(que debut\u00f3 recientemente), <strong>\u00c1ngel Ortiz<\/strong>&#8230; Hemos generado tambi\u00e9n mucha <strong>plusval\u00eda<\/strong> con los nuestros, recientemente las ventas de <strong>Assane Diao<\/strong>, <strong>Jes\u00fas Rodr\u00edguez<\/strong>, <strong>Ra\u00fal Garc\u00eda de Haro<\/strong>&#8230; Creo que es <strong>obligaci\u00f3n<\/strong> en este caso nuestra, o en mi caso como director deportivo, que se vea <strong>reflejado<\/strong> el trabajo de cantera asentando jugadores en primer equipo. En la actualidad est\u00e1 <strong>\u00c1ngel<\/strong> con nosotros, est\u00e1 <strong>Pablo<\/strong>, y tenemos que seguir en esa l\u00ednea, que todos los a\u00f1os m\u00ednimo <strong>2-3 jugadores<\/strong> de la cantera del <strong>Betis<\/strong> est\u00e9n asentados en primer equipo\u00bb.<\/p>\n<p>La complicidad entre Abde y Pellegrini<\/p>\n<p class=\"parrafo\">\u00ab<a href=\"https:\/\/www.estadiodeportivo.com\/futbol\/betis\/abde-revela-por-que-quedo-betis-pellegrini-responde-directo-20251105-519171.html\" target=\"_blank\" class=\"intext-link\" rel=\"nofollow noopener\">Para llegar a esto<\/a>, para ver lo que vemos en el c\u00e9sped cada fin de semana del <strong>Betis<\/strong> y esta <strong>conexi\u00f3n<\/strong> entrenador-vestuario-vestuario-entrenador, tambi\u00e9n debe haber un trabajo detr\u00e1s. Creo que es algo que nos <strong>imponemos<\/strong>. Aqu\u00ed, todos somos una <strong>familia<\/strong>. El <strong>ambiente<\/strong> que se respira en el d\u00eda a d\u00eda del primer equipo es <strong>maravilloso<\/strong>. Es <strong>ejemplar<\/strong>. La relaci\u00f3n que hay entre todos nosotros es de m\u00e1ximo <strong>respeto<\/strong>. Ah\u00ed est\u00e1 en el rendimiento individual de <strong>Ez Abde<\/strong>, que es <strong>top<\/strong>. Un gran chaval, una gran persona. El propio <strong>Antony<\/strong> o <strong>Pablo Fornals<\/strong>, <a href=\"https:\/\/www.estadiodeportivo.com\/futbol\/betis\/premio-merecido-para-fornals-convocado-con-seleccion-espanola-20251107-519417.html\" target=\"_blank\" class=\"intext-link\" rel=\"nofollow noopener\">que hoy ha sido convocado por la selecci\u00f3n espa\u00f1ola<\/a>. En un segundo plano est\u00e1n los <strong>Rodrigo Riquelme<\/strong>, que trabaja todos los d\u00edas con much\u00edsima <strong>honradez<\/strong> y <strong>profesionalidad<\/strong>; <strong>\u00c1ngel Ortiz<\/strong>; <strong>Adri\u00e1n San Miguel<\/strong>; el a\u00f1o pasado H<strong>\u00e9ctor Beller\u00edn<\/strong>, que sin estar en su mejor momento en lo deportivo fue jugador y pieza clave&#8230; En lo personal, <strong>arropar<\/strong> a los compa\u00f1eros, insistir en el d\u00eda a d\u00eda y hacerles ver que ten\u00edan que <strong>creer<\/strong>, porque <strong>lo mejor estaba por llegar<\/strong>, y creo que el \u00e9xito del <strong>Betis<\/strong> es eso. Hemos logrado juntar jugadores de gran <strong>jerarqu\u00eda<\/strong>, como <strong>Isco<\/strong>, <strong>Lo Celso<\/strong>, <strong>Antony <\/strong>o <strong>Amrabat<\/strong>, con jugadores canteranos que se asientan en primer equipo, y todos van a una. Todos somos una familia. <strong>Disfrutamos y sufrimos juntos<\/strong>, nos miramos todos los d\u00edas a la cara y, al final, creo que eso es lo m\u00e1s bonito que puede existir en un club de f\u00fatbol, porque, por encima de todo, siempre est\u00e1n las personas\u00bb.<\/p>\n<p>El momento verdiblanco antes de ir a Mestalla<\/p>\n<p class=\"parrafo\">\u00ab<strong>El Betis llega en un muy buen momento<\/strong>. Creo que <strong>es importante que los equipos se acostumbren a ganar y ganar<\/strong>, porque, al final, esa <strong>sensaci\u00f3n<\/strong> y esa <strong>din\u00e1mica<\/strong> te permiten afrontar los partidos con mayor <strong>garant\u00eda<\/strong>, con mayor <strong>optimismo<\/strong>. Honestamente y humildemente, creo que <strong>todav\u00eda no hemos alcanzado nuestro prime en la presente temporada<\/strong>. Creo que hay muchos jugadores que todav\u00eda est\u00e1n por dar un paso al frente, por dar a\u00fan m\u00e1s. Hablaba esta ma\u00f1ana y bromeaba con <strong>Abde <\/strong>de que entiendo que su prime todav\u00eda no ha llegado, que \u00e9l es un jugador que por <strong>actitud<\/strong> puede dar mucho m\u00e1s. <strong>Antony<\/strong> tambi\u00e9n puede dar mucho m\u00e1s. Esperamos con los brazos abiertos y deseosos de que nuestro capit\u00e1n <strong>Isco<\/strong> est\u00e9 ya con nosotros. <strong>Marc Roca<\/strong> estoy convencido de que todav\u00eda tiene que dar mucho m\u00e1s. <strong>Sergi<\/strong> <strong>Altimira<\/strong>, en cuanto vaya teniendo continuidad, tambi\u00e9n. Entonces, lo afrontamos con much\u00edsima <strong>positividad<\/strong>, pero siendo tambi\u00e9n todos conscientes de que quiz\u00e1s en nuestro prime a\u00fan no ha llegado\u00bb.<\/p>\n<p>\u00abNo veo al Valencia pasando apuros para permanecer en Primera\u00bb<\/p>\n<p class=\"parrafo\">\u00abSiento el m\u00e1ximo respeto a los profesionales que a d\u00eda de hoy est\u00e1n trabajando en la entidad, porque estoy <strong>convencido<\/strong> de que intentan dar todo lo que depende de ellos por llevar a una entidad como el <strong>Valencia CF<\/strong> a lo m\u00e1s alto posible. Y la verdad es que, desde la distancia, es una entidad que respeto mucho. Una ciudad a la cual estoy muy <strong>agradecido<\/strong> y en la que disfrut\u00e9 much\u00edsimo del f\u00fatbol. Tengo grandes amigos en <strong>Valencia<\/strong> que defendieron esa camiseta. Tambi\u00e9n con much\u00edsima <strong>cautela<\/strong>, dese\u00e1ndoles lo mejor a todos ellos a partir del domingo. Oojal\u00e1 vuelvan a disfrutar de tardes de <strong>gloria<\/strong> como vivieron en su etapa pasada, porque creo que, por masa social, por ciudad, por afici\u00f3n y por historia, <strong>lo merecen<\/strong>. Pero, sobre todo, insisto, con much\u00edsima <strong>delicadeza<\/strong>, porque las din\u00e1micas negativas son jodidas y se caen dentro. Hay grandes profesionales y grandes personas que estar\u00e1n sufriendo con la actualidad\u00bb.<\/p>\n<p class=\"parrafo\">\u00abEs cierto que quiz\u00e1s me falta much\u00edsima <strong>informaci\u00f3n<\/strong> para poder entender qu\u00e9 es lo que puede estar pasando no s\u00f3lo en el <strong>Valencia<\/strong>, sino en otras entidades y como, por lo tanto, no tengo esa informaci\u00f3n objetiva para dar una valoraci\u00f3n y s\u00ed me obligo al d\u00eda a d\u00eda&#8230; Como te dec\u00eda antes, cuando hablamos del vestuario, las personas creo que son lo realmente importante; hay que darle el <strong>valor<\/strong> <strong>humano<\/strong> a todos ellos y ah\u00ed pues no es que no me pueda mojar, pero creo que no ser\u00eda <strong>correcto<\/strong> por mi parte entrar a valorar lo que ocurre en otras entidades\u00bb.<\/p>\n<p class=\"parrafo\">\u00abNo, conf\u00edo&#8230; No, no, creo que el <strong>Valencia<\/strong> sacar\u00e1 resultados adelante. <strong>Carlos Corber\u00e1n<\/strong> ya cuando lleg\u00f3 la temporada pasada fue capaz de imprimir su <strong>sello<\/strong>, de ser un equipo tambi\u00e9n <strong>reconocible<\/strong> en el aspecto f\u00edsico, un equipo con mucho <strong>\u00edmpetu<\/strong>, <strong>correoso<\/strong>, <strong>din\u00e1mico<\/strong>; tiene buenos chicos, gente con hambre, buen talento individual. Nnecesitan <strong>confianza<\/strong>, necesitan sacar resultados positivos, que todos juntos disfruten, tanto afici\u00f3n como jugadores, como todos los trabajadores que est\u00e1n ah\u00ed, pero <strong>no veo al Valencia pasando apuros para permanecer en Primera<\/strong>\u00ab.<\/p>\n<p><img decoding=\"async\" src=\"https:\/\/www.europesays.com\/es\/wp-content\/uploads\/2025\/11\/88420ddf-4c97-4531-9852-417db8676d79_800x450.jpeg\" loading=\"lazy\"\/>El Levante, que le \u00abdio much\u00edsimo\u00bb, est\u00e1 \u00absembrando una buena base\u00bb<\/p>\n<p class=\"parrafo\">\u00abGuardo un <strong>cari\u00f1o<\/strong> tremendo a los trabajadores que en la actualidad est\u00e1n en el <strong>Levante<\/strong>, a los que salieron recientemente. Es un club que me dio much\u00edsimo, la posibilidad de trabajar en la elite, en <strong>Primera<\/strong> <strong>divisi\u00f3n<\/strong>. <strong>La considero mi casa<\/strong>. Creo que est\u00e1n <strong>sembrando<\/strong> una buena base, muy s\u00f3lida en lo deportivo. Sincera y honestamente, veo una plantilla que entiende perfectamente la idea de su entrenador, <strong>equilibrada<\/strong>, con jugadores muy <strong>verticales<\/strong>, con mucho <strong>ritmo<\/strong>, con mucha <strong>hambre <\/strong>de tres cuartos para adelante. Creo que tampoco van a pasar problemas, que van a lograr la permanencia y yo, desde <strong>Sevilla<\/strong>, estar\u00e9 feliz, porque les deseo todo lo mejor, porque los quiero mucho y los tengo en mi <strong>coraz\u00f3n<\/strong>\u00ab.<\/p>\n","protected":false},"excerpt":{"rendered":"\u00abEstoy muy satisfecho por la labor que se est\u00e1 llevando a cabo, por el vestuario que hemos formado,&hellip;\n","protected":false},"author":2,"featured_media":224261,"comment_status":"","ping_status":"","sticky":false,"template":"","format":"standard","meta":{"footnotes":""},"categories":[268],"tags":[168,25,24,284,280,282,11415,43965,286,281,23,167,5419],"class_list":{"0":"post-224260","1":"post","2":"type-post","3":"status-publish","4":"format-standard","5":"has-post-thumbnail","7":"category-futbol","8":"tag-deportes","9":"tag-es","10":"tag-espana","11":"tag-estadio-deportivo","12":"tag-football","13":"tag-futbol","14":"tag-levante-ud","15":"tag-manu-fajardo","16":"tag-real-betis-balompie","17":"tag-soccer","18":"tag-spain","19":"tag-sports","20":"tag-valencia-cf"},"share_on_mastodon":{"url":"https:\/\/pubeurope.com\/@es\/115511337362592147","error":""},"_links":{"self":[{"href":"https:\/\/www.europesays.com\/es\/wp-json\/wp\/v2\/posts\/224260","targetHints":{"allow":["GET"]}}],"collection":[{"href":"https:\/\/www.europesays.com\/es\/wp-json\/wp\/v2\/posts"}],"about":[{"href":"https:\/\/www.europesays.com\/es\/wp-json\/wp\/v2\/types\/post"}],"author":[{"embeddable":true,"href":"https:\/\/www.europesays.com\/es\/wp-json\/wp\/v2\/users\/2"}],"replies":[{"embeddable":true,"href":"https:\/\/www.europesays.com\/es\/wp-json\/wp\/v2\/comments?post=224260"}],"version-history":[{"count":0,"href":"https:\/\/www.europesays.com\/es\/wp-json\/wp\/v2\/posts\/224260\/revisions"}],"wp:featuredmedia":[{"embeddable":true,"href":"https:\/\/www.europesays.com\/es\/wp-json\/wp\/v2\/media\/224261"}],"wp:attachment":[{"href":"https:\/\/www.europesays.com\/es\/wp-json\/wp\/v2\/media?parent=224260"}],"wp:term":[{"taxonomy":"category","embeddable":true,"href":"https:\/\/www.europesays.com\/es\/wp-json\/wp\/v2\/categories?post=224260"},{"taxonomy":"post_tag","embeddable":true,"href":"https:\/\/www.europesays.com\/es\/wp-json\/wp\/v2\/tags?post=224260"}],"curies":[{"name":"wp","href":"https:\/\/api.w.org\/{rel}","templated":true}]}}