{"id":224264,"date":"2025-11-08T00:52:11","date_gmt":"2025-11-08T00:52:11","guid":{"rendered":"https:\/\/www.europesays.com\/es\/224264\/"},"modified":"2025-11-08T00:52:11","modified_gmt":"2025-11-08T00:52:11","slug":"una-casa-moderna-en-un-edificio-veneciano-del-siglo-xv-si-y-es-el-hogar-del-disenador-luca-nichetto-queria-la-eames-lounge-chair-en-casa-pero-no-encajaba-me-rendi","status":"publish","type":"post","link":"https:\/\/www.europesays.com\/es\/224264\/","title":{"rendered":"\u00bfUna casa moderna en un edificio veneciano del siglo XV? S\u00ed, y es el hogar del dise\u00f1ador Luca Nichetto: \u201cQuer\u00eda la \u2018Eames lounge chair&#8217; en casa, pero no encajaba, me rend\u00ed\u201d"},"content":{"rendered":"<p><strong>Un edificio centenario con alma contempor\u00e1nea: la casa moderna y taller del dise\u00f1ador Luca Nichetto en Venecia<\/strong><\/p>\n<p>En el barrio de Canareggio, a pesar de estar a un tiro de piedra de atracciones tur\u00edsticas inundadas por los turistas, existe, y sobrevive, una <a href=\"https:\/\/www.revistaad.es\/lugares\/articulos\/viajes-arte-venecia\" rel=\"nofollow noopener\" target=\"_blank\">Venecia<\/a> distinta, anclada en ra\u00edces m\u00e1s populares y genuinas, que se declinan en comercios desaparecidos en otros lugares: la ferreter\u00eda, la panader\u00eda, la tienda de pasta fresca. Es aqu\u00ed donde, <strong>en un edificio de finales del siglo XV, Luca Nichetto, el primer director creativo externo en la historia de <a data-offer-url=\"https:\/\/www.barovier.com\/en\" class=\"external-link\" data-event-click=\"{&quot;element&quot;:&quot;ExternalLink&quot;,&quot;outgoingURL&quot;:&quot;https:\/\/www.barovier.com\/en&quot;}\" href=\"https:\/\/www.barovier.com\/en\" rel=\"nofollow noopener\" target=\"_blank\">Barovier&amp;Toso<\/a>, referencia en la realizaci\u00f3n de piezas de dise\u00f1o con cristal de murano, decidi\u00f3 encontrar un lugar que pudiera ser a la vez una casa moderna y un peque\u00f1o centro creativo para dise\u00f1adores<\/strong>, colegas y amigos; una encrucijada cultural nacida de la nueva relevancia art\u00edstica de la ciudad, alimentada por la Bienal, la Semana del Vidrio y varias fundaciones privadas.<\/p>\n<p><img decoding=\"async\" alt=\"Sal\u00f3n moderno con vigas vistas y lmpara de cristal\" loading=\"lazy\" class=\"ResponsiveImageContainer-eNxvmU cfBbTk responsive-image__image\"   src=\"https:\/\/www.europesays.com\/es\/wp-content\/uploads\/2025\/11\/2025_07_14_ADI_CaNichetto_S02_183.jpg\"\/><\/p>\n<p>En el sal\u00f3n, l\u00e1mpara colgante Gio y mesa Sett, de&amp;Tradition y butaca Sela para De La Espada, todo de Luca Nichetto. En frente, sof\u00e1 Womb de Eero Saarinen para Knoll. Sobre la mesa, un jarr\u00f3n Bolloni de Barovier&amp;Toso.<\/p>\n<p>\u00a9 Danilo Scarpati. Estilismo: Elena Mora<strong>Un buen lugar para vivir<\/strong><\/p>\n<p>\u00abEn este barrio todav\u00eda hay venecianos. Y eso me gusta mucho. <strong>Es una zona animada, con un poco de movida, pero no intrusiva: puedes salir a tomar un <a href=\"https:\/\/www.revistaad.es\/especial-navidad\/articulos\/aperitivo-promo-bombay\/17625\" rel=\"nofollow noopener\" target=\"_blank\">aperitivo<\/a> y volver a casa en silencio,<\/strong> llegas f\u00e1cilmente a la estaci\u00f3n, a Murano, donde voy y vengo por trabajo, o al aeropuerto. Se vive bien aqu\u00ed\u00bb. El piso, situado en uno de los primeros edificios de viviendas sociales de Europa -un edificio con tiendas en la planta baja y apartamentos para trabajadores en la superior, no necesit\u00f3 grandes intervenciones. \u00abLa estructura ya estaba bien construida\u00bb, afirma Nichetto.<\/p>\n<p><img decoding=\"async\" alt=\"Pasillo revestido de madera con ba\u00f1o al fondo\" loading=\"lazy\" class=\"ResponsiveImageContainer-eNxvmU cfBbTk responsive-image__image\"   src=\"https:\/\/www.europesays.com\/es\/wp-content\/uploads\/2025\/11\/2025_07_14_ADI_CaNichetto_S01_129.jpg\"\/><\/p>\n<p>Vista de la entrada al cuarto de ba\u00f1o, donde el lavabo y el mueble de debajo son de Palladio Moro.<\/p>\n<p>\u00a9 Danilo Scarpati. Estilismo: Elena Mora<img decoding=\"async\" alt=\"Habitaci\u00f3n con sof cama en tonos grises\" loading=\"lazy\" class=\"ResponsiveImageContainer-eNxvmU cfBbTk responsive-image__image\"   src=\"https:\/\/www.europesays.com\/es\/wp-content\/uploads\/2025\/11\/2025_07_14_ADI_CaNichetto_S01_120.jpg\"\/><\/p>\n<p>Sof\u00e1 Liv para Rolf Benz y l\u00e1mpara de cristal de Murano Fusa para Svenskt Tenn, ambos de Luca Nichetto. En la hornacina, fotos de Max Rommel y kokeshi japonesas vintage.<\/p>\n<p>\u00a9 Danilo Scarpati. Estilismo: Elena Mora<strong>Una soluci\u00f3n testada que funciona<\/strong><\/p>\n<p>\u00abMi objetivo era aligerar la antigua disposici\u00f3n de las paredes, creando dos vol\u00famenes -uno dedicado a la cocina y otro al sal\u00f3n- con funciones precisas: <a href=\"https:\/\/www.revistaad.es\/articulos\/tendencias-decoracion-de-cocinas-ad-100-2025\" rel=\"nofollow noopener\" target=\"_blank\">cocina,<\/a> despensa, almac\u00e9n y zona de conversaci\u00f3n separada del televisor\u00bb. <strong>Aproximadamente 130 metros cuadrados distribuidos en dos niveles separados por un po\u00e9tico tabique con bloques de terracota esmaltada inspirados en las <a href=\"https:\/\/www.revistaad.es\/galerias\/celosias-tendencia-ideas-espectaculares-casas-inspiracion\" rel=\"nofollow noopener\" target=\"_blank\">celos\u00edas<\/a> bizantinas muy extendidas en la arquitectura veneciana y de Oriente Medio:<\/strong> \u00abYa lo hab\u00eda utilizado en mi casa de Estocolmo. No son m\u00e1s que las bloques que se utilizan normalmente para hacer los muros de cerramiento de los jardines o los gallineros&#8230; Pero dividen los rayos del sol de tal manera que crean unas refracciones de luz incre\u00edbles\u00bb.<\/p>\n","protected":false},"excerpt":{"rendered":"Un edificio centenario con alma contempor\u00e1nea: la casa moderna y taller del dise\u00f1ador Luca Nichetto en Venecia En&hellip;\n","protected":false},"author":2,"featured_media":224265,"comment_status":"","ping_status":"","sticky":false,"template":"","format":"standard","meta":{"footnotes":""},"categories":[173],"tags":[229,233,231,230,1530,232,234,146,147,25,24,23],"class_list":{"0":"post-224264","1":"post","2":"type-post","3":"status-publish","4":"format-standard","5":"has-post-thumbnail","7":"category-arte-y-diseno","8":"tag-arte","9":"tag-arte-y-diseno","10":"tag-arts","11":"tag-arts-and-design","12":"tag-casas-ad","13":"tag-design","14":"tag-diseno","15":"tag-entertainment","16":"tag-entretenimiento","17":"tag-es","18":"tag-espana","19":"tag-spain"},"share_on_mastodon":{"url":"https:\/\/pubeurope.com\/@es\/115511344940436236","error":""},"_links":{"self":[{"href":"https:\/\/www.europesays.com\/es\/wp-json\/wp\/v2\/posts\/224264","targetHints":{"allow":["GET"]}}],"collection":[{"href":"https:\/\/www.europesays.com\/es\/wp-json\/wp\/v2\/posts"}],"about":[{"href":"https:\/\/www.europesays.com\/es\/wp-json\/wp\/v2\/types\/post"}],"author":[{"embeddable":true,"href":"https:\/\/www.europesays.com\/es\/wp-json\/wp\/v2\/users\/2"}],"replies":[{"embeddable":true,"href":"https:\/\/www.europesays.com\/es\/wp-json\/wp\/v2\/comments?post=224264"}],"version-history":[{"count":0,"href":"https:\/\/www.europesays.com\/es\/wp-json\/wp\/v2\/posts\/224264\/revisions"}],"wp:featuredmedia":[{"embeddable":true,"href":"https:\/\/www.europesays.com\/es\/wp-json\/wp\/v2\/media\/224265"}],"wp:attachment":[{"href":"https:\/\/www.europesays.com\/es\/wp-json\/wp\/v2\/media?parent=224264"}],"wp:term":[{"taxonomy":"category","embeddable":true,"href":"https:\/\/www.europesays.com\/es\/wp-json\/wp\/v2\/categories?post=224264"},{"taxonomy":"post_tag","embeddable":true,"href":"https:\/\/www.europesays.com\/es\/wp-json\/wp\/v2\/tags?post=224264"}],"curies":[{"name":"wp","href":"https:\/\/api.w.org\/{rel}","templated":true}]}}