{"id":224276,"date":"2025-11-08T00:59:09","date_gmt":"2025-11-08T00:59:09","guid":{"rendered":"https:\/\/www.europesays.com\/es\/224276\/"},"modified":"2025-11-08T00:59:09","modified_gmt":"2025-11-08T00:59:09","slug":"tercera-oportunidad-de-su-amor","status":"publish","type":"post","link":"https:\/\/www.europesays.com\/es\/224276\/","title":{"rendered":"\u00bftercera oportunidad de su amor?"},"content":{"rendered":"<p id=\"eZ-sV90-bc\" data-wc=\"116\">La historia de amor de<strong>\u00a0Jennifer Lopez y Ben Affleck<\/strong> bien podr\u00eda servir como guion de una pel\u00edcula. Estuvieron juntos entre 2001 y 2004, cuando rompieron su compromiso al no poder superar la presi\u00f3n medi\u00e1tica. Casi dos d\u00e9cadas despu\u00e9s se reencontraron y decidieron darse una segunda oportunidad que acab\u00f3 en boda en 2022. Eran la pareja perfecta de Hollywood y una demostraci\u00f3n de que el amor siempre acaba triunfando, pero poco antes de celebrar su segundo aniversario <a class=\"hm-link ho-link\" href=\"https:\/\/www.hola.com\/actualidad\/20240829715296\/jennifer-lopez-ben-affleck-divorcio-motivos\/\" data-mrf-recirculation=\"article-body-link\" rel=\"nofollow noopener\" target=\"_blank\">iniciaron los tr\u00e1mites de divorcio por \u00abdiferencias irreconciliables\u00bb<\/a>. El cuento de hadas no tuvo un final feliz&#8230; \u00bfo s\u00ed? Porque <strong>las \u00faltimas im\u00e1genes de los artistas invitan a pensar en que estamos ante una tercera entrega de su relaci\u00f3n.<\/strong><\/p>\n<p> <img src=\"https:\/\/www.europesays.com\/es\/wp-content\/uploads\/2025\/11\/10fb4bdb5e75-gettyimages-1489075602.jpg\"   width=\"1024\" height=\"682\" loading=\"lazy\" decoding=\"async\" alt=\"Media Image\" fetchpriority=\"auto\" class=\"image ho-image\"\/>\u00a9 Getty Images<\/p>\n<p id=\"eky-fgaUL2d\" class=\"\" data-wc=\"99\">Una vez firmado su divorcio, la comunicaci\u00f3n entre JLo y Ben continu\u00f3 porque segu\u00edan unidos por una propiedad:<a class=\"hm-link ho-link\" href=\"https:\/\/www.hola.com\/decoracion\/20240702702569\/jennifer-lopez-ben-affleck-mansion-beverly-hills\/\" data-mrf-recirculation=\"article-body-link\" rel=\"nofollow noopener\" target=\"_blank\">\u00a0la impresionante mansi\u00f3n de Beverly Hills<\/a> que compraron durante su relaci\u00f3n. La pusieron a la venta, pero tiempo despu\u00e9s la retiraron del mercado hasta que haya una situaci\u00f3n m\u00e1s favorable para este tipo de transacciones. Precisamente en las inmediaciones de la vivienda han sido captados en unas fotos que han dado mucho que hablar. Y es que l<strong>a cercan\u00eda entre ambos ha hecho que empiecen a circular los rumores sobre una nueva reconciliaci\u00f3n, noticia que ha emocionado a todos sus fans.<\/strong><\/p>\n<p id=\"eurl_gxoot\" data-wc=\"119\">La prensa americana ha captado a la expareja en la puerta de la casa, de la que salen acompa\u00f1ados de una tercera persona, protagonizando una despedida muy cari\u00f1osa. <strong>Ambos se abrazan y se dan un beso<\/strong>, aunque no se ve con claridad si es en la boca o en la mejilla porque la mujer que iba con ellos se coloca en una posici\u00f3n estrat\u00e9gica, justo delante de ellos para evitar que los fotograf\u00eden en este momento \u00edntimo. \u00ab\u00bfCu\u00e1ndo es la boda?\u00bb, le preguntan a la int\u00e9rprete de El anillo y Let\u00b4s get loud, que camina a su coche de alta gama sin hacer declaraciones y vestida con pantal\u00f3n beige, jersey negro de cuello alto y unas alt\u00edsimas sandalias negras.<\/p>\n<p> <img src=\"https:\/\/www.europesays.com\/es\/wp-content\/uploads\/2025\/11\/26688ed9a71d-gettyimages-1498113530.jpg\"   width=\"1024\" height=\"682\" loading=\"lazy\" decoding=\"async\" alt=\"Media Image\" fetchpriority=\"auto\" class=\"image ho-image\"\/>\u00a9 Getty Images<br \/>\nLas pistas de su acercamiento que hab\u00edan pasado desapercibidas<\/p>\n<p id=\"eiH4mamD2Y0\" data-wc=\"126\">No es la primera muestra de la buena sinton\u00eda que tienen. Hace solo unos d\u00edas posaron juntos en la\u00a0premiere de El beso de la mujer ara\u00f1a, pel\u00edcula que se grab\u00f3 cuando formalizaron su separaci\u00f3n y en la que ambos participan: ella como protagonista y \u00e9l como productor ejecutivo. En la promoci\u00f3n del largometraje, las declaraciones de ambos ya dejaban claro que siguen siendo importantes el uno para el otro. \u00abSi no fuera por Ben, la pel\u00edcula no se habr\u00eda hecho, y siempre le dar\u00e9 ese cr\u00e9dito\u00bb, cont\u00f3 la Diva del Bronx, a\u00f1adiendo adem\u00e1s que este trabajo le ayud\u00f3 \u00aba superar un momento dif\u00edcil en mi vida personal\u00bb. Por su parte, <strong>el actor mand\u00f3 un mensaje a su exmujer que lo dice todo: \u00abJennifer: eres incre\u00edble\u00bb.<\/strong><\/p>\n<p> <img src=\"https:\/\/www.europesays.com\/es\/wp-content\/uploads\/2025\/11\/a5901dde11f6-gettyimages-2239242515.jpg\"   width=\"1024\" height=\"701\" loading=\"lazy\" decoding=\"async\" alt=\"Media Image\" fetchpriority=\"auto\" class=\"image ho-image\"\/>\u00a9 Getty Images<\/p>\n<p id=\"eKeJrOlzwS\" data-wc=\"118\">Este mismo mes, <a class=\"hm-link ho-link\" href=\"https:\/\/www.hola.com\/actualidad\/20251017862122\/jennifer-lopez-declaraciones-ex-nunca-ha-sido-amada\/\" data-mrf-recirculation=\"article-body-link\" rel=\"nofollow noopener\" target=\"_blank\">JLo tambi\u00e9n hablaba de su vida sentimental<\/a>. \u00abMis ex<strong>\u00a0me dieron todo lo que ten\u00edan. Me lo dieron todo, siempre. Todo lo que podr\u00eda desear: las casas, los anillos, el matrimonio&#8230; todo<\/strong>. Pero&#8230; <strong>no me amaba a m\u00ed misma<\/strong>\u00ab, comentaba, explicando de esta manera por qu\u00e9 sus relaciones no han salido bien. Es quiz\u00e1 en su reflexi\u00f3n donde encontramos la clave de todo. Porque no se valoraba lo suficiente a s\u00ed misma, pero ahora s\u00ed lo hace. Su separaci\u00f3n de Ben Affleck fue un proceso cat\u00e1rtico en el que se reconcili\u00f3 consigo misma. Solo el tiempo dir\u00e1 si esa nueva Jennifer ha apostado tambi\u00e9n por volver con el que considera el amor de su vida.<\/p>\n","protected":false},"excerpt":{"rendered":"La historia de amor de\u00a0Jennifer Lopez y Ben Affleck bien podr\u00eda servir como guion de una pel\u00edcula. Estuvieron&hellip;\n","protected":false},"author":2,"featured_media":224277,"comment_status":"","ping_status":"","sticky":false,"template":"","format":"standard","meta":{"footnotes":""},"categories":[91],"tags":[517,3710,146,147,25,24,427,23],"class_list":{"0":"post-224276","1":"post","2":"type-post","3":"status-publish","4":"format-standard","5":"has-post-thumbnail","7":"category-entretenimiento","8":"tag-actualidad","9":"tag-ben-affleck","10":"tag-entertainment","11":"tag-entretenimiento","12":"tag-es","13":"tag-espana","14":"tag-jennifer-lopez","15":"tag-spain"},"share_on_mastodon":{"url":"https:\/\/pubeurope.com\/@es\/115511372352487031","error":""},"_links":{"self":[{"href":"https:\/\/www.europesays.com\/es\/wp-json\/wp\/v2\/posts\/224276","targetHints":{"allow":["GET"]}}],"collection":[{"href":"https:\/\/www.europesays.com\/es\/wp-json\/wp\/v2\/posts"}],"about":[{"href":"https:\/\/www.europesays.com\/es\/wp-json\/wp\/v2\/types\/post"}],"author":[{"embeddable":true,"href":"https:\/\/www.europesays.com\/es\/wp-json\/wp\/v2\/users\/2"}],"replies":[{"embeddable":true,"href":"https:\/\/www.europesays.com\/es\/wp-json\/wp\/v2\/comments?post=224276"}],"version-history":[{"count":0,"href":"https:\/\/www.europesays.com\/es\/wp-json\/wp\/v2\/posts\/224276\/revisions"}],"wp:featuredmedia":[{"embeddable":true,"href":"https:\/\/www.europesays.com\/es\/wp-json\/wp\/v2\/media\/224277"}],"wp:attachment":[{"href":"https:\/\/www.europesays.com\/es\/wp-json\/wp\/v2\/media?parent=224276"}],"wp:term":[{"taxonomy":"category","embeddable":true,"href":"https:\/\/www.europesays.com\/es\/wp-json\/wp\/v2\/categories?post=224276"},{"taxonomy":"post_tag","embeddable":true,"href":"https:\/\/www.europesays.com\/es\/wp-json\/wp\/v2\/tags?post=224276"}],"curies":[{"name":"wp","href":"https:\/\/api.w.org\/{rel}","templated":true}]}}