{"id":224279,"date":"2025-11-08T01:02:09","date_gmt":"2025-11-08T01:02:09","guid":{"rendered":"https:\/\/www.europesays.com\/es\/224279\/"},"modified":"2025-11-08T01:02:09","modified_gmt":"2025-11-08T01:02:09","slug":"israel-recibio-el-cuerpo-de-un-rehen-entregado-por-hamas-a-la-cruz-roja-en-gaza","status":"publish","type":"post","link":"https:\/\/www.europesays.com\/es\/224279\/","title":{"rendered":"Israel recibi\u00f3 el cuerpo de un reh\u00e9n entregado por Ham\u00e1s a la Cruz Roja en Gaza"},"content":{"rendered":"<p>    <img src=\"https:\/\/www.europesays.com\/es\/wp-content\/uploads\/2025\/11\/2025-11-07T193A473A02Z-90299341.jpg\" width=\"1024\" height=\"682\" alt=\"\" loading=\"eager\" decoding=\"sync\" fetchpriority=\"high\"\/><\/p>\n<p>            afp_tickers        <\/p>\n<p>        Este contenido fue publicado en    <\/p>\n<p>        07 noviembre 2025 &#8211; 22:36\n<\/p>\n<p>Israel recibi\u00f3 este viernes los restos de un reh\u00e9n que fueron entregados por Ham\u00e1s a la Cruz Roja en la Franja de Gaza como parte de las condiciones del cese el fuego, inform\u00f3 la oficina del primer ministro israel\u00ed.<\/p>\n<p>El ata\u00fad con los restos de un reh\u00e9n que estaba en manos de Ham\u00e1s y de otras milicias aliadas fue entregado por la Cruz Roja al ej\u00e9rcito israel\u00ed y al servicio de seguridad interior Shin Bet.\u00a0<\/p>\n<p>El cuerpo ser\u00e1 trasladado a Israel para su identificaci\u00f3n por el Instituto M\u00e9dico Legal en Tel Aviv, agreg\u00f3 el comunicado del despacho del primer ministro, Benjamin Netanyahu.\u00a0<\/p>\n<p>El brazo armado del movimiento islamista palestino Ham\u00e1s inform\u00f3 m\u00e1s temprano que entregar\u00eda los restos de otro reh\u00e9n que fueron localizados este viernes en la localidad de Jan Yunis, en el sur de la Franja de Gaza. \u00a0<\/p>\n<p>Al inicio de la tregua, que entr\u00f3 en vigor el 10 de octubre, Ham\u00e1s ten\u00eda 48 rehenes en Gaza, 20 vivos y 28 personas muertas.\u00a0<\/p>\n<p>El movimiento palestino liber\u00f3 a todos los rehenes que segu\u00edan con vida y los restos entregados este viernes pertenecen a uno de los seis secuestrados fallecidos que segu\u00edan en sus manos.\u00a0<\/p>\n<p>Israel acusa a Ham\u00e1s de retrasar la entrega de los cuerpos, pero el grupo palestino afirma que el proceso ha sido lento porque muchos est\u00e1n enterrados entre los escombros en Gaza.\u00a0<\/p>\n<p>Ham\u00e1s ha reiterado a los mediadores y a la Cruz Roja que le proporcionen el equipamiento necesario y el personal para encontrar los cuerpos.<\/p>\n<p>bur-my-acc\/dcp\/an\/sag<\/p>\n","protected":false},"excerpt":{"rendered":"afp_tickers Este contenido fue publicado en 07 noviembre 2025 &#8211; 22:36 Israel recibi\u00f3 este viernes los restos de&hellip;\n","protected":false},"author":2,"featured_media":224280,"comment_status":"","ping_status":"","sticky":false,"template":"","format":"standard","meta":{"footnotes":""},"categories":[42],"tags":[635,17,18,636,11892,13,14,11,61,62,63,64,49513,19,20,7657,9,10,15,16,90,12,21,22,65,66,67],"class_list":{"0":"post-224279","1":"post","2":"type-post","3":"status-publish","4":"format-standard","5":"has-post-thumbnail","7":"category-internacional","8":"tag-armed-conflict","9":"tag-breaking-news","10":"tag-breakingnews","11":"tag-conflict","12":"tag-crime","13":"tag-featured-news","14":"tag-featurednews","15":"tag-headlines","16":"tag-internacional","17":"tag-international","18":"tag-international-news","19":"tag-internationalnews","20":"tag-kidnapping","21":"tag-latest-news","22":"tag-latestnews","23":"tag-law-and-order","24":"tag-news","25":"tag-noticias","26":"tag-noticias-destacadas","27":"tag-noticiasdestacadas","28":"tag-ticker","29":"tag-titulares","30":"tag-ultimas-noticias","31":"tag-ultimasnoticias","32":"tag-world","33":"tag-world-news","34":"tag-worldnews"},"share_on_mastodon":{"url":"https:\/\/pubeurope.com\/@es\/115511384640060349","error":""},"_links":{"self":[{"href":"https:\/\/www.europesays.com\/es\/wp-json\/wp\/v2\/posts\/224279","targetHints":{"allow":["GET"]}}],"collection":[{"href":"https:\/\/www.europesays.com\/es\/wp-json\/wp\/v2\/posts"}],"about":[{"href":"https:\/\/www.europesays.com\/es\/wp-json\/wp\/v2\/types\/post"}],"author":[{"embeddable":true,"href":"https:\/\/www.europesays.com\/es\/wp-json\/wp\/v2\/users\/2"}],"replies":[{"embeddable":true,"href":"https:\/\/www.europesays.com\/es\/wp-json\/wp\/v2\/comments?post=224279"}],"version-history":[{"count":0,"href":"https:\/\/www.europesays.com\/es\/wp-json\/wp\/v2\/posts\/224279\/revisions"}],"wp:featuredmedia":[{"embeddable":true,"href":"https:\/\/www.europesays.com\/es\/wp-json\/wp\/v2\/media\/224280"}],"wp:attachment":[{"href":"https:\/\/www.europesays.com\/es\/wp-json\/wp\/v2\/media?parent=224279"}],"wp:term":[{"taxonomy":"category","embeddable":true,"href":"https:\/\/www.europesays.com\/es\/wp-json\/wp\/v2\/categories?post=224279"},{"taxonomy":"post_tag","embeddable":true,"href":"https:\/\/www.europesays.com\/es\/wp-json\/wp\/v2\/tags?post=224279"}],"curies":[{"name":"wp","href":"https:\/\/api.w.org\/{rel}","templated":true}]}}