{"id":224285,"date":"2025-11-08T01:12:18","date_gmt":"2025-11-08T01:12:18","guid":{"rendered":"https:\/\/www.europesays.com\/es\/224285\/"},"modified":"2025-11-08T01:12:18","modified_gmt":"2025-11-08T01:12:18","slug":"rafa-villar-ante-su-partido-mas-especial-en-lleida","status":"publish","type":"post","link":"https:\/\/www.europesays.com\/es\/224285\/","title":{"rendered":"Rafa Villar, ante su partido m\u00e1s especial en Lleida"},"content":{"rendered":"<p>\n        Uno de los principales focos de inter\u00e9s en la visita del Baskonia al Barris Nord de Lleida correspondiente a la sexta jornada de la ACB ser\u00e1, sin lugar a dudas, Rafa Villar. <strong>El base catal\u00e1n, de 21 a\u00f1os, regresa a la cancha que le vio crecer durante las dos \u00faltimas campa\u00f1as y media<\/strong> antes de verse tentado por un club de Euroliga como el afincado en el Buesa Arena.\n<\/p>\n<p class=\"article-body__text \">\n        Todav\u00eda en pleno proceso de adaptaci\u00f3n a una realidad baloncest\u00edstica muy distinta y a un equipo como el vitoriano donde sus minutos est\u00e1n creciendo progresivamente \u2013<strong>sin ir m\u00e1s lejos, ante la Virtus Bolonia ya permaneci\u00f3 m\u00e1s de 14 en pista haciendo un encomiable trabajo<\/strong> ante ese compulsivo anotador llamado Carsen Edwards\u2013, a Rafa Villar le espera con total seguridad este domingo un caluroso recibimiento en tierras catalanas.\n<\/p>\n<p>            <a href=\"https:\/\/www.noticiasdealava.eus\/baskonia\/2025\/11\/07\/baskonia-mejor-momento-temporada-10317524.html\" title=\"&quot;El Baskonia est\u00e1 en el mejor momento de la temporada&quot;\" class=\"new__media\" rel=\"nofollow noopener\" target=\"_blank\"><\/p>\n<p>                <img alt=\"&quot;El Baskonia est\u00e1 en el mejor momento de la temporada&quot;\" data-src=\"https:\/\/www.europesays.com\/es\/wp-content\/uploads\/2025\/11\/3ee01ce0-69b0-4aa8-b7cc-01aec6797d3c_16-9-aspect-ratio_default_0_x3324y1631.jpg\" class=\"lozad\"\/><\/p>\n<p>        <\/a><\/p>\n<p>        <a href=\"https:\/\/www.noticiasdealava.eus\/baskonia\/2025\/11\/07\/baskonia-mejor-momento-temporada-10317524.html\" title=\"&quot;El Baskonia est\u00e1 en el mejor momento de la temporada&quot;\" class=\"new__headline\" rel=\"nofollow noopener\" target=\"_blank\"><br \/>\n            \u00abEl Baskonia est\u00e1 en el mejor momento de la temporada\u00bb<br \/>\n        <\/a><\/p>\n<p class=\"article-body__text \">\n        Cabe recordar que el ahora base baskonista fue una pieza fundamental del ascenso del Lleida a la ACB en la temporada 2023-24. Sus promedios ascendieron a <strong>6,8 puntos, 3,7 rebotes y 3 asistencias en 22 minutos en LEB Oro<\/strong>.\n<\/p>\n<p>  Especialista defensivo <\/p>\n<p class=\"article-body__text \">\n        Entonces ya apuntaba maneras un jugador al que Galbiati est\u00e1 liberando de las labores creativas en el tim\u00f3n de u<strong>n Baskonia que persegu\u00eda en verano la llegada de cupos de cierta utilidad<\/strong> capacitados para alargar la plantilla, sobre todo en las jornadas de la competici\u00f3n dom\u00e9stica.\n<\/p>\n<p class=\"article-body__text \">\n        Dicho objetivo se est\u00e1 cumpliendo con Villar, quien ha participado en doce partidos \u2013siete de Euroliga y cinco de ACB\u2013 <strong>con el ingrato rol de especialista defensivo para tratar de secar a las estrellas exteriores del rival de turno<\/strong>. Y todo ello saliendo a menudo en el cinco titular siempre con la firme obligaci\u00f3n de colocar un elevado list\u00f3n a nivel f\u00edsico.\n<\/p>\n<p class=\"article-photo__footer\">\n            Rafa Villar, junto a Pablo Pin en el banquillo en el partido ante el Dub\u00e1i            Alex Larretxi        <\/p>\n<p class=\"article-body__text \">\n        Convertido en Lleida en un fijo para Gerard Encuentra, el entrenador m\u00e1s joven de la Liga Endesa, su \u00f3ptimo nivel durante el pasado ejercicio empuj\u00f3 definitivamente al Baskonia a apostar por sus servicios <strong>coincidiendo con la apuesta de Xevi Pujol para la c\u00faspide de la secretar\u00eda t\u00e9cnica azulgrana<\/strong>.\n<\/p>\n<p class=\"article-body__text \">\n        <strong>Con sus 5,7 puntos, 2,4 rebotes y 2,9 asistencias en 34 partidos<\/strong>, el mayor de los hermanos Villar se convirti\u00f3 en una pieza indispensable del Hiopos Lleida gracias a su energ\u00eda y su sacrificio defensivo.\n<\/p>\n<p>            <a href=\"https:\/\/www.noticiasdealava.eus\/baskonia\/2025\/11\/06\/1x1-baskonia-bendita-energia-diallo-10314292.html\" title=\"El 1x1 del Baskonia: Un volc\u00e1n llamado Diallo\" class=\"new__media\" rel=\"nofollow noopener\" target=\"_blank\"><\/p>\n<p>                <img alt=\"El 1x1 del Baskonia: Un volc\u00e1n llamado Diallo\" data-src=\"https:\/\/www.europesays.com\/es\/wp-content\/uploads\/2025\/11\/ae1d4784-1751-4b08-b12f-6deb6771d969_16-9-aspect-ratio_default_0.jpg\" class=\"lozad\"\/><\/p>\n<p>        <\/a><\/p>\n<p>        <a href=\"https:\/\/www.noticiasdealava.eus\/baskonia\/2025\/11\/06\/1x1-baskonia-bendita-energia-diallo-10314292.html\" title=\"El 1x1 del Baskonia: Un volc\u00e1n llamado Diallo\" class=\"new__headline\" rel=\"nofollow noopener\" target=\"_blank\"><br \/>\n            El 1&#215;1 del Baskonia: Un volc\u00e1n llamado Diallo<br \/>\n        <\/a><\/p>\n<p class=\"article-body__text \">\n        Formado en las categor\u00edas inferiores del FC Barcelona, Rafa Villar debut\u00f3 con el primer equipo cul\u00e9 en la Liga Endesa antes de erigirse en un primer espada en las filas del Lleida. <strong>En 2024, dio un nuevo paso en su carrera al estrenarse con la selecci\u00f3n espa\u00f1ola absoluta<\/strong>, a\u00f1adiendo ese logro a un destacado palmar\u00e9s en categor\u00edas formativas, donde fue campe\u00f3n de Europa sub-18 y del Mundo sub-19.\n<\/p>\n<p>  Un sue\u00f1o hecho realidad <\/p>\n<p class=\"article-body__text \">\n        De momento, la experiencia en Vitoria est\u00e1 resultando fruct\u00edfera para el catal\u00e1n. \u201cAl final es un cambio muy grande.\u00a0Tienes que adaptarte como todo. <strong>Poder jugar minutos y estar aqu\u00ed en el Baskonia en la Euroliga era el sue\u00f1o. Mi reto personal es sentir que mejoro, que puedo dar un paso adelante y ayudar al equipo en todo lo que pida el entrenador<\/strong>. Y personalmente pues mejorar t\u00e1ctica y t\u00e9cnicamente, el tiro&#8230; En definitiva, estar preparado para los momentos que el equipo me necesite\u201d, ha reconocido esta semana Rafa Villar al podcast Gent del Barris.\n<\/p>\n<p>            <a href=\"https:\/\/www.noticiasdealava.eus\/baskonia\/2025\/11\/06\/simmons-endulza-victoria-prestigio-baskonia-virtus-10314339.html\" title=\"Simmons endulza otra victoria de prestigio ante la Virtus\" class=\"new__media\" rel=\"nofollow noopener\" target=\"_blank\"><\/p>\n<p>                <img alt=\"Simmons endulza otra victoria de prestigio ante la Virtus\" data-src=\"https:\/\/www.europesays.com\/es\/wp-content\/uploads\/2025\/11\/9ad119a5-7747-4536-a6b2-47889f613ca1_16-9-aspect-ratio_default_0_x896y349.jpg\" class=\"lozad\"\/><\/p>\n<p>        <\/a><\/p>\n<p>        <a href=\"https:\/\/www.noticiasdealava.eus\/baskonia\/2025\/11\/06\/simmons-endulza-victoria-prestigio-baskonia-virtus-10314339.html\" title=\"Simmons endulza otra victoria de prestigio ante la Virtus\" class=\"new__headline\" rel=\"nofollow noopener\" target=\"_blank\"><br \/>\n            Simmons endulza otra victoria de prestigio ante la Virtus<br \/>\n        <\/a><\/p>\n<p class=\"article-body__text \">\n        En dicha entrevista, tambi\u00e9n se ha sincerado sobre la buena acogida que ha tenido en el vestuario azulgrana. \u201cComo jugadores ya conoc\u00eda a Howard, Forrest, TLC&#8230; pero como persona me han sorprendido bastante. Pensaba que ser\u00edan estrellas, que vengo a entrenar y ya. <strong>Son unos competidores incre\u00edbles y fuera de la pista tambi\u00e9n intentan ser incre\u00edbles como personas<\/strong>. No me he sentido extra\u00f1o en ning\u00fan momento. Una persona que viene de fuera agradece esta acogida\u201d, puntualiza Villar, quien se deshace en elogios especialmente hacia la figura de Tim Luwawu-Cabarrot.\n<\/p>\n<p class=\"article-body__text \">\n        \u201cDeportivamente es el que m\u00e1s me ha sorprendido. <strong>Est\u00e1 a un nivel incre\u00edble. A la hora de entrenar es un pum, pum, pum&#8230; Quiere que todo sea perfecto, es un competidor incre\u00edble<\/strong> y en los partidos lo est\u00e1 demostrando. Al final, tienes que fijarte en ellos, aprender en el d\u00eda a d\u00eda, con peque\u00f1os detalles y movimientos que te ayuden para mejorar\u201d, reconoce sin tapujos el base del Baskonia.\n<\/p>\n<p>        \u00abPoder jugar minutos y estar aqu\u00ed en el Baskonia en la Euroliga era el sue\u00f1o. Mi reto personal es sentir que mejoro, que puedo dar un paso adelante y ayudar al equipo en todo lo que pida el entrenador\u00bb<\/p>\n<p>  Tres a\u00f1os \u00abincre\u00edbles\u00bb en Lleida <\/p>\n<p class=\"article-body__text \">\n        De Paolo Galbiati elogia que \u201ces muy humano e intenta que seamos una pi\u00f1a fuera de la pista para que se refleje luego dentro de ella\u201d y no tiene reparos en remarcar que \u201c<strong>contamos con bestias en el equipo en el plano f\u00edsico, por lo que para m\u00ed es m\u00e1s f\u00e1cil jugar con ellos<\/strong>\u201d.\n<\/p>\n<p>        \u00abDeportivamente es el que m\u00e1s me ha sorprendido es Luwawu-Cabarrot. Est\u00e1 a un nivel incre\u00edble. A la hora de entrenar es un pum, pum, pum&#8230; Quiere que todo sea perfecto, es un competidor incre\u00edble y en los partidos lo est\u00e1 demostrando\u00bb<\/p>\n<p class=\"article-body__text \">\n        Rafa Villar tambi\u00e9n desvela que en Lleida pas\u00f3 \u201ctres a\u00f1os incre\u00edbles\u201d que <strong>le ayudaron a crecer \u201ccomo jugador y como persona\u201d<\/strong>.\n<\/p>\n<p class=\"article-body__text \">\n        \u00a0Este domingo tendr\u00e1 a buen seguro <strong>el reconocimiento de la bulliciosa afici\u00f3n de uno de los modestos de la ACB<\/strong> que ha arrancado la competici\u00f3n a gran nivel con victorias, entre otros lugares, en el Palau Blaugrana ante el Barcelona.\n<\/p>\n<p>            <a href=\"https:\/\/www.noticiasdealava.eus\/baskonia\/2025\/11\/06\/emotivo-homenaje-polonara-buesa-arena-baskonia-10314362.html\" title=\"Emotivo homenaje a Polonara en el Buesa Arena\" class=\"new__media\" rel=\"nofollow noopener\" target=\"_blank\"><\/p>\n<p>                <img alt=\"Emotivo homenaje a Polonara en el Buesa Arena\" data-src=\"https:\/\/www.europesays.com\/es\/wp-content\/uploads\/2025\/11\/392cc7bd-c385-4e99-a860-78e216c58f1a_16-9-aspect-ratio_default_0.jpg\" class=\"lozad\"\/><\/p>\n<p>        <\/a><\/p>\n<p>        <a href=\"https:\/\/www.noticiasdealava.eus\/baskonia\/2025\/11\/06\/emotivo-homenaje-polonara-buesa-arena-baskonia-10314362.html\" title=\"Emotivo homenaje a Polonara en el Buesa Arena\" class=\"new__headline\" rel=\"nofollow noopener\" target=\"_blank\"><br \/>\n            Emotivo homenaje a Polonara en el Buesa Arena<br \/>\n        <\/a><\/p>\n<p class=\"article-body__text \">\n        \u201cAhora miro hacia atr\u00e1s y reconozco que he aprendido un mont\u00f3n. <strong>Al final, Lleida ser\u00e1 mi casa y estoy muy orgulloso de ello<\/strong>\u201d, sostiene el catal\u00e1n, quien recuerda que \u201cel factor Barris Nord result\u00f3 fundamenal para poder salvarnos y, sobre todo, la gente con su aliento\u201d.\n<\/p>\n<p class=\"article-body__text \">\n        \u201cLos que juegan son los jugadores, pero hay un mont\u00f3n de cosas que ayudan a ganar partidos como el apoyo de los fans\u201d, resalta Villar, quien <strong>apenas tard\u00f3 \u201ccuatro d\u00edas\u201d en aceptar la propuesta baskonista<\/strong> despu\u00e9s de que el proyecto transmitido por Xevi Pujol le convenciera desde un primer momento.<\/p>\n","protected":false},"excerpt":{"rendered":"Uno de los principales focos de inter\u00e9s en la visita del Baskonia al Barris Nord de Lleida correspondiente&hellip;\n","protected":false},"author":2,"featured_media":224286,"comment_status":"","ping_status":"","sticky":false,"template":"","format":"standard","meta":{"footnotes":""},"categories":[269],"tags":[299,298,4714,168,25,24,12608,293,4346,12830,23,167,27666],"class_list":{"0":"post-224285","1":"post","2":"type-post","3":"status-publish","4":"format-standard","5":"has-post-thumbnail","7":"category-baloncesto","8":"tag-baloncesto","9":"tag-basketball","10":"tag-baskonia","11":"tag-deportes","12":"tag-es","13":"tag-espana","14":"tag-especial","15":"tag-jornada","16":"tag-lleida","17":"tag-rafa","18":"tag-spain","19":"tag-sports","20":"tag-villar"},"share_on_mastodon":{"url":"https:\/\/pubeurope.com\/@es\/115511423513796695","error":""},"_links":{"self":[{"href":"https:\/\/www.europesays.com\/es\/wp-json\/wp\/v2\/posts\/224285","targetHints":{"allow":["GET"]}}],"collection":[{"href":"https:\/\/www.europesays.com\/es\/wp-json\/wp\/v2\/posts"}],"about":[{"href":"https:\/\/www.europesays.com\/es\/wp-json\/wp\/v2\/types\/post"}],"author":[{"embeddable":true,"href":"https:\/\/www.europesays.com\/es\/wp-json\/wp\/v2\/users\/2"}],"replies":[{"embeddable":true,"href":"https:\/\/www.europesays.com\/es\/wp-json\/wp\/v2\/comments?post=224285"}],"version-history":[{"count":0,"href":"https:\/\/www.europesays.com\/es\/wp-json\/wp\/v2\/posts\/224285\/revisions"}],"wp:featuredmedia":[{"embeddable":true,"href":"https:\/\/www.europesays.com\/es\/wp-json\/wp\/v2\/media\/224286"}],"wp:attachment":[{"href":"https:\/\/www.europesays.com\/es\/wp-json\/wp\/v2\/media?parent=224285"}],"wp:term":[{"taxonomy":"category","embeddable":true,"href":"https:\/\/www.europesays.com\/es\/wp-json\/wp\/v2\/categories?post=224285"},{"taxonomy":"post_tag","embeddable":true,"href":"https:\/\/www.europesays.com\/es\/wp-json\/wp\/v2\/tags?post=224285"}],"curies":[{"name":"wp","href":"https:\/\/api.w.org\/{rel}","templated":true}]}}