{"id":224287,"date":"2025-11-08T01:13:14","date_gmt":"2025-11-08T01:13:14","guid":{"rendered":"https:\/\/www.europesays.com\/es\/224287\/"},"modified":"2025-11-08T01:13:14","modified_gmt":"2025-11-08T01:13:14","slug":"el-gol-que-marque-en-liga-con-el-alaves-sera-el-mas-especial-por-todo-lo-que-he-pasado","status":"publish","type":"post","link":"https:\/\/www.europesays.com\/es\/224287\/","title":{"rendered":"\u00abEl gol que marque en Liga con el Alav\u00e9s ser\u00e1 el m\u00e1s especial por todo lo que he pasado\u00bb"},"content":{"rendered":"<p>\u00abConstancia\u00bb. \u00c9sa fue la palabra que Mariano D\u00edaz (Premi\u00e0 de Mar, 1993) m\u00e1s veces se repiti\u00f3 durante los 402 largos d\u00edas que estuvo sin  &#8230; equipo. M\u00e1s de 13 meses alejado de la alta competici\u00f3n que se terminaron en agosto cuando fich\u00f3 por el Deportivo Alav\u00e9s. \u00abVolver a sentir el c\u00e9sped fue muy bonito\u00bb, recuerda un delantero \u00abindomable\u00bb, la expresi\u00f3n que acompa\u00f1a al le\u00f3n y al gorila que lleva tatuados en su espalda. Una declaraci\u00f3n de intenciones sobre los hombros de un ex de Real Madrid, Sevilla y Lyon que ha tocado el cielo ganando la Champions y bajado a los infiernos durante su a\u00f1o sin equipo. Un viaje con el gol como compa\u00f1ero el de un &#8216;9&#8217; que nunca deja a nadie indiferente y que trabaja para resurgir de albiazul. <\/p>\n<p class=\"v-p\"><strong>\u2013 Las \u00faltimas cuatro jornadas no se ha vestido de corto y tuvo un problema en el nervio ci\u00e1tico. \u00bfEst\u00e1 ya recuperado?<\/strong><\/p>\n<p class=\"v-p\">\u2013 S\u00ed. Fue una molestia que tuve en el isquio que trabajando con los fisios y haciendo dobles sesiones ha desaparecido. Me encuentro cada vez mejor.<\/p>\n<p class=\"v-p\"><strong>\u2013 Despu\u00e9s de cuatro meses en el Alav\u00e9s, \u00bfcu\u00e1nto le falta para alcanzar su mejor versi\u00f3n?<\/strong><\/p>\n<p class=\"v-p\">\u2013 Estoy en forma, pero siempre intento mejorar. Las molestias que ten\u00eda por el a\u00f1o sin jugar se han eliminado y no me veo penalizado por mi inactividad. Espero entrar cada vez m\u00e1s y dar el m\u00e1ximo para el equipo.<\/p>\n<p><img decoding=\"async\" loading=\"lazy\" src=\"https:\/\/www.europesays.com\/es\/wp-content\/uploads\/2025\/11\/1502724708-kFII--650x455@El Correo.jpg\" class=\"v-a-img\" width=\"650\" height=\"455\" alt=\"\" data-voc-vtm-id=\"in-text-traffic\"\/><\/p>\n<p><img loading=\"lazy\" decoding=\"async\" src=\"https:\/\/www.europesays.com\/es\/wp-content\/uploads\/2025\/11\/1502724708-kFII--1920x1344@El Correo.jpg\" class=\"v-mdl__img-z\" width=\"1920\" height=\"1344\" alt=\"\"\/><\/p>\n<p class=\"v-p\"><strong>\u2013 La sanci\u00f3n de Boy\u00e9 abre un hueco en la delantera de cara a la visita de este s\u00e1bado (14.00 horas) al Girona. \u00bfSe ve en el once en Montilivi?<\/strong><\/p>\n<p class=\"v-p\">\u2013 Estoy trabajando para entrar, si puede ser de titular, y dar el m\u00e1ximo para ayudar al equipo a ganar. La competencia que tenemos los delanteros es muy sana. Todos luchamos por jugar y es el m\u00edster el que decide.<\/p>\n<p class=\"v-p\"><strong>\u2013 Fue titular en la Copa, frente al Getxo, y firm\u00f3 un &#8216;hat-trick&#8217;. No marcaba en un partido oficial desde hac\u00eda tres a\u00f1os&#8230;<\/strong><\/p>\n<p class=\"v-p\">\u2013 Hab\u00eda anotado en amistosos con el Alav\u00e9s \u2013doblete al Castell\u00f3n\u2013 y con la selecci\u00f3n \u2013marc\u00f3 en marzo con la Rep\u00fablica Dominicana frente a Puerto Rico\u2013. La lesi\u00f3n en el Sevilla me impidi\u00f3 disfrutar de muchos minutos. No hab\u00eda tenido tantas oportunidades, pero el gol es algo que no se olvida. Tras el triplete estaba muy feliz y contento. Qu\u00e9 mejor que estrenarme con el Alav\u00e9s con un &#8216;hat-trick&#8217;.<\/p>\n<p class=\"v-p\"><strong>\u2013 No marca en Primera desde el 15 de mayo de 2022 con el Madrid frente al C\u00e1diz. Ha celebrado dianas en Champions, en cl\u00e1sicos pero, \u00bfel pr\u00f3ximo que anote en Liga ser\u00e1 el m\u00e1s especial?<\/strong><\/p>\n<p class=\"v-p\">\u2013 Para m\u00ed, el gol que marque en Primera con el Alav\u00e9s ser\u00e1 el m\u00e1s especial por todo lo que he pasado. Y despu\u00e9s ser\u00e1 el siguiente. Espero que sean muchos. Nunca me he puesto cifras pero me gustar\u00eda marcar los m\u00e1ximos jugando el mayor tiempo posible. <\/p>\n<p>Desembarco en Vitoria<\/p>\n<p class=\"v-p\"><strong>\u2013 El anuncio de su llegada al Alav\u00e9s para entrenar caus\u00f3 enorme revuelo. \u00bfC\u00f3mo se gest\u00f3?<\/strong><\/p>\n<p class=\"v-p\">\u2013 Estuve hablando con Sergio Fern\u00e1ndez y se dio la posibilidad de venir a entrenar. Fue un honor y lo hice encantado para intentar tener la oportunidad de jugar otra vez en Primera. Los primeros d\u00edas, en pretemporada, fueron de menos f\u00fatbol y m\u00e1s correr, pero fue bonito volver a sentirme futbolista y trabajar en grupo. <\/p>\n<p class=\"v-p\"><strong>\u2013 El Alav\u00e9s ya hab\u00eda intentado ficharle cuando estaba en la cantera del Real Madrid&#8230;<\/strong><\/p>\n<p class=\"v-p\">\u2013 S\u00ed, hubo contactos, pero por circunstancias no se dio entonces y ahora s\u00ed que he podido jugar aqu\u00ed.<\/p>\n<p class=\"v-p\"><strong>\u2013 \u00bfEn qu\u00e9 momento pas\u00f3 a estar a prueba y a tener opciones reales de firmar por el Alav\u00e9s?<\/strong><\/p>\n<p class=\"v-p\">\u2013 No es que fuera una prueba. Yo quer\u00eda ponerme en forma al m\u00e1ximo. El Chacho y Sergio hablaron conmigo y quer\u00edan que estuviera en el equipo y trabajando en el d\u00eda a d\u00eda, con las mismas oportunidades que mis compa\u00f1eros. Al final, se dio la posibilidad de fichar y yo acept\u00e9 contento este reto.<\/p>\n<p>\nLlegada a Vitoria\n<\/p>\n<p>\u00abEstaba encantado de entrenar, tener la opci\u00f3n de jugar en Primera y volver a sentirme futbolista\u00bb<\/p>\n<p class=\"v-p\"><strong>\u2013 \u00bfTuvo ofertas de otros equipos durante ese periodo?<\/strong><\/p>\n<p class=\"v-p\">\u2013 S\u00ed, hubo acercamientos de otros clubes, pero no me planteaba firmar por otro equipo. Para nada.<\/p>\n<p class=\"v-p\"><strong>\u2013 \u00bfSiente que el Alav\u00e9s le ha salvado en uno de los peores momentos de su carrera?<\/strong><\/p>\n<p class=\"v-p\">\u2013 Es un club que me ha apoyado en un tiempo en el que llevaba bastante sin equipo. Tambi\u00e9n creo que puedo ayudar mucho y por ello estoy muy contento de haber firmado hasta 2027. Es una oportunidad importante tras haber estado un a\u00f1o parado. Es bonito volver a jugar en Primera.<\/p>\n<p><img decoding=\"async\" loading=\"lazy\" src=\"https:\/\/www.europesays.com\/es\/wp-content\/uploads\/2025\/11\/1502487203-kFII--650x455@El Correo.jpg\" class=\"v-a-img\" width=\"650\" height=\"455\" alt=\"\" data-voc-vtm-id=\"in-text-traffic\"\/><\/p>\n<p><img loading=\"lazy\" decoding=\"async\" src=\"https:\/\/www.europesays.com\/es\/wp-content\/uploads\/2025\/11\/1502487203-kFII--1920x1344@El Correo.jpg\" class=\"v-mdl__img-z\" width=\"1920\" height=\"1344\" alt=\"\"\/><\/p>\n<p class=\"v-p\"><strong>\u2013 \u00bfC\u00f3mo hizo durante su a\u00f1o sin equipo para no desconectar?<\/strong><\/p>\n<p class=\"v-p\">\u2013 Lo \u00fanico que pod\u00eda hacer era entrenar todos los d\u00edas. Buscar la m\u00e1xima similitud a lo que es trabajar con un equipo. Intentar hacer m\u00e1s porque no tienes partidos. Me levantaba temprano, entrenaba f\u00fatbol, cardio o gimnasio y por la tarde hac\u00eda lo que no hab\u00eda hecho por la ma\u00f1ana. Trabajaba con mis preparadores y fisios. El objetivo era estar listo para el equipo que me diera una oportunidad.<\/p>\n<p class=\"v-p\"><strong>\u2013 El trabajo mental que hizo tambi\u00e9n fue importante&#8230;<\/strong><\/p>\n<p class=\"v-p\">\u2013 Por supuesto. Lo que hac\u00eda era trabajar pensando en el siguiente entrenamiento para cuando llegara el mercado tener esa opci\u00f3n de que un club se fijara en m\u00ed. Cuando se abr\u00eda la ventana me pon\u00eda un poquito m\u00e1s nervioso y apretaba m\u00e1s.<\/p>\n<p>\nA\u00f1o sin jugar\n<\/p>\n<p>\u00abLo \u00fanico que pod\u00eda hacer era trabajar y pensar en estar listo para el club que me quisiera fichar\u00bb<\/p>\n<p class=\"v-p\"><strong>\u2013 \u00bfC\u00f3mo vivi\u00f3 el \u00faltimo mercado de invierno?<\/strong><\/p>\n<p class=\"v-p\">\u2013 Fue dif\u00edcil. No s\u00f3lo ese mercado, sino durante todo el a\u00f1o porque yo pod\u00eda firmar por cualquier club en cualquier momento. No miraba una fecha concreta y me enfocaba en estar preparado para el d\u00eda que me llamara un club poder competir desde el inicio.<\/p>\n<p class=\"v-p\"><strong>\u2013 \u00bfPens\u00f3 en retirarse?<\/strong><\/p>\n<p class=\"v-p\">\u2013 No, nunca. Con mi edad no me plante\u00f3 dejar el f\u00fatbol, ni mucho menos. Al contrario, espero que dure. Me siento muy bien y sano. El f\u00fatbol es mi vida desde peque\u00f1o, no s\u00e9 hacer otra cosa que prepararme d\u00eda a d\u00eda para estar enfocado en lo que m\u00e1s me gusta. Me fui de casa muy joven \u2013dej\u00f3 el Badalona y fich\u00f3 por el Real Madrid con 18 a\u00f1os\u2013. Te separas de tu familia y es un cambio brusco, pero vas con un sue\u00f1o de ni\u00f1o que se ha hecho bastante realidad y que todav\u00eda sigo viviendo. Espero que dure y poder seguir agrandando mi carrera.<\/p>\n","protected":false},"excerpt":{"rendered":"\u00abConstancia\u00bb. \u00c9sa fue la palabra que Mariano D\u00edaz (Premi\u00e0 de Mar, 1993) m\u00e1s veces se repiti\u00f3 durante los&hellip;\n","protected":false},"author":2,"featured_media":224288,"comment_status":"","ping_status":"","sticky":false,"template":"","format":"standard","meta":{"footnotes":""},"categories":[268],"tags":[1334,168,25,24,12608,280,282,3689,1044,59360,5101,281,23,167],"class_list":{"0":"post-224287","1":"post","2":"type-post","3":"status-publish","4":"format-standard","5":"has-post-thumbnail","7":"category-futbol","8":"tag-alaves","9":"tag-deportes","10":"tag-es","11":"tag-espana","12":"tag-especial","13":"tag-football","14":"tag-futbol","15":"tag-gol","16":"tag-liga","17":"tag-marque","18":"tag-pasado","19":"tag-soccer","20":"tag-spain","21":"tag-sports"},"share_on_mastodon":{"url":"https:\/\/pubeurope.com\/@es\/115511428034165682","error":""},"_links":{"self":[{"href":"https:\/\/www.europesays.com\/es\/wp-json\/wp\/v2\/posts\/224287","targetHints":{"allow":["GET"]}}],"collection":[{"href":"https:\/\/www.europesays.com\/es\/wp-json\/wp\/v2\/posts"}],"about":[{"href":"https:\/\/www.europesays.com\/es\/wp-json\/wp\/v2\/types\/post"}],"author":[{"embeddable":true,"href":"https:\/\/www.europesays.com\/es\/wp-json\/wp\/v2\/users\/2"}],"replies":[{"embeddable":true,"href":"https:\/\/www.europesays.com\/es\/wp-json\/wp\/v2\/comments?post=224287"}],"version-history":[{"count":0,"href":"https:\/\/www.europesays.com\/es\/wp-json\/wp\/v2\/posts\/224287\/revisions"}],"wp:featuredmedia":[{"embeddable":true,"href":"https:\/\/www.europesays.com\/es\/wp-json\/wp\/v2\/media\/224288"}],"wp:attachment":[{"href":"https:\/\/www.europesays.com\/es\/wp-json\/wp\/v2\/media?parent=224287"}],"wp:term":[{"taxonomy":"category","embeddable":true,"href":"https:\/\/www.europesays.com\/es\/wp-json\/wp\/v2\/categories?post=224287"},{"taxonomy":"post_tag","embeddable":true,"href":"https:\/\/www.europesays.com\/es\/wp-json\/wp\/v2\/tags?post=224287"}],"curies":[{"name":"wp","href":"https:\/\/api.w.org\/{rel}","templated":true}]}}