{"id":224289,"date":"2025-11-08T01:14:08","date_gmt":"2025-11-08T01:14:08","guid":{"rendered":"https:\/\/www.europesays.com\/es\/224289\/"},"modified":"2025-11-08T01:14:08","modified_gmt":"2025-11-08T01:14:08","slug":"errores-y-aciertos-estilisticos-en-la-alfombra-roja-de-los-40-music-awards","status":"publish","type":"post","link":"https:\/\/www.europesays.com\/es\/224289\/","title":{"rendered":"errores y aciertos estil\u00edsticos en la alfombra roja de Los 40 Music Awards"},"content":{"rendered":"<p class=\"c-paragraph\">Tras varias ediciones celebr\u00e1ndose en el Movistar Arena de Madrid, los Premios de los 40 Principales, <b>Los 40 Music Awards<\/b>, se reparten cada a\u00f1o entre las principales ciudades de Espa\u00f1a para festejar la m\u00fasica en todos los rincones de nuestro pa\u00eds. Este a\u00f1o ha sido <b>Valencia<\/b> la encargada de acoger la fiesta m\u00e1s importante de la m\u00fasica en nuestro pa\u00eds y por la alfombra roja del <b>Roig Arena <\/b>llevan desfilando, desde primera hora de la tarde y ante la incre\u00edble acogida de centenares de fans, los artistas m\u00e1s aclamados de la temporada.<\/p>\n<p class=\"c-paragraph\"><a href=\"https:\/\/www.20minutos.es\/mujer\/moda\/rosalia-conquista-alfombra-roja-los-40-music-awards-con-gafas-sol-futuristas-un-look-muy-enigmatico_6862882_0.html\" rel=\"nofollow noopener\" target=\"_blank\">Rosal\u00eda<\/a>, que presenta por primera vez &#8216;LUX&#8217; tras la &#8216;Listening Party&#8217; que celebr\u00f3 hace unas horas en Barcelona, era una de las invitadas m\u00e1s esperadas. Pero no la \u00fanica. Junto a ella, <b>Ana Mena<\/b>, que acaba de estrenar &#8216;L\u00e1rgate&#8217;, era otra de las protagonistas de un photocall que tampoco quisieron perderse <b>Lola Lolita<\/b>, <b>Sof\u00eda Surferss<\/b>, <b>Ana Peleiro<\/b> o <b>Violeta Mangri\u00f1\u00e1n<\/b>, entre otras. Te contamos cu\u00e1les fueron sus mejores estilismos (y tambi\u00e9n los menos acertados).<\/p>\n<p>Los errores y aciertos en la alfombra roja de Los 40 Music Awards<\/p>\n<p class=\"c-paragraph\"><b>Violeta<\/b> confi\u00f3 en el binomio blanco y negro y se enfund\u00f3 en un pantal\u00f3n palazzo de tiro alto, que combin\u00f3 con un crop top de plumas a contraste, al estilo de Rosal\u00eda. Remat\u00f3 el estilismo con joyas de con Joyas Antiguas Sardinero<\/p>\n<p class=\"c-paragraph\"><b>Aitana <\/b>opt\u00f3 por un estilismo deconstruido para brillar sobre la alfombra roja, donde dej\u00f3 claro que su amor con Plex es para toda la vida. La actriz eligi\u00f3 un sujetador negro, que combin\u00f3 con un bolero beige con efecto roto y una falda semitransparente con lazadas. Complet\u00f3 el &#8216;look&#8217; con unas maxiplataformas negras.<\/p>\n<p class=\"c-paragraph\"><b>Emilia<\/b> se convirti\u00f3 en una de las reinas de la noche con un espectacular vestido en color nude, con pedrer\u00eda y mangas semitransparentes de tul, que daban un toque ex\u00f3tico al &#8216;look&#8217;.<\/p>\n<p class=\"c-paragraph\"><b>Lola Lolita <\/b>escogi\u00f3 un vestido marr\u00f3n chocolate de lo m\u00e1s especial. Un modelo largo satinado, con la espalda al descubierto, que combin\u00f3 con unos pendientes de cascada y su melena suelta, peinada por los artistas de ghd.<\/p>\n<p class=\"c-paragraph\"><b>Ana Mena<\/b> brill\u00f3 sobre la alfombra roja con un espectacular vestido negro semitransparente, con volantes por el cuerpo, flores y pedrer\u00eda bordadas a tono y una sutil cola con encaje.<\/p>\n<p class=\"c-paragraph\"><b>Sof\u00eda Surferss <\/b>eligi\u00f3 un vestido en color rosa empolvado, con tirantes finos, cut outs imposibles y bajo asim\u00e9trico, remado con una falda semitransparente con pedrer\u00eda. Llev\u00f3 su melena lisa, peinada por los expertos de ghd.<\/p>\n<p class=\"c-paragraph\"><b>Ana Peleteiro <\/b>presumi\u00f3 de piernas infinitas con un dise\u00f1o personalizado de Mario Salafranca protagonizado por una blazer estructurada, con escote en pico y solapas a contraste.<\/p>\n<p class=\"c-paragraph\"><b>Vicco <\/b>confi\u00f3 en el negro y lo hizo enfund\u00e1ndose en un espectacular vestido con tirantes finos y una gran abertura en la falda. Lo combin\u00f3 con joyas de Singularu y botas altas Hispanitas.<\/p>\n<p class=\"c-paragraph\"><b>Marta D\u00edaz<\/b>, que el fin de semana pasado celebraba su cumplea\u00f1os con un impresionante vestido de Silvia Fern\u00e1ndez, se enfund\u00f3 ahora en un vestido muy diferente. Un modelo negro, con escote side boob y bandeau a tono, decorado con cinturones con strass en la cadera y una gran abertura lateral. Lo combin\u00f3 con joyas de Rabat<\/p>\n<p class=\"c-paragraph\"><b>Chiara Ferragni <\/b>escogi\u00f3 un vestido negro con semitransparencias y guantes a tono. Un modelo con tirantes finos, cut out central y falda larga.<\/p>\n<p class=\"c-paragraph\"><b>Mar Lucas <\/b>apost\u00f3 por un vestido metalizado, con silueta ajustada hasta el bajo y hombros al descubierto. Lo combin\u00f3 con joyas de Rabat.<\/p>\n<p class=\"c-paragraph\">M\u00aa de los \u00c1ngeles Maturana, de &#8216;La Pija y la Quinqui&#8217;, apost\u00f3 por un impresionante vestido negro con escote pronunciado y una gran abertura central en la falda. Carlos peguer, por su parte, eligi\u00f3 un cojunto sencillo con pantal\u00f3n negro de vestir y camisa blanca.<\/p>\n<p class=\"c-paragraph\"><b>Fabiana Sevillano<\/b> traslad\u00f3 la feria a Valencia y se decant\u00f3\u00a0por un vestido satinado asim\u00e9trico de lo m\u00e1s folcl\u00f3rico, con bajo de volantes y lunares a tono estampados por todo el dise\u00f1o.<\/p>\n<p class=\"c-paragraph\">Larissa Kimberly se visti\u00f3 de princesa moderna con un conjunto azul beb\u00e9 decorado con pedrer\u00eda y perlas, a tono con su peinado. Un dise\u00f1o sencillo pero muy coqueto.<\/p>\n<p class=\"c-paragraph\"><b>Mafalda Cardenal<\/b>, por su parte, se decant\u00f3 por un conjunto gris con top con cuello halter y pantal\u00f3n bombacho, que decor\u00f3 con unas sandalias de pedrer\u00eda a tono con sus pendientes. Con la elecci\u00f3n del bolso, sin embargo, no estuvo demasiado acertada.<\/p>\n<p class=\"c-paragraph\"><b>Susana Molina<\/b> escogi\u00f3 un mono de color burdeos con drapeados, cut-out en la cintura y hombros al descubierto. <b>Anabel Pantoja<\/b>, por su parte, eligi\u00f3 un vestido negro con una gran abertura en la falda y cierre de lazo en la espalda, que ca\u00eda en forma de cola.<\/p>\n<p class=\"c-paragraph\">*Noticia en elaboraci\u00f3n*<\/p>\n","protected":false},"excerpt":{"rendered":"Tras varias ediciones celebr\u00e1ndose en el Movistar Arena de Madrid, los Premios de los 40 Principales, Los 40&hellip;\n","protected":false},"author":2,"featured_media":224290,"comment_status":"","ping_status":"","sticky":false,"template":"","format":"standard","meta":{"footnotes":""},"categories":[174],"tags":[683,255,146,147,4697,25,24,256,15726,14098,28018,23],"class_list":{"0":"post-224289","1":"post","2":"type-post","3":"status-publish","4":"format-standard","5":"has-post-thumbnail","7":"category-famosos","8":"tag-ana","9":"tag-celebrities","10":"tag-entertainment","11":"tag-entretenimiento","12":"tag-errores","13":"tag-es","14":"tag-espana","15":"tag-famosos","16":"tag-lola","17":"tag-lolita","18":"tag-mena","19":"tag-spain"},"share_on_mastodon":{"url":"https:\/\/pubeurope.com\/@es\/115511431308342245","error":""},"_links":{"self":[{"href":"https:\/\/www.europesays.com\/es\/wp-json\/wp\/v2\/posts\/224289","targetHints":{"allow":["GET"]}}],"collection":[{"href":"https:\/\/www.europesays.com\/es\/wp-json\/wp\/v2\/posts"}],"about":[{"href":"https:\/\/www.europesays.com\/es\/wp-json\/wp\/v2\/types\/post"}],"author":[{"embeddable":true,"href":"https:\/\/www.europesays.com\/es\/wp-json\/wp\/v2\/users\/2"}],"replies":[{"embeddable":true,"href":"https:\/\/www.europesays.com\/es\/wp-json\/wp\/v2\/comments?post=224289"}],"version-history":[{"count":0,"href":"https:\/\/www.europesays.com\/es\/wp-json\/wp\/v2\/posts\/224289\/revisions"}],"wp:featuredmedia":[{"embeddable":true,"href":"https:\/\/www.europesays.com\/es\/wp-json\/wp\/v2\/media\/224290"}],"wp:attachment":[{"href":"https:\/\/www.europesays.com\/es\/wp-json\/wp\/v2\/media?parent=224289"}],"wp:term":[{"taxonomy":"category","embeddable":true,"href":"https:\/\/www.europesays.com\/es\/wp-json\/wp\/v2\/categories?post=224289"},{"taxonomy":"post_tag","embeddable":true,"href":"https:\/\/www.europesays.com\/es\/wp-json\/wp\/v2\/tags?post=224289"}],"curies":[{"name":"wp","href":"https:\/\/api.w.org\/{rel}","templated":true}]}}