{"id":224299,"date":"2025-11-08T01:20:15","date_gmt":"2025-11-08T01:20:15","guid":{"rendered":"https:\/\/www.europesays.com\/es\/224299\/"},"modified":"2025-11-08T01:20:15","modified_gmt":"2025-11-08T01:20:15","slug":"es-un-empujon-para-todos","status":"publish","type":"post","link":"https:\/\/www.europesays.com\/es\/224299\/","title":{"rendered":"Es un empuj\u00f3n para todos"},"content":{"rendered":"<p data-journey-content=\"true\" data-node-id=\"3\" class=\"css-6wxqfj emevuu60\">La temporada 2025 no est\u00e1 siendo f\u00e1cil para Fernando Alonso, especialmente viendo el progreso de Aston Martin en los \u00faltimos a\u00f1os, con una temporada 2023 en la que lograban pelear por victorias, un 2024 donde no lograr\u00edan pasar de la zona media, y actualmente, vi\u00e9ndose superados en m\u00e1s de una ocasi\u00f3n por equipos como Haas, Williams, Racing Bulls o Kick Sauber. No obstante, el espa\u00f1ol ha conseguido alg\u00fan buen resultado, como es el caso del GP de Hungr\u00eda, terminando quinto. <\/p>\n<p>Fernando Alonso y su haza\u00f1a con Aston Martin F1<\/p>\n<p data-journey-content=\"true\" data-node-id=\"7\" class=\"css-6wxqfj emevuu60\">Sin embargo, antes del GP de Sao Paulo, el espa\u00f1ol sumaba su quinto abandono de la temporada en el GP de M\u00e9xico, demostrando que las miradas est\u00e1n puestas en lo que est\u00e1 por venir en 2026. <strong data-node-id=\"7.1\">De hecho, el embajador de la marca brit\u00e1nica, nos confes\u00f3 en exclusiva para Car and Driver, <a href=\"https:\/\/www.caranddriver.com\/es\/formula-1\/a68904884\/embajador-aston-martin-f1-analiza-potencial-fernando-alonso-2026-ilusion\/\" target=\"_blank\" data-vars-ga-outbound-link=\"https:\/\/www.caranddriver.com\/es\/formula-1\/a68904884\/embajador-aston-martin-f1-analiza-potencial-fernando-alonso-2026-ilusion\/\" data-vars-ga-ux-element=\"Hyperlink\" data-vars-ga-call-to-action=\"que \u201chab\u00eda optimismo\u201d \" data-node-id=\"7.1.1\" class=\"body-link css-168zq96 emevuu60\" rel=\"nofollow noopener\">que \u201chab\u00eda optimismo\u201d <\/a><\/strong><a href=\"https:\/\/www.caranddriver.com\/es\/formula-1\/a68904884\/embajador-aston-martin-f1-analiza-potencial-fernando-alonso-2026-ilusion\/\" target=\"_blank\" data-vars-ga-outbound-link=\"https:\/\/www.caranddriver.com\/es\/formula-1\/a68904884\/embajador-aston-martin-f1-analiza-potencial-fernando-alonso-2026-ilusion\/\" data-vars-ga-ux-element=\"Hyperlink\" data-vars-ga-call-to-action=\"dentro de la f\u00e1brica\" data-node-id=\"7.2\" class=\"body-link css-168zq96 emevuu60\" rel=\"nofollow noopener\">dentro de la f\u00e1brica<\/a>. Pero antes, tocaba pasar por el aro en este final de 2025, con un fin de semana de Interlagos m\u00e1s que especial para Fernando Alonso. <\/p>\n<p data-journey-content=\"true\" data-node-id=\"9\" class=\"css-6wxqfj emevuu60\">Los primeros entrenamientos libres ser\u00edan positivos, con una cuarta plaza que, a pesar de no servir para sumar puntos, indicaba que <a href=\"https:\/\/www.caranddriver.com\/es\/formula-1\/a69287205\/lando-norris-lidera-brasil-oscar-piastri-despierta-mclaren-arrasa-libres-gp-sao-paulo\/\" target=\"_blank\" data-vars-ga-outbound-link=\"https:\/\/www.caranddriver.com\/es\/formula-1\/a69287205\/lando-norris-lidera-brasil-oscar-piastri-despierta-mclaren-arrasa-libres-gp-sao-paulo\/\" data-vars-ga-ux-element=\"Hyperlink\" data-vars-ga-call-to-action=\"hab\u00eda posibilidades de lograr un buen resultado.\" data-node-id=\"9.1\" class=\"body-link css-168zq96 emevuu60\" rel=\"nofollow noopener\">hab\u00eda posibilidades de lograr un buen resultado.<\/a> Y llegaba la clasificaci\u00f3n al Sprint, donde el espa\u00f1ol marcar\u00eda una primera vuelta que le serv\u00eda para colarse dentro del top tres, a tan s\u00f3lo una d\u00e9cima de Oscar Piastri. Con la mejora de pista, el resto de pilotos ir\u00edan mejorando su tiempo, entre ellos Fernando Alonso, que terminaba la SQ1 en la tercera posici\u00f3n.<\/p>\n<blockquote data-theme-key=\"pullquote\" class=\"css-1eiql25 e1pe3zr91\">\n<blockquote class=\"css-fetnbk e1pe3zr90\"><p>Fernando Alonso iguala su mejor resultado de la temporada en la clasificaci\u00f3n al Sprint de Brasil<\/p><\/blockquote>\n<\/blockquote>\n<p data-journey-content=\"true\" data-node-id=\"14\" class=\"css-6wxqfj emevuu60\">Llegaba el momento de la verdad para el espa\u00f1ol, entrar en el top 10. El primer intento, el espa\u00f1ol se colocaba primero, por delante de ambos McLaren y Max Verstappen, lo que le servir\u00eda para pasar a la \u00faltima ronda. <strong data-node-id=\"14.1\">Esta vez el \u201814\u2019 se la jugar\u00eda todo a una vuelta, mejorando su tiempo hasta la quinta posici\u00f3n<\/strong>, por delante del Red Bull del \u20181\u2019 y el Ferrari de Charles Leclerc.<\/p>\n<p><img draggable=\"true\" alt=\"fernando alonso aston martin f1\" title=\"Fernando Alonso Aston Martin F1\" loading=\"lazy\" width=\"5068\" height=\"3378\" decoding=\"async\" data-nimg=\"1\" style=\"color:transparent;width:100%;height:auto;\"   src=\"https:\/\/www.europesays.com\/es\/wp-content\/uploads\/2025\/11\/gettyimages-2245548069-690e478e97b76.jpg\" class=\"css-0 e1g79fud0\"\/><a target=\"_blank\" rel=\"noopener nofollow\" data-theme-key=\"base-link\" href=\"https:\/\/pinterest.com\/pin\/create\/button\/?url=https:\/\/www.caranddriver.com\/es\/formula-1\/a69289764\/fernando-alonso-motivado-hazana-aston-martin-f1-gp-sao-paulo-empujon\/&amp;description=&amp;media=https:\/\/hips.hearstapps.com\/hmg-prod\/images\/gettyimages-2245548069-690e478e97b76.jpg?resize=1600:*\" class=\"pinterest css-on9hn5 e1c1bym14\"><img decoding=\"async\" data-dynamic-svg=\"true\" src=\"https:\/\/www.caranddriver.com\/_assets\/design-tokens\/fre\/static\/icons\/social\/pinterest.e8cf655.svg?primary=%2523ffffff\" loading=\"lazy\" data-testid=\"dynamic-svg-base\" height=\"auto\" width=\"auto\" alt=\"pinterest\" class=\"css-4lml0h e1mlxuuw1\"\/><\/a><\/p>\n<p>Hector Vivas<\/p>\n<p data-journey-content=\"true\" data-node-id=\"17\" class=\"css-6wxqfj emevuu60\">\u201cNos hemos sentido bien con el coche desde los Libres 1, parece que hemos empezado el fin de semana dentro de la ventana \u00f3ptima del coche y si empiezas con el pie derecho todo es mucho m\u00e1s f\u00e1cil\u201d, dec\u00eda el piloto de Aston Martin. <\/p>\n<p data-journey-content=\"true\" data-node-id=\"19\" class=\"css-6wxqfj emevuu60\">\u201cQuiz\u00e1s ma\u00f1ana sobre seco ser\u00eda m\u00e1s f\u00e1cil mantener la posici\u00f3n pero esperamos un sabado sobre mojado y cualquier cosa puede suceder.<strong data-node-id=\"19.1\"> Sin duda hoy es un buen empuj\u00f3n para todos, lo seguiremos intentando todos los d\u00edas y no nos vamos a rendir<\/strong>\u201d, concluy\u00f3 Fernando Alonso. <\/p>\n<p>Objetivo: Sumar puntos con Aston Martin F1<\/p>\n<p data-journey-content=\"true\" data-node-id=\"22\" class=\"css-6wxqfj emevuu60\">Hasta ahora, las mejores clasificaciones hab\u00edan sido la del GP de la Emilia Roma\u00f1a y Hungr\u00eda, <strong data-node-id=\"22.1\">ambas en las que Fernando Alonso terminaba quinto. Pues bien, a pesar de haber sufrido en las \u00faltimas carreras con el AMR25<\/strong>, el espa\u00f1ol materializaba un top cinco de m\u00e9rito. Y, de cara a la Sprint, <a href=\"https:\/\/www.caranddriver.com\/es\/formula-1\/a69276421\/fernando-alonso-afirmacion-aston-martin-f1-gp-sao-paulo-objetivo\/\" target=\"_blank\" data-vars-ga-outbound-link=\"https:\/\/www.caranddriver.com\/es\/formula-1\/a69276421\/fernando-alonso-afirmacion-aston-martin-f1-gp-sao-paulo-objetivo\/\" data-vars-ga-ux-element=\"Hyperlink\" data-vars-ga-call-to-action=\"aunque el espa\u00f1ol mantiene los pies en el suelo\" data-node-id=\"22.3\" class=\"body-link css-168zq96 emevuu60\" rel=\"nofollow noopener\">aunque el espa\u00f1ol mantiene los pies en el suelo<\/a>, mantiene la esperanza en que pueda pasar algo por delante para sumar el primer podio de la temporada. <\/p>\n<p data-journey-content=\"true\" data-node-id=\"24\" class=\"css-6wxqfj emevuu60\">Y esas esperanzas est\u00e1n puestas principalmente en el clima, donde se prev\u00e9 que la jornada de s\u00e1bado comience en mojado, lo que puede abrir las posibilidades a una Aston Martin que no ha terminado de dar el salto de calidad en tandas largas este 2025. A pesar de la buena clasificaci\u00f3n, los brit\u00e1nicos son realistas, y admiten que no ser\u00e1 f\u00e1cil mantener este resultado obtenido por ambos pilotos, con un Lance Stroll que tambi\u00e9n ha conseguido meterse entre el top diez. <\/p>\n<p><img draggable=\"true\" alt=\"fernando alonso aston martin f1\" title=\"Fernando Alonso Aston Martin F1\" loading=\"lazy\" width=\"4085\" height=\"2723\" decoding=\"async\" data-nimg=\"1\" style=\"color:transparent;width:100%;height:auto;\"   src=\"https:\/\/www.europesays.com\/es\/wp-content\/uploads\/2025\/11\/gettyimages-2245529578-690e476814081.jpg\" class=\"css-0 e1g79fud0\"\/><a target=\"_blank\" rel=\"noopener nofollow\" data-theme-key=\"base-link\" href=\"https:\/\/pinterest.com\/pin\/create\/button\/?url=https:\/\/www.caranddriver.com\/es\/formula-1\/a69289764\/fernando-alonso-motivado-hazana-aston-martin-f1-gp-sao-paulo-empujon\/&amp;description=&amp;media=https:\/\/hips.hearstapps.com\/hmg-prod\/images\/gettyimages-2245529578-690e476814081.jpg?resize=1600:*\" class=\"pinterest css-on9hn5 e1c1bym14\"><img decoding=\"async\" data-dynamic-svg=\"true\" src=\"https:\/\/www.caranddriver.com\/_assets\/design-tokens\/fre\/static\/icons\/social\/pinterest.e8cf655.svg?primary=%2523ffffff\" loading=\"lazy\" data-testid=\"dynamic-svg-base\" height=\"auto\" width=\"auto\" alt=\"pinterest\" class=\"css-4lml0h e1mlxuuw1\"\/><\/a><\/p>\n<p>Mark Sutton &#8211; Formula 1<\/p>\n<p data-journey-content=\"true\" data-node-id=\"27\" class=\"css-6wxqfj emevuu60\">Es as\u00ed como el piloto de Aston Martin ha terminado una de sus clasificaciones m\u00e1s s\u00f3lidas de la temporada, donde ha logrado liderar la tabla en la SQ2, y se ha quedado a tan s\u00f3lo dos d\u00e9cimas de la pole de Lando Norris.<\/p>\n","protected":false},"excerpt":{"rendered":"La temporada 2025 no est\u00e1 siendo f\u00e1cil para Fernando Alonso, especialmente viendo el progreso de Aston Martin en&hellip;\n","protected":false},"author":2,"featured_media":224300,"comment_status":"","ping_status":"","sticky":false,"template":"","format":"standard","meta":{"footnotes":""},"categories":[93],"tags":[168,253,25,24,23,167],"class_list":{"0":"post-224299","1":"post","2":"type-post","3":"status-publish","4":"format-standard","5":"has-post-thumbnail","7":"category-deportes","8":"tag-deportes","9":"tag-discover","10":"tag-es","11":"tag-espana","12":"tag-spain","13":"tag-sports"},"share_on_mastodon":{"url":"https:\/\/pubeurope.com\/@es\/115511454988282535","error":""},"_links":{"self":[{"href":"https:\/\/www.europesays.com\/es\/wp-json\/wp\/v2\/posts\/224299","targetHints":{"allow":["GET"]}}],"collection":[{"href":"https:\/\/www.europesays.com\/es\/wp-json\/wp\/v2\/posts"}],"about":[{"href":"https:\/\/www.europesays.com\/es\/wp-json\/wp\/v2\/types\/post"}],"author":[{"embeddable":true,"href":"https:\/\/www.europesays.com\/es\/wp-json\/wp\/v2\/users\/2"}],"replies":[{"embeddable":true,"href":"https:\/\/www.europesays.com\/es\/wp-json\/wp\/v2\/comments?post=224299"}],"version-history":[{"count":0,"href":"https:\/\/www.europesays.com\/es\/wp-json\/wp\/v2\/posts\/224299\/revisions"}],"wp:featuredmedia":[{"embeddable":true,"href":"https:\/\/www.europesays.com\/es\/wp-json\/wp\/v2\/media\/224300"}],"wp:attachment":[{"href":"https:\/\/www.europesays.com\/es\/wp-json\/wp\/v2\/media?parent=224299"}],"wp:term":[{"taxonomy":"category","embeddable":true,"href":"https:\/\/www.europesays.com\/es\/wp-json\/wp\/v2\/categories?post=224299"},{"taxonomy":"post_tag","embeddable":true,"href":"https:\/\/www.europesays.com\/es\/wp-json\/wp\/v2\/tags?post=224299"}],"curies":[{"name":"wp","href":"https:\/\/api.w.org\/{rel}","templated":true}]}}