{"id":224303,"date":"2025-11-08T01:22:08","date_gmt":"2025-11-08T01:22:08","guid":{"rendered":"https:\/\/www.europesays.com\/es\/224303\/"},"modified":"2025-11-08T01:22:08","modified_gmt":"2025-11-08T01:22:08","slug":"rosalia-las-pistas-que-senalan-a-rauw-alejandro-como-la-perla-de-la-que-nadie-se-fia-el-mundo","status":"publish","type":"post","link":"https:\/\/www.europesays.com\/es\/224303\/","title":{"rendered":"Rosal\u00eda: las pistas que se\u00f1alan a Rauw Alejandro como &quot;la perla&quot; de la que &quot;nadie se f\u00eda&quot; &#8211; El Mundo"},"content":{"rendered":"<ol>\n<li><a href=\"https:\/\/news.google.com\/rss\/articles\/CBMigAFBVV95cUxOeFQ4aThMMERsRVJPYWRWOWdNUFVaaTBvWU10eUYxazN2VF9TQ2J5QlRWWThEWExFN2dobUxSQV9GMXNiOGM1djRkclp2dlhpT2lJY29jNHpKZEZfT0haWkRmQUVkWGJVOHlaeFllQ0ZRM0tTTXE2Q3dLd1JRdTZPc9IBgAFBVV95cUxOMDE4M1hGQlg2cm1IX2lDSXhaeHo0RVdLTV85QUNwQ2Nzb2VLUHdmWGpCbzlnN3NYbXRDZ3pEb3RNc1htWmdmeEVTYllvYTdKaGhyRUdyQnFJUnN2TlNhMkk3RWZBQU5zbXM0YmFhR0V5RFp3bnRzNFczM29IRk9WcQ?oc=5\" target=\"_blank\" rel=\"nofollow noopener\">Rosal\u00eda: las pistas que se\u00f1alan a Rauw Alejandro como \u00abla perla\u00bb de la que \u00abnadie se f\u00eda\u00bb<\/a>&nbsp;&nbsp;El Mundo<\/li>\n<li><a href=\"https:\/\/news.google.com\/rss\/articles\/CBMi2gFBVV95cUxQNGJhVzluQXJRVHRqUGJ0V3Nzb1dHZ1F6NWlaVzdUZy0tWWpOZjRITk4zRFRoVGZtdFNHS0hJbjVmVUtQbWN6RmpsV2NrZTVNM1ZqcUd2UnhZamJ2VndQTWt1T0xHblNLNlRLdmFRcFBWaXdXN1laby15aHhoWDFjTXNxcFRNdC1wVElpbUlHVjdSclFpdnExR2M0cDJZY3pxckdINW15bWdWbGVpY2RqajdWNVVWVFhJX09pNHNJSGxnbkt1SFZJTlpNcWUyeUh2RVhFeHBNRmZqdw?oc=5\" target=\"_blank\" rel=\"nofollow noopener\">Qu\u00e9 dice la letra de &#8216;LA PERLA&#8217;, la canci\u00f3n de Rosal\u00eda con referencias a Rauw Alejandro<\/a>&nbsp;&nbsp;EuropaFM<\/li>\n<li><a href=\"https:\/\/news.google.com\/rss\/articles\/CBMizgFBVV95cUxONnA1UDhXTWFxdzUwcTFUbHhtU0lHTjNNWHBvSC1XTFRHWlk0dGQzcDdrbEZqeV9JN2ZGUE40bERYM0NNRmdwOTBRUTBoVVhiNEh1V3MtTXZkLTNfajE0UlZ4aDBsR2N0M0t1bXE2SFlxOXBFUDhFalJhQk15aDJqYnJfaUtkVTNyaEtIbmNiUHVsR09uWVFBUi1YVWhnWU9pYTNWOGJaNXYtMGFRcHlpSnBUcUV0WWttekFibi1DYXc1VEU1Sml4bjRud1p4QQ?oc=5\" target=\"_blank\" rel=\"nofollow noopener\">Rosal\u00eda, sobre su exnovio Rauw Alejandro en su canci\u00f3n &#8216;La Perla&#8217;: \u00abLa fidelidad es un idioma que nunca entender\u00e1\u00bb<\/a>&nbsp;&nbsp;Harper&#8217;s BAZAAR<\/li>\n<li><a href=\"https:\/\/news.google.com\/rss\/articles\/CBMirwFBVV95cUxQRzA1TmpENDJOU2FxeGx0WExuYkRqZTdtT1JNUWJYcHJOVm1nYjlyVGJwUmluejN6WFVLcndsdGhSeWR5Tl9fakZxVmd5b0RGcjIwYl95SE1UT19oc1doeFY5NGZoYllNbzJXaEptNHdQSTAzTk9oVFVFQkZYS3dUNjlab28zME40cEE5LS1FYlctMnRnRWxsUnc1b2pfcEp5ZVgxdF9tTVAzUFB3MUVv?oc=5\" target=\"_blank\" rel=\"nofollow noopener\">La reacci\u00f3n de Rauw Alejandro a &#8216;las perlas&#8217; que le dedica Rosal\u00eda en &#8216;Lux&#8217;<\/a>&nbsp;&nbsp;Vanitatis<\/li>\n<\/ol>\n","protected":false},"excerpt":{"rendered":"Rosal\u00eda: las pistas que se\u00f1alan a Rauw Alejandro como \u00abla perla\u00bb de la que \u00abnadie se f\u00eda\u00bb&nbsp;&nbsp;El Mundo&hellip;\n","protected":false},"author":2,"featured_media":224304,"comment_status":"","ping_status":"","sticky":false,"template":"","format":"standard","meta":{"footnotes":""},"categories":[91],"tags":[54430,146,147,25,24,720,39915,4147,23],"class_list":{"0":"post-224303","1":"post","2":"type-post","3":"status-publish","4":"format-standard","5":"has-post-thumbnail","7":"category-entretenimiento","8":"tag-c-tangana","9":"tag-entertainment","10":"tag-entretenimiento","11":"tag-es","12":"tag-espana","13":"tag-loc-famosos","14":"tag-rauw-alejandro","15":"tag-rosalia","16":"tag-spain"},"share_on_mastodon":{"url":"https:\/\/pubeurope.com\/@es\/115511462643343950","error":""},"_links":{"self":[{"href":"https:\/\/www.europesays.com\/es\/wp-json\/wp\/v2\/posts\/224303","targetHints":{"allow":["GET"]}}],"collection":[{"href":"https:\/\/www.europesays.com\/es\/wp-json\/wp\/v2\/posts"}],"about":[{"href":"https:\/\/www.europesays.com\/es\/wp-json\/wp\/v2\/types\/post"}],"author":[{"embeddable":true,"href":"https:\/\/www.europesays.com\/es\/wp-json\/wp\/v2\/users\/2"}],"replies":[{"embeddable":true,"href":"https:\/\/www.europesays.com\/es\/wp-json\/wp\/v2\/comments?post=224303"}],"version-history":[{"count":0,"href":"https:\/\/www.europesays.com\/es\/wp-json\/wp\/v2\/posts\/224303\/revisions"}],"wp:featuredmedia":[{"embeddable":true,"href":"https:\/\/www.europesays.com\/es\/wp-json\/wp\/v2\/media\/224304"}],"wp:attachment":[{"href":"https:\/\/www.europesays.com\/es\/wp-json\/wp\/v2\/media?parent=224303"}],"wp:term":[{"taxonomy":"category","embeddable":true,"href":"https:\/\/www.europesays.com\/es\/wp-json\/wp\/v2\/categories?post=224303"},{"taxonomy":"post_tag","embeddable":true,"href":"https:\/\/www.europesays.com\/es\/wp-json\/wp\/v2\/tags?post=224303"}],"curies":[{"name":"wp","href":"https:\/\/api.w.org\/{rel}","templated":true}]}}