{"id":224311,"date":"2025-11-08T01:36:09","date_gmt":"2025-11-08T01:36:09","guid":{"rendered":"https:\/\/www.europesays.com\/es\/224311\/"},"modified":"2025-11-08T01:36:09","modified_gmt":"2025-11-08T01:36:09","slug":"dinamarca-asume-el-liderazgo-en-los-lagartos-country-club","status":"publish","type":"post","link":"https:\/\/www.europesays.com\/es\/224311\/","title":{"rendered":"Dinamarca asume el liderazgo en Los Lagartos Country Club"},"content":{"rendered":"<p><img fetchpriority=\"high\" decoding=\"async\" class=\"alignnone size-full wp-image-117109\" src=\"https:\/\/www.europesays.com\/es\/wp-content\/uploads\/2025\/11\/copa-tailhade-2025-viernes.-6-copia-2.jpeg\" alt=\"\" width=\"1903\" height=\"640\"  \/><\/p>\n<p>Dinamarca es el nuevo puntero en la Copa Juan Carlos Tailhade, que a pesar de la lluvia constante en el \u00e1rea de Los Lagartos CC, logr\u00f3 completar sus dos primeras rondas para entrar en tiempo de definici\u00f3n. Los 66 golpes de Mads Heller (foto home) fueron determinantes a la hora de llevar al equipo n\u00f3rdico a la cima del tablero. Junto a Andreas Fogth, los daneses suman 280 golpes, cuatro bajo el par del campo, siendo los \u00fanicos con n\u00fameros rojos al momento. Seis birdies en los hoyos 1, 6,7, 9, 15, 16 y solamente un bogey al 4 fue lo que inscribi\u00f3 en su tarjeta Heller, que adem\u00e1s es puntero en la clasificaci\u00f3n individual.<\/p>\n<p>Argentina contin\u00faa en el segundo puesto. Mateo Pulcini (foto) y Santiago Baileres terminaron el d\u00eda con 147 golpes para una sumatoria de 285, +1, en tanto con 287 figura Per\u00fa, que empez\u00f3 el d\u00eda siendo l\u00edder del certamen. Venezuela, con 288 golpes, y M\u00e9xico, con 290, cierran las primeras cinco posiciones completadas las dos primeras vueltas.<\/p>\n<p>Lo dicho, en la Clasificaci\u00f3n Individual, Mads Heller es puntero con 138 golpes, -4. A tan solo un golpe de \u00e9l se encuentra Benjam\u00edn Hayes con un registro de 69 golpes para la jornada, mientras que Mateo Pulcini suma 140 golpes despu\u00e9s de terminar la ronda con 70. Con 141 golpes, igualando en el cuarto lugar, figuran Noa Auch-Roy de Francia, Federico Arca y el paraguayo Franco Fern\u00e1ndez.<\/p>\n<p>Argentina gan\u00f3 la primera edici\u00f3n del campeonato en 1996, 2004, 2018 y 2019. Los Lagartos CC es sede del certamen, con la particularidad de alojar a los jugadores extranjeros en las casas de familia del country que hacen de esta una competencia \u00fanica en el mundo. Se trata, adem\u00e1s, de la primera de dos semanas intensas para nuestros jugadores y de aquellos que nos visitan, ya que el pr\u00f3ximo certamen de car\u00e1cter internacional en el calendario de la AAG es el Campeonato Nacional por Golpes, que se jugar\u00e1 en Olivos GC desde el mi\u00e9rcoles 12 de noviembre, con puntos para el Ranking Mundial.<\/p>\n","protected":false},"excerpt":{"rendered":"Dinamarca es el nuevo puntero en la Copa Juan Carlos Tailhade, que a pesar de la lluvia constante&hellip;\n","protected":false},"author":2,"featured_media":224312,"comment_status":"","ping_status":"","sticky":false,"template":"","format":"standard","meta":{"footnotes":""},"categories":[275],"tags":[168,25,24,329,23,167],"class_list":{"0":"post-224311","1":"post","2":"type-post","3":"status-publish","4":"format-standard","5":"has-post-thumbnail","7":"category-golf","8":"tag-deportes","9":"tag-es","10":"tag-espana","11":"tag-golf","12":"tag-spain","13":"tag-sports"},"share_on_mastodon":{"url":"https:\/\/pubeurope.com\/@es\/115511517980600441","error":""},"_links":{"self":[{"href":"https:\/\/www.europesays.com\/es\/wp-json\/wp\/v2\/posts\/224311","targetHints":{"allow":["GET"]}}],"collection":[{"href":"https:\/\/www.europesays.com\/es\/wp-json\/wp\/v2\/posts"}],"about":[{"href":"https:\/\/www.europesays.com\/es\/wp-json\/wp\/v2\/types\/post"}],"author":[{"embeddable":true,"href":"https:\/\/www.europesays.com\/es\/wp-json\/wp\/v2\/users\/2"}],"replies":[{"embeddable":true,"href":"https:\/\/www.europesays.com\/es\/wp-json\/wp\/v2\/comments?post=224311"}],"version-history":[{"count":0,"href":"https:\/\/www.europesays.com\/es\/wp-json\/wp\/v2\/posts\/224311\/revisions"}],"wp:featuredmedia":[{"embeddable":true,"href":"https:\/\/www.europesays.com\/es\/wp-json\/wp\/v2\/media\/224312"}],"wp:attachment":[{"href":"https:\/\/www.europesays.com\/es\/wp-json\/wp\/v2\/media?parent=224311"}],"wp:term":[{"taxonomy":"category","embeddable":true,"href":"https:\/\/www.europesays.com\/es\/wp-json\/wp\/v2\/categories?post=224311"},{"taxonomy":"post_tag","embeddable":true,"href":"https:\/\/www.europesays.com\/es\/wp-json\/wp\/v2\/tags?post=224311"}],"curies":[{"name":"wp","href":"https:\/\/api.w.org\/{rel}","templated":true}]}}