{"id":224340,"date":"2025-11-08T02:05:11","date_gmt":"2025-11-08T02:05:11","guid":{"rendered":"https:\/\/www.europesays.com\/es\/224340\/"},"modified":"2025-11-08T02:05:11","modified_gmt":"2025-11-08T02:05:11","slug":"djokovic-a-un-paso-del-titulo-101-de-su-carrera","status":"publish","type":"post","link":"https:\/\/www.europesays.com\/es\/224340\/","title":{"rendered":"Djokovic, a un paso del t\u00edtulo 101 de su carrera"},"content":{"rendered":"<p>Novak Djokovic volvi\u00f3 a superar al alem\u00e1n Yannick Hanfmann (6-3 y 6-4) y se situ\u00f3 en la final 144 de su carrera,<b> a un paso de logar el t\u00edtulo 101<\/b>, el segundo del 2025, que afrontar\u00e1 el s\u00e1bado ante el ganador del choque entre el italiano Lorenzo Musetti y el estadounidense Sebastian Korda.<\/p>\n<p>El serbio de 38 a\u00f1os,<b> ahora quinto del mundo<\/b>, que la pr\u00f3xima semana acudir\u00e1 una vez m\u00e1s a las Finales ATP, que re\u00fane a los ocho mejores de cada temporada, que ha ganado ya en siete ocasiones, tard\u00f3 una hora y veinte minutos en vencer por tercera vez al germano, 117 del r\u00e1nking ATP, sin t\u00edtulo alguno y al que ya hab\u00eda ganado en Ginebra el pasado a\u00f1o y este curso, semanas atr\u00e1s, en Shanghai.<\/p>\n<p>El balc\u00e1nico est\u00e1 a un paso de a\u00f1adir un nuevo trofeo a su colecci\u00f3n.<b> Nunca ha ganado en Atenas<\/b>, un evento nuevo en el calendario del tour que ocupa el lugar del que organizaba el propio jugador, en Belgrado. De hecho, su hermano Marco es el director de este torneo heleno.<\/p>\n<p>No tuvo excesivos sobresaltos el ganador de veinticuatro Grand Slam para alcanzar la final 95 en pista dura de su trayectoria. <b>Tom\u00f3 ventaja en el primer <\/b>set tras romper el saque del germano en el cuarto juego y situarse con 4-2, que fue determinante.<\/p>\n<p>Despu\u00e9s, Hanfmann, que cuenta como hechos m\u00e1s relevantes en su carrera <b>las finales sin \u00e9xito en Gstaad 2017 y Kitzbuhel 2020<\/b>, logr\u00f3 hacer break y ponerse con 3-1 pero Djokovic reaccion\u00f3, gan\u00f3 cuatro juegos seguidos y tom\u00f3 otra ventaja decisiva para ganar el parcial y el partido.<\/p>\n<p>Djokovic busca nuevos retos. \u00a8Y<b>a est\u00e1 a un paso del t\u00edtulo 101 de su carrera<\/b>, el segundo del 2025 tras el de Ginebra que le situar\u00edan a dos del suizo Roger Federer, que acab\u00f3 su carrera con 103 y a ocho de los 109 que consigui\u00f3 el estadounidense Jimmy Connors, el que m\u00e1s ha conseguido a lo largo de su historia. El serbio jugar\u00e1 por el t\u00edtulo ante el ganador del partido entre el estadounidense Sebastian Korda y el italiano Lorenzo Musetti, que necesita ganar el torneo para disputar las Finales ATP<\/p>\n","protected":false},"excerpt":{"rendered":"Novak Djokovic volvi\u00f3 a superar al alem\u00e1n Yannick Hanfmann (6-3 y 6-4) y se situ\u00f3 en la final&hellip;\n","protected":false},"author":2,"featured_media":224341,"comment_status":"","ping_status":"","sticky":false,"template":"","format":"standard","meta":{"footnotes":""},"categories":[274],"tags":[168,25,24,23,167,327,326],"class_list":{"0":"post-224340","1":"post","2":"type-post","3":"status-publish","4":"format-standard","5":"has-post-thumbnail","7":"category-tenis","8":"tag-deportes","9":"tag-es","10":"tag-espana","11":"tag-spain","12":"tag-sports","13":"tag-tenis","14":"tag-tennis"},"share_on_mastodon":{"url":"https:\/\/pubeurope.com\/@es\/115511631716744672","error":""},"_links":{"self":[{"href":"https:\/\/www.europesays.com\/es\/wp-json\/wp\/v2\/posts\/224340","targetHints":{"allow":["GET"]}}],"collection":[{"href":"https:\/\/www.europesays.com\/es\/wp-json\/wp\/v2\/posts"}],"about":[{"href":"https:\/\/www.europesays.com\/es\/wp-json\/wp\/v2\/types\/post"}],"author":[{"embeddable":true,"href":"https:\/\/www.europesays.com\/es\/wp-json\/wp\/v2\/users\/2"}],"replies":[{"embeddable":true,"href":"https:\/\/www.europesays.com\/es\/wp-json\/wp\/v2\/comments?post=224340"}],"version-history":[{"count":0,"href":"https:\/\/www.europesays.com\/es\/wp-json\/wp\/v2\/posts\/224340\/revisions"}],"wp:featuredmedia":[{"embeddable":true,"href":"https:\/\/www.europesays.com\/es\/wp-json\/wp\/v2\/media\/224341"}],"wp:attachment":[{"href":"https:\/\/www.europesays.com\/es\/wp-json\/wp\/v2\/media?parent=224340"}],"wp:term":[{"taxonomy":"category","embeddable":true,"href":"https:\/\/www.europesays.com\/es\/wp-json\/wp\/v2\/categories?post=224340"},{"taxonomy":"post_tag","embeddable":true,"href":"https:\/\/www.europesays.com\/es\/wp-json\/wp\/v2\/tags?post=224340"}],"curies":[{"name":"wp","href":"https:\/\/api.w.org\/{rel}","templated":true}]}}