{"id":224344,"date":"2025-11-08T02:09:12","date_gmt":"2025-11-08T02:09:12","guid":{"rendered":"https:\/\/www.europesays.com\/es\/224344\/"},"modified":"2025-11-08T02:09:12","modified_gmt":"2025-11-08T02:09:12","slug":"las-palabras-de-sergio-scariolo-tras-la-victoria-del-real-madrid-en-el-palau","status":"publish","type":"post","link":"https:\/\/www.europesays.com\/es\/224344\/","title":{"rendered":"Las palabras de Sergio Scariolo tras la victoria del Real Madrid en el Palau"},"content":{"rendered":"<p><strong>Sergio Scariolo\u00a0<\/strong>compareci\u00f3 en rueda de prensa despu\u00e9s de la victoria del Real Madrid por <a href=\"https:\/\/www.gigantes.com\/euroliga\/barca-real-madrid-resumen-cronica-resultado\/\" rel=\"nofollow noopener\" target=\"_blank\">92 a 101<\/a> en la visita al Bar\u00e7a en el Palau.<\/p>\n<p>Estas fueron las palabras del t\u00e9cnico italiano:<\/p>\n<p>\u00abObviamente estamos muy contentos, es una victoria muy importante para la afici\u00f3n y bastante importante tambi\u00e9n para el equipo dentro de lo que es una victoria en noviembre. Fuera de casa nunca es f\u00e1cil ganar y lo sabemos por experiencia propia y m\u00e1s en una cancha que aporta tanta energ\u00eda a su equipo y siendo un equipo como el Bar\u00e7a que al completo es un grand\u00edsimo equipo. <\/p>\n<p>Felicito a mis jugadores, creo que hemos jugado un buen baloncesto durante los 40 minutos. Podemos mejorar cosas como alg\u00fan momento defensivo que ha sido mejorable, alguna p\u00e9rdida m\u00e1s de la cuenta que ha sido evitable pero esta vez hemos limitado el efecto y la duraci\u00f3n de los momentos malos. Todos los partidos fuera de casa hab\u00edamos jugado grandes momentos de baloncesto pero ten\u00edamos momentos muy malos que los rivales aprovechaban. Esta vez las brechas han sido muy cortas y hemos respondido a sus parciales. Obviamente han sido capaces de hacerlo pero hemos controlado bien el partido t\u00e9cnicamente y mentalmente.<\/p>\n<p>Desde esta ma\u00f1ana hemos visto a Lyles muy enchufado y ha estado muy acertado ofensivamente donde es un jugador con mucha calidad y con un alto conocimiento del juego. Pero el nombre propio de la noche es Edy Tavares. Un jugador que tiene fiebre a pocos minutos de empezar el partido, que ayer ten\u00eda casi 40, viaja en el d\u00eda dando una muestra de compromiso pero tambi\u00e9n un mensaje a sus compa\u00f1eros de c\u00f3mo se afrontan las dificultades. Era una dificultad muy grande la que ten\u00eda f\u00edsicamente y es el nombre de este partido. Por supuesto sin quitar nada a Trey que ha jugado un gran partido.<\/p>\n<p>Hemos seleccionado muy bien los tiros y tambi\u00e9n hemos metido algunos de suerte que nos han entrado y que hay que reconocerlo. La mayor\u00eda han sido bien seleccionados, incluso algunos que hemos fallado. Si la pelota circula bien se puede tener ese segundo m\u00e1s o ese medio metro m\u00e1s para poder tirar con m\u00e1s tranquilidad. Luego hay que meterlos porque tuvimos alg\u00fan partido donde tuvimos muchos tiros abiertos y solo metidos un par de ellos. El equipo va creciendo f\u00edsicamente, en cohesi\u00f3n, en conocimiento del sistema, adquiere confianza\u2026 y as\u00ed tambi\u00e9n viene esa seguridad con la que evidentemente es m\u00e1s f\u00e1cil que los tiros aunque sean abiertos puedan entrar.<\/p>\n<p>Nosotros tenemos muchas maneras diferentes para poder atacar independientemente de quien sea el marcador o el defensor, aunque claramente lo estudiamos. Primero vamos a lo nuestro, que nuestras posiciones de fuerza y nuestras acciones preferidas, nuestras situaciones en las que tenemos la situaci\u00f3n adecuada tenemos que trabajar para que llegue la pelota. Luego Trey ha tenido muchos tiros abiertos generados por sus compa\u00f1eros y ha sido muy bueno meti\u00e9ndolos, ha atacado bien el 1vs1 pero tiene m\u00e1s que ver con su talento que con otra consideraci\u00f3n\u00bb.<\/p>\n<p style=\"text-align: right;\">Foto: Getty Images<\/p>\n<p><img decoding=\"async\" src=\"https:\/\/www.europesays.com\/es\/wp-content\/uploads\/2025\/11\/1762567749_966_mtracking.gif\" alt=\"Etiquetas de Mautic\" style=\"display:none;\"\/><\/p>\n<p><a href=\"https:\/\/www.gigantes.com\/tienda\/hemeroteca\/especial-40-aniversario-gigantes-del-basket-no-1-562-noviembre-2025\/\" rel=\"nofollow noopener\" target=\"_blank\"><img loading=\"lazy\" decoding=\"async\" class=\"aligncenter wp-image-767872 size-large\" src=\"https:\/\/www.europesays.com\/es\/wp-content\/uploads\/2025\/10\/INSTAGRAM-2-2-1024x1024.jpg.webp.webp\" alt=\"\" width=\"680\" height=\"680\"  \/><\/a><\/p>\n<p>\t\t\t\t\t<img loading=\"lazy\" decoding=\"async\" src=\"https:\/\/www.europesays.com\/es\/wp-content\/uploads\/2025\/10\/mano.png\" width=\"60\" height=\"60\" alt=\"Deliza hacia abajo\"\/>Sigue deslizando hacia abajo para ver m\u00e1s contenidos<\/p>\n","protected":false},"excerpt":{"rendered":"Sergio Scariolo\u00a0compareci\u00f3 en rueda de prensa despu\u00e9s de la victoria del Real Madrid por 92 a 101 en&hellip;\n","protected":false},"author":2,"featured_media":224345,"comment_status":"","ping_status":"","sticky":false,"template":"","format":"standard","meta":{"footnotes":""},"categories":[268],"tags":[2296,168,25,24,280,282,3048,3049,281,23,167],"class_list":{"0":"post-224344","1":"post","2":"type-post","3":"status-publish","4":"format-standard","5":"has-post-thumbnail","7":"category-futbol","8":"tag-barca","9":"tag-deportes","10":"tag-es","11":"tag-espana","12":"tag-football","13":"tag-futbol","14":"tag-real-madrid","15":"tag-sergio-scariolo","16":"tag-soccer","17":"tag-spain","18":"tag-sports"},"share_on_mastodon":{"url":"https:\/\/pubeurope.com\/@es\/115511647696897749","error":""},"_links":{"self":[{"href":"https:\/\/www.europesays.com\/es\/wp-json\/wp\/v2\/posts\/224344","targetHints":{"allow":["GET"]}}],"collection":[{"href":"https:\/\/www.europesays.com\/es\/wp-json\/wp\/v2\/posts"}],"about":[{"href":"https:\/\/www.europesays.com\/es\/wp-json\/wp\/v2\/types\/post"}],"author":[{"embeddable":true,"href":"https:\/\/www.europesays.com\/es\/wp-json\/wp\/v2\/users\/2"}],"replies":[{"embeddable":true,"href":"https:\/\/www.europesays.com\/es\/wp-json\/wp\/v2\/comments?post=224344"}],"version-history":[{"count":0,"href":"https:\/\/www.europesays.com\/es\/wp-json\/wp\/v2\/posts\/224344\/revisions"}],"wp:featuredmedia":[{"embeddable":true,"href":"https:\/\/www.europesays.com\/es\/wp-json\/wp\/v2\/media\/224345"}],"wp:attachment":[{"href":"https:\/\/www.europesays.com\/es\/wp-json\/wp\/v2\/media?parent=224344"}],"wp:term":[{"taxonomy":"category","embeddable":true,"href":"https:\/\/www.europesays.com\/es\/wp-json\/wp\/v2\/categories?post=224344"},{"taxonomy":"post_tag","embeddable":true,"href":"https:\/\/www.europesays.com\/es\/wp-json\/wp\/v2\/tags?post=224344"}],"curies":[{"name":"wp","href":"https:\/\/api.w.org\/{rel}","templated":true}]}}