{"id":224365,"date":"2025-11-08T02:22:08","date_gmt":"2025-11-08T02:22:08","guid":{"rendered":"https:\/\/www.europesays.com\/es\/224365\/"},"modified":"2025-11-08T02:22:08","modified_gmt":"2025-11-08T02:22:08","slug":"un-wasap-situa-a-leire-diez-como-sustituta-de-santos-cerdan-en-la-primera-reunion-con-el-fiscal-stampa","status":"publish","type":"post","link":"https:\/\/www.europesays.com\/es\/224365\/","title":{"rendered":"Un wasap sit\u00faa a Leire D\u00edez como sustituta de Santos Cerd\u00e1n en la primera reuni\u00f3n con el fiscal Stampa"},"content":{"rendered":"<p style=\"\">Una de las comunicaciones de Whatsapp incorporadas al caso Leire, en el que se investiga a la ex militante del PSOE, Leire D\u00edez, por tr\u00e1fico de influencias y cohecho, desvela que el exfiscal anticorrupci\u00f3n Ignacio Stampa pensaba que se reunir\u00eda el pasado mayo con el  &#8230; ex secretario de Organizaci\u00f3n del PSOE, Santos Cerd\u00e1n, y en su lugar apareci\u00f3 ella.<\/p>\n<p class=\"voc-p\" style=\"\">As\u00ed lo probar\u00eda un mensaje enviado por Luis del Rivero -empresario que en su d\u00eda fue denunciante y perjudicado del caso Villarejo- a Ignacio Stampa, fiscal que estuvo al frente del caso contra el comisario jubilado y fue apartado del caso al no ser renovado por el Consejo Fiscal.<\/p>\n<p class=\"voc-p\" style=\"\">En dicho mensaje, Del Rivero propon\u00eda a Stampa una reuni\u00f3n en la que participar\u00eda tambi\u00e9n Javier P\u00e9rez Dolset, empresario tecnol\u00f3gico tambi\u00e9n perjudicado por los informes de Villarejo, supuestamente en connivencia con el Grupo Planeta, y un &#8216;enviado&#8217; del PSOE que, en ese momento, Del Rivero afirm\u00f3 que ser\u00eda el propio Santos Cerd\u00e1n. <\/p>\n<p class=\"voc-p\" style=\"\">Finalmente, la reuni\u00f3n <a href=\"https:\/\/www.abc.es\/espana\/leire-diez-fiscal-stampa-persona-puesto-psoe-20251021161422-nt.html\" target=\"_self\" data-voc-vtm-id=\"in-text-traffic\" title=\"tuvo lugar el 7 de mayo de 2025 en el despacho de Del Rivero\" data-mrf-link=\"www.abc.es\" rel=\"nofollow noopener\">tuvo lugar el 7 de mayo de 2025 en el despacho de Del Rivero<\/a> pero no acudi\u00f3 Santos Cerd\u00e1n, sino Leire D\u00edez. En dicha reuni\u00f3n, como ya public\u00f3 ABC, D\u00edez se present\u00f3 como persona de confianza de S\u00e1nchez tras la apertura del caso Bego\u00f1a G\u00f3mez.<\/p>\n<p class=\"voc-p\" style=\"\">Leire D\u00edez hizo t\u00e1ndem con P\u00e9rez Dolset porque el empresario atesoraba ingente documentaci\u00f3n de la pieza Kitchen del caso Villarejo -la del operativo parapolicial al extesorero del PP, Luis B\u00e1rcenas, para hacerse con informaci\u00f3n que ten\u00eda en su poder, a\u00fan debe dilucidarse en juicio si a petici\u00f3n del entonces ministro del Interior popular, Jorge Fern\u00e1ndez D\u00edaz- que pod\u00eda interesar al PSOE. <\/p>\n<p class=\"voc-p\" style=\"\">Seg\u00fan la informaci\u00f3n incorporada a la causa abierta por el juez de Madrid Arturo Zamarriego, Leire D\u00edez habr\u00eda actuado como enviada del partido del Gobierno a distintas reuniones -tambi\u00e9n con un agente de la Guardia Civil investigado en el caso Hidrocarburos, Rub\u00e9n Villalba- para conseguir informaci\u00f3n con la que desacreditar a la Fiscal\u00eda Anticorrupci\u00f3n y a la Unidad Central Operativa (UCO) de la Guardia Civil. Ambas unidades investigadoras se ocupan de las principales causas de corrupci\u00f3n abiertas al entorno del presidente del Gobierno, Pedro S\u00e1nchez: a su mujer, Bego\u00f1a G\u00f3mez, por presunto tr\u00e1fico de influencias, malversaci\u00f3n y apropiaci\u00f3n indebida por su acceso a una c\u00e1tedra extraordinaria en la Universidad Complutense de Madrid (UCM); a su hermano, por prevaricaci\u00f3n y tr\u00e1fico de influencias al obtener una plaza de coordinador de conservatorios de Badajoz, puesto creado por la Diputaci\u00f3n, bajo control del PSOE y al exministro de Transportes, Jos\u00e9 Luis \u00c1balos, a su asesor Koldo Garc\u00eda y al ex secretario de Organizaci\u00f3n del PSOE, Santos Cerd\u00e1n. <\/p>\n","protected":false},"excerpt":{"rendered":"Una de las comunicaciones de Whatsapp incorporadas al caso Leire, en el que se investiga a la ex&hellip;\n","protected":false},"author":2,"featured_media":224366,"comment_status":"","ping_status":"","sticky":false,"template":"","format":"standard","meta":{"footnotes":""},"categories":[8],"tags":[17,18,9594,1630,25,24,13,14,6987,11,19,20,25809,9,10,15,16,1078,7458,9593,3587,23,59369,59368,12,21,22,59367],"class_list":{"0":"post-224365","1":"post","2":"type-post","3":"status-publish","4":"format-standard","5":"has-post-thumbnail","7":"category-espana","8":"tag-breaking-news","9":"tag-breakingnews","10":"tag-cerdan","11":"tag-diez","12":"tag-es","13":"tag-espana","14":"tag-featured-news","15":"tag-featurednews","16":"tag-fiscal","17":"tag-headlines","18":"tag-latest-news","19":"tag-latestnews","20":"tag-leire","21":"tag-news","22":"tag-noticias","23":"tag-noticias-destacadas","24":"tag-noticiasdestacadas","25":"tag-primera","26":"tag-reunion","27":"tag-santos","28":"tag-situa","29":"tag-spain","30":"tag-stampa","31":"tag-sustituta","32":"tag-titulares","33":"tag-ultimas-noticias","34":"tag-ultimasnoticias","35":"tag-wasap"},"share_on_mastodon":{"url":"https:\/\/pubeurope.com\/@es\/115511698644698896","error":""},"_links":{"self":[{"href":"https:\/\/www.europesays.com\/es\/wp-json\/wp\/v2\/posts\/224365","targetHints":{"allow":["GET"]}}],"collection":[{"href":"https:\/\/www.europesays.com\/es\/wp-json\/wp\/v2\/posts"}],"about":[{"href":"https:\/\/www.europesays.com\/es\/wp-json\/wp\/v2\/types\/post"}],"author":[{"embeddable":true,"href":"https:\/\/www.europesays.com\/es\/wp-json\/wp\/v2\/users\/2"}],"replies":[{"embeddable":true,"href":"https:\/\/www.europesays.com\/es\/wp-json\/wp\/v2\/comments?post=224365"}],"version-history":[{"count":0,"href":"https:\/\/www.europesays.com\/es\/wp-json\/wp\/v2\/posts\/224365\/revisions"}],"wp:featuredmedia":[{"embeddable":true,"href":"https:\/\/www.europesays.com\/es\/wp-json\/wp\/v2\/media\/224366"}],"wp:attachment":[{"href":"https:\/\/www.europesays.com\/es\/wp-json\/wp\/v2\/media?parent=224365"}],"wp:term":[{"taxonomy":"category","embeddable":true,"href":"https:\/\/www.europesays.com\/es\/wp-json\/wp\/v2\/categories?post=224365"},{"taxonomy":"post_tag","embeddable":true,"href":"https:\/\/www.europesays.com\/es\/wp-json\/wp\/v2\/tags?post=224365"}],"curies":[{"name":"wp","href":"https:\/\/api.w.org\/{rel}","templated":true}]}}