{"id":224371,"date":"2025-11-08T02:31:12","date_gmt":"2025-11-08T02:31:12","guid":{"rendered":"https:\/\/www.europesays.com\/es\/224371\/"},"modified":"2025-11-08T02:31:12","modified_gmt":"2025-11-08T02:31:12","slug":"pedro-martinez-y-tomas-masiulis-analizan-el-zalgiris-kaunas","status":"publish","type":"post","link":"https:\/\/www.europesays.com\/es\/224371\/","title":{"rendered":"Pedro Mart\u00ednez y Tomas Masiulis analizan el Zalgiris Kaunas"},"content":{"rendered":"<p class=\"ft-text\"><a class=\"ft-link ft-link--decoration\" href=\"https:\/\/www.superdeporte.es\/valencia-basket\/2025\/11\/06\/pedro-martinez-rivales-exigencia-euroliga-123423261.html\" rel=\"nofollow noopener\" target=\"_blank\"><strong>Pedro Mart\u00ednez ya hab\u00eda advertido de la necesidad de igualar la intensidad defensiva ante el mejor equipo de la competici\u00f3n en esta faceta<\/strong><\/a> para tener opciones de ganarles, pero el t\u00e9cnico taronja vio c\u00f3mo el triunfo se escap\u00f3, en parte, por un problema bajo los aros.<\/p>\n<p class=\"ft-text\">Y es que el entrenador del Valencia Basket asegur\u00f3 tras la <a class=\"ft-link ft-link--decoration\" href=\"https:\/\/www.superdeporte.es\/valencia-basket\/2025\/11\/07\/defensa-zalgiris-atraganta-valencia-basket-kaunas-euroliga-123484797.html\" rel=\"nofollow noopener\" target=\"_blank\">derrota <\/a>de su equipo por <a class=\"ft-link ft-link--decoration\" href=\"https:\/\/www.euroleaguebasketball.net\/es\/euroleague\/game-center\/2025-26\/zalgiris-kaunas-valencia-basket\/E2025\/90\/\" rel=\"nofollow noopener\" target=\"_blank\">86-77<\/a> en la pista del Zalgiris Kaunas que la falta de control del rebote defensivo les conden\u00f3 en su encuentro ante el equipo lituano. \u00abHemos cedido muchas segundas oportunidades y as\u00ed es muy dif\u00edcil ganar. <strong>Es muy dif\u00edcil ganar un partido igualado cuando el otro equipo controla mucho mejor el rebote<\/strong>\u00ab, se\u00f1alo en la rueda de prensa posterior. Los locales ganaron la batalla del rebote 41-31 y 16 de ellos fueron ofensivos.<\/p>\n<p class=\"ft-text\">A pesar de ello, puso en valor el esfuerzo y la fe de los jugadores hasta el final. \u00abHemos luchado, hemos tenido varias situaciones dif\u00edciles y <strong>hemos conseguido meternos en el partido con una buena mentalidad<\/strong>. Tenemos que seguir en la misma l\u00ednea y tratar de mejorar\u00bb, a\u00f1adi\u00f3.<\/p>\n<p><img decoding=\"async\" src=\"https:\/\/www.europesays.com\/es\/wp-content\/uploads\/2025\/11\/cbb48227-8cab-492a-8327-1e2a1d06ad17_alta-libre-aspect-ratio_default_0.jpg\" width=\"1200\" height=\"1800\" alt=\"Nate Reuvers intenta frenar a Sylvain Francisco en el partido del Valencia BC ante el Zalgiris en Kaunas.\" class=\"ft-helper-img-rd\" loading=\"lazy\"\/><\/p>\n<p class=\"ft-helper-fontColor-quaternary ft-helper-fontSize-body-S ft-helper-spacer-t-xxs\">Nate Reuvers intenta frenar a Sylvain Francisco en el partido del Valencia BC ante el Zalgiris en Kaunas.  \/ Linas Zemgulis<\/p>\n<p>Tomas Masiulis destaca la defensa del Zalgiris<\/p>\n<p class=\"ft-text\">Por su parte, el t\u00e9cnico local, Tomas Masiulis, asegur\u00f3 que fue una buena victoria de su equipo y agradeci\u00f3 a sus aficionados el apoyo en un choque del que destac\u00f3 la faceta defensiva de los suyos. \u00ab<strong>Hemos dejado al Valencia Basket en 77 puntos en parte porque no les hemos dejado hacer muchos contraataques<\/strong>. Creo que es un buen resultado y que hemos conseguido mantenernos unidos\u00bb, destac\u00f3.<\/p>\n","protected":false},"excerpt":{"rendered":"Pedro Mart\u00ednez ya hab\u00eda advertido de la necesidad de igualar la intensidad defensiva ante el mejor equipo de&hellip;\n","protected":false},"author":2,"featured_media":224372,"comment_status":"","ping_status":"","sticky":false,"template":"","format":"standard","meta":{"footnotes":""},"categories":[269],"tags":[299,1918,298,12554,168,2244,25,24,833,58776,825,1822,12326,23,167,235,2916,53969,53569],"class_list":{"0":"post-224371","1":"post","2":"type-post","3":"status-publish","4":"format-standard","5":"has-post-thumbnail","7":"category-baloncesto","8":"tag-baloncesto","9":"tag-basket","10":"tag-basketball","11":"tag-clave","12":"tag-deportes","13":"tag-derrota","14":"tag-es","15":"tag-espana","16":"tag-euroliga","17":"tag-kaunas","18":"tag-martinez","19":"tag-pedro","20":"tag-pedro-martinez","21":"tag-spain","22":"tag-sports","23":"tag-valencia","24":"tag-valencia-basket","25":"tag-zalgiris","26":"tag-zalgiris-kaunas"},"share_on_mastodon":{"url":"https:\/\/pubeurope.com\/@es\/115511734308983931","error":""},"_links":{"self":[{"href":"https:\/\/www.europesays.com\/es\/wp-json\/wp\/v2\/posts\/224371","targetHints":{"allow":["GET"]}}],"collection":[{"href":"https:\/\/www.europesays.com\/es\/wp-json\/wp\/v2\/posts"}],"about":[{"href":"https:\/\/www.europesays.com\/es\/wp-json\/wp\/v2\/types\/post"}],"author":[{"embeddable":true,"href":"https:\/\/www.europesays.com\/es\/wp-json\/wp\/v2\/users\/2"}],"replies":[{"embeddable":true,"href":"https:\/\/www.europesays.com\/es\/wp-json\/wp\/v2\/comments?post=224371"}],"version-history":[{"count":0,"href":"https:\/\/www.europesays.com\/es\/wp-json\/wp\/v2\/posts\/224371\/revisions"}],"wp:featuredmedia":[{"embeddable":true,"href":"https:\/\/www.europesays.com\/es\/wp-json\/wp\/v2\/media\/224372"}],"wp:attachment":[{"href":"https:\/\/www.europesays.com\/es\/wp-json\/wp\/v2\/media?parent=224371"}],"wp:term":[{"taxonomy":"category","embeddable":true,"href":"https:\/\/www.europesays.com\/es\/wp-json\/wp\/v2\/categories?post=224371"},{"taxonomy":"post_tag","embeddable":true,"href":"https:\/\/www.europesays.com\/es\/wp-json\/wp\/v2\/tags?post=224371"}],"curies":[{"name":"wp","href":"https:\/\/api.w.org\/{rel}","templated":true}]}}