{"id":224377,"date":"2025-11-08T02:34:11","date_gmt":"2025-11-08T02:34:11","guid":{"rendered":"https:\/\/www.europesays.com\/es\/224377\/"},"modified":"2025-11-08T02:34:11","modified_gmt":"2025-11-08T02:34:11","slug":"el-arte-sobre-lienzo-en-pequeno-formato-se-cita-en-bellavista","status":"publish","type":"post","link":"https:\/\/www.europesays.com\/es\/224377\/","title":{"rendered":"El arte sobre lienzo en peque\u00f1o formato se cita en Bellavista"},"content":{"rendered":"<p>\t\t<a href=\"https:\/\/www.ayto-aljaraque.es\/export\/sites\/aljaraque\/es\/.galleries\/imagenes-noticias\/noticias-2025\/Noviembre-2025\/20x20-1.JPG\" title=\"\" class=\"wrapper-image zoom-filter \" rel=\"prettyPhoto[gallery1] nofollow noopener\" target=\"_blank\">\t\t\t<\/p>\n<p>\t\t\t\t\t\t<img loading=\"lazy\" decoding=\"async\" class=\"img-responsive\" src=\"https:\/\/www.europesays.com\/es\/wp-content\/uploads\/2025\/11\/20x20-1.JPG_2080721182.jpg\" width=\"5184\" height=\"3456\" title=\"20x20 (1)\" alt=\"20x20 (1)\"\/><\/p>\n<p>\t\t\t\t<\/a><\/p>\n<p>La sala de exposiciones Jon Castizo Ciluaga, del edificio municipal de Bellavista, es escenario, desde este jueves, de la muestra \u2018Alumnos de Antonio Cazorla en 20&#215;20\u2019. Dicha exposici\u00f3n re\u00fane a 19 artistas, todos alumnos del taller de pintura de Antonio Cazorla, que presentan, con distintas miradas y sensibilidades, piezas en \u00f3leo sobre lienzo en un formato peque\u00f1o, de tan s\u00f3lo 20&#215;20 cent\u00edmetros.<\/p>\n<p>En la inauguraci\u00f3n de esta exposici\u00f3n ha estado presente la primera Teniente de Alcalde y concejala de Cultura, Ana Mora, quien ha destacado que \u201clos preciosos trabajos que aqu\u00ed contemplamos demuestran que la escala no limita la profundidad ni la emoci\u00f3n de la pintura ni de los artistas. En estos cuadros se observa que cada detalle supone una atracci\u00f3n intensa y el conjunto de obras genera, como se puede apreciar, un aut\u00e9ntico mosaico de mundos \u00edntimos que invitamos a conocer a todos los amantes de la pintura de nuestra poblaci\u00f3n y de localidades cercanas\u201d. Adem\u00e1s, Mora tambien ha felicitado a Antonio Cazorla por su carrera y le ha invitado a que en un futuro exponga sus cuadros en el municipio.<\/p>\n<p>La exposici\u00f3n se podr\u00e1 visitar de lunes a viernes, hasta el pr\u00f3ximo 28 de noviembre, en horario de 9:00 a 14:00 horas y de 16:30 a 21:00 horas<\/p>\n","protected":false},"excerpt":{"rendered":"La sala de exposiciones Jon Castizo Ciluaga, del edificio municipal de Bellavista, es escenario, desde este jueves, de&hellip;\n","protected":false},"author":2,"featured_media":224378,"comment_status":"","ping_status":"","sticky":false,"template":"","format":"standard","meta":{"footnotes":""},"categories":[173],"tags":[229,233,231,230,232,234,146,147,25,24,23],"class_list":{"0":"post-224377","1":"post","2":"type-post","3":"status-publish","4":"format-standard","5":"has-post-thumbnail","7":"category-arte-y-diseno","8":"tag-arte","9":"tag-arte-y-diseno","10":"tag-arts","11":"tag-arts-and-design","12":"tag-design","13":"tag-diseno","14":"tag-entertainment","15":"tag-entretenimiento","16":"tag-es","17":"tag-espana","18":"tag-spain"},"share_on_mastodon":{"url":"https:\/\/pubeurope.com\/@es\/115511746030564212","error":""},"_links":{"self":[{"href":"https:\/\/www.europesays.com\/es\/wp-json\/wp\/v2\/posts\/224377","targetHints":{"allow":["GET"]}}],"collection":[{"href":"https:\/\/www.europesays.com\/es\/wp-json\/wp\/v2\/posts"}],"about":[{"href":"https:\/\/www.europesays.com\/es\/wp-json\/wp\/v2\/types\/post"}],"author":[{"embeddable":true,"href":"https:\/\/www.europesays.com\/es\/wp-json\/wp\/v2\/users\/2"}],"replies":[{"embeddable":true,"href":"https:\/\/www.europesays.com\/es\/wp-json\/wp\/v2\/comments?post=224377"}],"version-history":[{"count":0,"href":"https:\/\/www.europesays.com\/es\/wp-json\/wp\/v2\/posts\/224377\/revisions"}],"wp:featuredmedia":[{"embeddable":true,"href":"https:\/\/www.europesays.com\/es\/wp-json\/wp\/v2\/media\/224378"}],"wp:attachment":[{"href":"https:\/\/www.europesays.com\/es\/wp-json\/wp\/v2\/media?parent=224377"}],"wp:term":[{"taxonomy":"category","embeddable":true,"href":"https:\/\/www.europesays.com\/es\/wp-json\/wp\/v2\/categories?post=224377"},{"taxonomy":"post_tag","embeddable":true,"href":"https:\/\/www.europesays.com\/es\/wp-json\/wp\/v2\/tags?post=224377"}],"curies":[{"name":"wp","href":"https:\/\/api.w.org\/{rel}","templated":true}]}}