{"id":224392,"date":"2025-11-08T02:54:07","date_gmt":"2025-11-08T02:54:07","guid":{"rendered":"https:\/\/www.europesays.com\/es\/224392\/"},"modified":"2025-11-08T02:54:07","modified_gmt":"2025-11-08T02:54:07","slug":"las-bajas-dejan-sin-opcion-al-casademont-zaragoza-u22-en-la-pista-del-real-madrid","status":"publish","type":"post","link":"https:\/\/www.europesays.com\/es\/224392\/","title":{"rendered":"Las bajas dejan sin opci\u00f3n al Casademont Zaragoza U22 en la pista del Real Madrid"},"content":{"rendered":"<p class=\"paragraph\">No tuvo opci\u00f3n el Casademont Zaragoza U22 en la pista del Real Madrid. <b>las cinco ausencias con que el conjunto que prepara Jorge Serna afront\u00f3 el encuentro fueron decisivas<\/b> en un triunfo demasiado f\u00e1cil para el conjunto blanco (86-58).<\/p>\n<p class=\"paragraph\">Jorge Serna<b> no pudo contar con Juan Garc\u00eda, \u00c1lex Moreno, Pedro Campo, Carlos Alias y el p\u00edvot cubano Anthony Rodr\u00edguez<\/b>. Las bajas mermaron mucho las rotaciones aragonesas, sobre todo en un juego exterior que nunca signific\u00f3 oposici\u00f3n para los exteriores madridistas. Dentro de la pintura hubo algo m\u00e1s de igualdad (39 por 37 rebotes), aunque siempre mand\u00f3 con mucha claridad el Real Madrid.<\/p>\n<p class=\"paragraph\">Sin poder rotar, los jugadores aragoneses consumieron un minutaje notable, con gran desgaste de Traor\u00e9, Lukic y Savkov. <b>Lucas Langarita, jugador de la primera plantilla que deber\u00eda haber marcado diferencias para el Casademont Zaragoza, no lo hizo, anotando solo 5 puntos<\/b>, con una pobre serie de 2 de 8 en tiros de dos, 0 de 3 en tiros de tres y 1 de 2 en libres.<\/p>\n<p class=\"paragraph\"><b>Solo hubo cierto equilibrio en el primer cuarto, que finaliz\u00f3 con ventaja de cinco puntos de los blancos (21-16)<\/b>. En el segundo cuarto, el partido se rompi\u00f3 a favor del Real Madrid alimentado por los puntos de jugadores absolutamente diferenciales, como Egor Amosov, Ilia Frolov e Izan Almansa. Jorge Serna, entrenador del Casademont, intent\u00f3 parar el partido y solicit\u00f3 hasta dos tiempos muertos, pero el choque ya estaba decidido al descanso (43-29).<\/p>\n<p class=\"paragraph\">No levant\u00f3 el pie del acelerador el Real Madrid, muy superior en todos los \u00f3rdenes a un Casademont sensiblemente mermado. <b>Quiz\u00e1 una de las escasas buenas noticias fuera el debut de Jorge Prieto y Mat\u00edas Auciello<\/b>, que para nada rindieron a menor nivel que sus compa\u00f1eros. Al final del tercer cuarto, un 59-37 que no dejaba nada en el aire para un cuarto final en el que el Real Madrid se dej\u00f3 llevar ante un Casademont sin plantel suficiente para oponer resistencia (86-58). <b>Solo queda recuperar las bajas para retomar el buen camino que estaba llevando el conjunto aragon\u00e9s en la Liga U22.<\/b><\/p>\n<p class=\"paragraph\"><b>Ficha t\u00e9cnica:<\/b><\/p>\n<p class=\"paragraph\">Real Madrid, 86: Egor Amosov (17), Ilia Frolov (14), Gunars Grinvalds (8), Fabian Kayser (8), Izan Almansa (7) -equipo inicial-, Andrej Fantic (8), Rodrigo Rioja (7), Gabriel Tavier (5), Diosdado Krohnert (5), Ignacio Rup\u00e9rez (3), Sarr (2) y Hugo Alonso (2).<\/p>\n<p class=\"paragraph\">Casademont Zaragoza, 58: Youssouf Traor\u00e9 (11), Matija Lukic (10), Rub\u00e9n Valero (6), Keita Soumalia (6), Lucas Langarita (5) -equipo inicial-, Alesandr Savkov (7), Seydina Faye (6), Mat\u00edas Auciello (5), Jorge Prieto (2), \u00c1lvaro Cativiela (-) y Carlos Iglesias (-).<\/p>\n<p class=\"paragraph\">Parciales: 21-16, 22-13, 16-8 y 27-21.<\/p>\n<p class=\"paragraph\">Incidencias: se jug\u00f3 en la Ciudad Deportiva del Real Madrid.\u00a0<\/p>\n","protected":false},"excerpt":{"rendered":"No tuvo opci\u00f3n el Casademont Zaragoza U22 en la pista del Real Madrid. las cinco ausencias con que&hellip;\n","protected":false},"author":2,"featured_media":224393,"comment_status":"","ping_status":"","sticky":false,"template":"","format":"standard","meta":{"footnotes":""},"categories":[269],"tags":[299,298,2511,168,25,24,205,2538,5839,23,167,491],"class_list":{"0":"post-224392","1":"post","2":"type-post","3":"status-publish","4":"format-standard","5":"has-post-thumbnail","7":"category-baloncesto","8":"tag-baloncesto","9":"tag-basketball","10":"tag-casademont","11":"tag-deportes","12":"tag-es","13":"tag-espana","14":"tag-madrid","15":"tag-opcion","16":"tag-pista","17":"tag-spain","18":"tag-sports","19":"tag-zaragoza"},"share_on_mastodon":{"url":"https:\/\/pubeurope.com\/@es\/115511824495669664","error":""},"_links":{"self":[{"href":"https:\/\/www.europesays.com\/es\/wp-json\/wp\/v2\/posts\/224392","targetHints":{"allow":["GET"]}}],"collection":[{"href":"https:\/\/www.europesays.com\/es\/wp-json\/wp\/v2\/posts"}],"about":[{"href":"https:\/\/www.europesays.com\/es\/wp-json\/wp\/v2\/types\/post"}],"author":[{"embeddable":true,"href":"https:\/\/www.europesays.com\/es\/wp-json\/wp\/v2\/users\/2"}],"replies":[{"embeddable":true,"href":"https:\/\/www.europesays.com\/es\/wp-json\/wp\/v2\/comments?post=224392"}],"version-history":[{"count":0,"href":"https:\/\/www.europesays.com\/es\/wp-json\/wp\/v2\/posts\/224392\/revisions"}],"wp:featuredmedia":[{"embeddable":true,"href":"https:\/\/www.europesays.com\/es\/wp-json\/wp\/v2\/media\/224393"}],"wp:attachment":[{"href":"https:\/\/www.europesays.com\/es\/wp-json\/wp\/v2\/media?parent=224392"}],"wp:term":[{"taxonomy":"category","embeddable":true,"href":"https:\/\/www.europesays.com\/es\/wp-json\/wp\/v2\/categories?post=224392"},{"taxonomy":"post_tag","embeddable":true,"href":"https:\/\/www.europesays.com\/es\/wp-json\/wp\/v2\/tags?post=224392"}],"curies":[{"name":"wp","href":"https:\/\/api.w.org\/{rel}","templated":true}]}}