{"id":224396,"date":"2025-11-08T02:56:08","date_gmt":"2025-11-08T02:56:08","guid":{"rendered":"https:\/\/www.europesays.com\/es\/224396\/"},"modified":"2025-11-08T02:56:08","modified_gmt":"2025-11-08T02:56:08","slug":"eres-de-las-cosas-mas-bonitas-que-me-han-pasado-este-ano","status":"publish","type":"post","link":"https:\/\/www.europesays.com\/es\/224396\/","title":{"rendered":"Eres de las cosas m\u00e1s bonitas que me han pasado este a\u00f1o"},"content":{"rendered":"<p class=\"c-paragraph\">El cantante <b>Anto\u00f1ito Molina<\/b> ha protagonizado uno de los momentos m\u00e1s emotivos de esta semana. Ha sido antes de su concierto en <a href=\"https:\/\/www.20minutos.es\/tags\/lugares\/valladolid.html\" title=\"Valladolid\" rel=\"nofollow noopener\" target=\"_blank\">Valladolid <\/a>cuando\u00a0el artista hizo un gesto de cari\u00f1o hacia una mujer mayor conocida como &#8216;<b>la abuela Carmen&#8217;<\/b>. La historia, que el propio Molina ha contado en su cuenta de <a href=\"https:\/\/www.20minutos.es\/tags\/temas\/instagram.html\" title=\"Instagram\" rel=\"nofollow noopener\" target=\"_blank\">Instagram<\/a>, ha conmovido a sus seguidores por la naturalidad y ternura del encuentro.<\/p>\n<p class=\"c-paragraph\">\u00ab<b>La abuela Carmen ha sido lo mejor de estos conciertos por el norte<\/b>\u00ab, comenzaba escribiendo el cantante en una publicaci\u00f3n acompa\u00f1ada de fotos del momento. Molina cuenta que hab\u00eda recibido un mensaje de la nieta de la anciana, quien le explic\u00f3 que su abuela, que en un principio iba asistir al concierto, finalmente no lo har\u00eda porque \u00abno le apetec\u00eda del todo\u00bb.<\/p>\n<p class=\"c-paragraph\">Ese comentario bast\u00f3 para despertar la curiosidad del artista. \u00abYo, que estoy ah\u00ed siempre en las redes metido y que leo casi todo (s\u00e9 que a veces no deber\u00eda), le\u00ed y me di cuenta de que la residencia donde se encontraba la abuela Carmen<b> estaba solo a tres minutos de donde toc\u00e1bamos en Valladolid<\/b>, as\u00ed que decid\u00ed presentarme all\u00ed\u2026\u00bb, contin\u00faa.<\/p>\n<p class=\"c-paragraph\">En ese momento, Molina decidi\u00f3 actuar. Sin previo aviso,<b> se present\u00f3 en la residencia para saludarla en persona <\/b>y tratar de convencerla de que se acercara, aunque fuera solo un rato, a verle cantar. \u00abNo me dig\u00e1is c\u00f3mo, pero la convenc\u00ed para que se viniera a la prueba de sonido y cantarle unas poquitas de canciones para ella y su familia\u00bb.<\/p>\n<p class=\"c-paragraph\">Lo que no esperaba era que tras aquella visita improvisada Carmen acabar\u00eda qued\u00e1ndose. \u00abCuando sal\u00ed a cantar, estaba all\u00ed. Hab\u00eda decidido quedarse al concierto. <b>Qu\u00e9 suerte la m\u00eda <\/b>y la de todo el p\u00fablico de Valladolid de tener a la abuela Carmen con nosotros\u00bb, escribi\u00f3 el artista, acompa\u00f1ado de varios emojis llorando de emoci\u00f3n.<\/p>\n<p class=\"c-paragraph\">\u00abLa abuela Carmen no es muy de Instagram, as\u00ed que supongo que esto no lo leer\u00e1, o lo mismo s\u00ed, porque su nieta se lo cuente. Pero quiero decirte que<b> eres de las cosas m\u00e1s bonitas que me han pasado<\/b> en este a\u00f1o tan bonito. Te quiero, Carmen\u00bb, concluye el texto.<\/p>\n","protected":false},"excerpt":{"rendered":"El cantante Anto\u00f1ito Molina ha protagonizado uno de los momentos m\u00e1s emotivos de esta semana. Ha sido antes&hellip;\n","protected":false},"author":2,"featured_media":224397,"comment_status":"","ping_status":"","sticky":false,"template":"","format":"standard","meta":{"footnotes":""},"categories":[174],"tags":[59371,59370,255,19640,437,146,147,25,24,256,5809,23],"class_list":{"0":"post-224396","1":"post","2":"type-post","3":"status-publish","4":"format-standard","5":"has-post-thumbnail","7":"category-famosos","8":"tag-abuela-carmen","9":"tag-antonito","10":"tag-celebrities","11":"tag-emotivo","12":"tag-encuentro","13":"tag-entertainment","14":"tag-entretenimiento","15":"tag-es","16":"tag-espana","17":"tag-famosos","18":"tag-molina","19":"tag-spain"},"share_on_mastodon":{"url":"https:\/\/pubeurope.com\/@es\/115511832408679837","error":""},"_links":{"self":[{"href":"https:\/\/www.europesays.com\/es\/wp-json\/wp\/v2\/posts\/224396","targetHints":{"allow":["GET"]}}],"collection":[{"href":"https:\/\/www.europesays.com\/es\/wp-json\/wp\/v2\/posts"}],"about":[{"href":"https:\/\/www.europesays.com\/es\/wp-json\/wp\/v2\/types\/post"}],"author":[{"embeddable":true,"href":"https:\/\/www.europesays.com\/es\/wp-json\/wp\/v2\/users\/2"}],"replies":[{"embeddable":true,"href":"https:\/\/www.europesays.com\/es\/wp-json\/wp\/v2\/comments?post=224396"}],"version-history":[{"count":0,"href":"https:\/\/www.europesays.com\/es\/wp-json\/wp\/v2\/posts\/224396\/revisions"}],"wp:featuredmedia":[{"embeddable":true,"href":"https:\/\/www.europesays.com\/es\/wp-json\/wp\/v2\/media\/224397"}],"wp:attachment":[{"href":"https:\/\/www.europesays.com\/es\/wp-json\/wp\/v2\/media?parent=224396"}],"wp:term":[{"taxonomy":"category","embeddable":true,"href":"https:\/\/www.europesays.com\/es\/wp-json\/wp\/v2\/categories?post=224396"},{"taxonomy":"post_tag","embeddable":true,"href":"https:\/\/www.europesays.com\/es\/wp-json\/wp\/v2\/tags?post=224396"}],"curies":[{"name":"wp","href":"https:\/\/api.w.org\/{rel}","templated":true}]}}