{"id":224398,"date":"2025-11-08T02:57:11","date_gmt":"2025-11-08T02:57:11","guid":{"rendered":"https:\/\/www.europesays.com\/es\/224398\/"},"modified":"2025-11-08T02:57:11","modified_gmt":"2025-11-08T02:57:11","slug":"presidenta-del-museo-del-louvre-defiende-su-decision-de-apostar-por-la-adquisicion-de-nuevas-obras-para-enriquecer-el-patrimonio-tras-el-robo","status":"publish","type":"post","link":"https:\/\/www.europesays.com\/es\/224398\/","title":{"rendered":"Presidenta del Museo del Louvre defiende su decisi\u00f3n de apostar por la adquisici\u00f3n de nuevas obras para enriquecer el patrimonio tras el robo"},"content":{"rendered":"<p>La <b>presidenta del Louvre, Laurence des Cars<\/b>, defendi\u00f3 este 7 de noviembre su decisi\u00f3n de adquirir nuevas obras para enriquecer el patrimonio del Louvre y dijo que el <b>Tribunal de Cuentas de Francia<\/b>, que critic\u00f3 duramente haber dado prioridad a la ampliaci\u00f3n de los fondos sobre la seguridad, se equivoca.<\/p>\n<p class=\"c-cuerpo__media__txt\">Presidenta del Louvre, Laurence des Cars Foto:EFE<\/p>\n<p><b>\u00abPienso que se equivoca siendo tan severo\u00bb,<\/b> manifest\u00f3 Des Cars, entrevistada en la cadena p\u00fablica Franceinfo, en sus primeras declaraciones tras la presentaci\u00f3n este jueves del demoledor informe del Tribunal de Cuentas.<\/p>\n<p>Des Cars explic\u00f3 que aplic\u00f3 \u00abesas prioridades\u00bb porque piensa \u00abque los franceses est\u00e1n muy comprometidos con el enriquecimiento de su patrimonio\u00bb.<\/p>\n<p class=\"c-leatambien__titulo\"> LEA TAMBI\u00c9N <\/p>\n<p><img decoding=\"async\" alt=\"Capturada presunta reclutadora de La Terraza\" width=\"120\" height=\"120\" loading=\"lazy\" src=\"https:\/\/imagenes2.eltiempo.com\/files\/image_120_120\/files\/fp\/uploads\/2025\/11\/06\/690d22f7bcb6a.r_d.511-253.jpeg\" data-full-src=\"https:\/\/www.europesays.com\/es\/wp-content\/uploads\/2025\/11\/690d22f7bcb6a.jpeg\"\/><\/p>\n<p><b>\u00abEl Louvre es un todo en el que no hay que oponer las obras (que atesora) a las adquisiciones de (nuevas) obras\u00bb,<\/b> adujo, y record\u00f3 que las compras forman parte de las \u00abmisiones estatutarias\u00bb del que es el museo m\u00e1s visitado del mundo.<\/p>\n<p class=\"c-cuerpo__media__txt\">Visitantes caminan por la retrospectiva del Museo del Louvre. Foto:AFP<\/p>\n<p>Respecto a la seguridad, Des Cars sostuvo que <b>hab\u00eda tomado \u00abplena conciencia\u00bb de la cuesti\u00f3n ya antes del robo del pasado 19 de octubre<\/b>, ya que desde 2022 busc\u00f3 trabajar en un plan director de seguridad.<\/p>\n<p>\u00abEste plan entra en vigor hoy y en \u00e9l se menciona claramente la cuesti\u00f3n de las intrusiones y los robos\u00bb, cont\u00f3.<\/p>\n<p class=\"c-leatambien__titulo\"> LEA TAMBI\u00c9N <\/p>\n<p><img decoding=\"async\" alt=\"AFP\" width=\"120\" height=\"120\" loading=\"lazy\" src=\"https:\/\/imagenes2.eltiempo.com\/files\/image_120_120\/uploads\/2025\/10\/27\/68ffd1a277b32.jpeg\" data-full-src=\"https:\/\/www.europesays.com\/es\/wp-content\/uploads\/2025\/11\/68ffd1a277b32.jpeg\"\/>\u00bfQu\u00e9 dijo\u00a0el Tribunal de Cuentas de Francia tras el robo al museo?<\/p>\n<p>En su informe presentado este jueves, 6 de noviembre, el Tribunal de Cuentas de Francia -una instituci\u00f3n p\u00fablica independiente que supervisa el uso del dinero p\u00fablico y la gesti\u00f3n de los organismos estatales- <b>alert\u00f3 de que el Louvre opt\u00f3 por dedicar sus notables fondos a promover \u00aboperaciones visibles\u00bb<\/b>, como a la compra de m\u00e1s obras o al plan de ampliaci\u00f3n anunciado por el presidente Emmanuel Macron este 2025.<\/p>\n<p class=\"c-cuerpo__media__txt\">Museo del Louvre horas despu\u00e9s de haberse llevado a cabo el reciente robo. Foto:EFE<\/p>\n<p>Eso antes que \u00ab<b>a renovar y mejorar la seguridad\u00bb de las actuales instalaciones,<\/b> seg\u00fan el presidente del Tribunal, Pierre Moscovici.<\/p>\n<p>\u00abEl Louvre no es v\u00edctima de medios econ\u00f3micos insuficientes. No es v\u00edctima de la austeridad, tiene medios importantes\u00bb, opin\u00f3 Moscovici, adem\u00e1s de advertir que es necesario <b>encontrar \u00abun nuevo equilibrio\u00bb entre la adquisici\u00f3n de nuevas obras<\/b>, \u00abque son necesarias\u00bb, y el refuerzo del dispositivo de seguridad.<\/p>\n<p>Adem\u00e1s, el Tribunal de Cuentas elev\u00f3 en alrededor de un 60 % el coste estimado del plan de ampliaci\u00f3n y remodelaci\u00f3n del museo anunciado a inicios de 2025 por Macron -hasta los 1.150 millones de euros, frente a los 700 y 800 estimados-, que <b>plantea como grandes novedades la creaci\u00f3n de una nueva entrada y de una sala independiente para exhibir la &#8216;La Gioconda&#8217;.\u00a0<\/b><\/p>\n<p>AGENCIA EFE<\/p>\n","protected":false},"excerpt":{"rendered":"La presidenta del Louvre, Laurence des Cars, defendi\u00f3 este 7 de noviembre su decisi\u00f3n de adquirir nuevas obras&hellip;\n","protected":false},"author":2,"featured_media":224399,"comment_status":"","ping_status":"","sticky":false,"template":"","format":"standard","meta":{"footnotes":""},"categories":[173],"tags":[229,233,231,230,232,234,146,147,25,24,41530,23],"class_list":{"0":"post-224398","1":"post","2":"type-post","3":"status-publish","4":"format-standard","5":"has-post-thumbnail","7":"category-arte-y-diseno","8":"tag-arte","9":"tag-arte-y-diseno","10":"tag-arts","11":"tag-arts-and-design","12":"tag-design","13":"tag-diseno","14":"tag-entertainment","15":"tag-entretenimiento","16":"tag-es","17":"tag-espana","18":"tag-museo-del-louvre","19":"tag-spain"},"share_on_mastodon":{"url":"https:\/\/pubeurope.com\/@es\/115511836471008940","error":""},"_links":{"self":[{"href":"https:\/\/www.europesays.com\/es\/wp-json\/wp\/v2\/posts\/224398","targetHints":{"allow":["GET"]}}],"collection":[{"href":"https:\/\/www.europesays.com\/es\/wp-json\/wp\/v2\/posts"}],"about":[{"href":"https:\/\/www.europesays.com\/es\/wp-json\/wp\/v2\/types\/post"}],"author":[{"embeddable":true,"href":"https:\/\/www.europesays.com\/es\/wp-json\/wp\/v2\/users\/2"}],"replies":[{"embeddable":true,"href":"https:\/\/www.europesays.com\/es\/wp-json\/wp\/v2\/comments?post=224398"}],"version-history":[{"count":0,"href":"https:\/\/www.europesays.com\/es\/wp-json\/wp\/v2\/posts\/224398\/revisions"}],"wp:featuredmedia":[{"embeddable":true,"href":"https:\/\/www.europesays.com\/es\/wp-json\/wp\/v2\/media\/224399"}],"wp:attachment":[{"href":"https:\/\/www.europesays.com\/es\/wp-json\/wp\/v2\/media?parent=224398"}],"wp:term":[{"taxonomy":"category","embeddable":true,"href":"https:\/\/www.europesays.com\/es\/wp-json\/wp\/v2\/categories?post=224398"},{"taxonomy":"post_tag","embeddable":true,"href":"https:\/\/www.europesays.com\/es\/wp-json\/wp\/v2\/tags?post=224398"}],"curies":[{"name":"wp","href":"https:\/\/api.w.org\/{rel}","templated":true}]}}