{"id":224408,"date":"2025-11-08T03:04:09","date_gmt":"2025-11-08T03:04:09","guid":{"rendered":"https:\/\/www.europesays.com\/es\/224408\/"},"modified":"2025-11-08T03:04:09","modified_gmt":"2025-11-08T03:04:09","slug":"de-pelicula-en-el-subsuelo-siempre-es-invierno","status":"publish","type":"post","link":"https:\/\/www.europesays.com\/es\/224408\/","title":{"rendered":"De pel\u00edcula &#8211; En el &#8216;Subsuelo &#8216;Siempre es invierno&#8217;"},"content":{"rendered":"<p>Dos son los largos espa\u00f1oles protagonistas en De Pel\u00edcula y los dos pasaron por la 70 edici\u00f3n de la Seminci: Siempre es invierno, el tercer largo de David Trueba y la primera adaptaci\u00f3n de sus libros protagonizada por David Verdaguer y Amaia Salamanca.<\/p>\n<p>Trueba y Verdaguer pasan esta madrugada por nuestros micr\u00f3fonos igual que lo hacen Fernando Franco, Julia Mart\u00ednez y Diego Garisa para hablarnos de Subsuelo, un thriller psicol\u00f3gico lleno de intriga, secretos, culpa y tensi\u00f3n familiar. De un thriller a otro: Reversi\u00f3n, la \u00f3pera prima de Jacob Santana protagonizada por Jaime Lorente, Bel\u00e9n Rueda, Manuel Vega y Fernando Cayo. Una cinta donde el suspense y la incertidumbre desorientan al espectador. Leo y Lou es la pel\u00edcula familiar de la semana, Una historia bonita para desconectar del estr\u00e9s diario que nos cuenta su director Carlos Solana y la protagonista Julia Sulleiro.<\/p>\n<p>El cine internacional est\u00e1 representado en De pel\u00edcula por Dos Forajidos, Una historia de redenci\u00f3n y duelos al sol, con est\u00e9tica cl\u00e1sica pero mirada moderna, protagonizada por Alec Baldwin.<\/p>\n<p>Todo esto adem\u00e1s del resto de la cartelera en la que nos detenemos en Predator: Badlands y Bugonia, fuera de carta con David Delf\u00edn. Muestra tu herida, las cosas de Luis Alegre, Las mejores series con Pedro Calvo y las secciones habituales.<\/p>\n","protected":false},"excerpt":{"rendered":"Dos son los largos espa\u00f1oles protagonistas en De Pel\u00edcula y los dos pasaron por la 70 edici\u00f3n de&hellip;\n","protected":false},"author":2,"featured_media":224409,"comment_status":"","ping_status":"","sticky":false,"template":"","format":"standard","meta":{"footnotes":""},"categories":[91],"tags":[26779,59373,146,147,25,24,133,1448,1986,1987,23],"class_list":{"0":"post-224408","1":"post","2":"type-post","3":"status-publish","4":"format-standard","5":"has-post-thumbnail","7":"category-entretenimiento","8":"tag-de-pelicula-rne","9":"tag-en-el-subsuelo-siempre-es-invierno","10":"tag-entertainment","11":"tag-entretenimiento","12":"tag-es","13":"tag-espana","14":"tag-online","15":"tag-radio","16":"tag-rne","17":"tag-rtve-play","18":"tag-spain"},"share_on_mastodon":{"url":"https:\/\/pubeurope.com\/@es\/115511863691238648","error":""},"_links":{"self":[{"href":"https:\/\/www.europesays.com\/es\/wp-json\/wp\/v2\/posts\/224408","targetHints":{"allow":["GET"]}}],"collection":[{"href":"https:\/\/www.europesays.com\/es\/wp-json\/wp\/v2\/posts"}],"about":[{"href":"https:\/\/www.europesays.com\/es\/wp-json\/wp\/v2\/types\/post"}],"author":[{"embeddable":true,"href":"https:\/\/www.europesays.com\/es\/wp-json\/wp\/v2\/users\/2"}],"replies":[{"embeddable":true,"href":"https:\/\/www.europesays.com\/es\/wp-json\/wp\/v2\/comments?post=224408"}],"version-history":[{"count":0,"href":"https:\/\/www.europesays.com\/es\/wp-json\/wp\/v2\/posts\/224408\/revisions"}],"wp:featuredmedia":[{"embeddable":true,"href":"https:\/\/www.europesays.com\/es\/wp-json\/wp\/v2\/media\/224409"}],"wp:attachment":[{"href":"https:\/\/www.europesays.com\/es\/wp-json\/wp\/v2\/media?parent=224408"}],"wp:term":[{"taxonomy":"category","embeddable":true,"href":"https:\/\/www.europesays.com\/es\/wp-json\/wp\/v2\/categories?post=224408"},{"taxonomy":"post_tag","embeddable":true,"href":"https:\/\/www.europesays.com\/es\/wp-json\/wp\/v2\/tags?post=224408"}],"curies":[{"name":"wp","href":"https:\/\/api.w.org\/{rel}","templated":true}]}}