{"id":224419,"date":"2025-11-08T03:24:09","date_gmt":"2025-11-08T03:24:09","guid":{"rendered":"https:\/\/www.europesays.com\/es\/224419\/"},"modified":"2025-11-08T03:24:09","modified_gmt":"2025-11-08T03:24:09","slug":"rosalia-entre-sonrisas-y-lagrimas-en-el-debut-de-lux-en-directo-con-reliquia","status":"publish","type":"post","link":"https:\/\/www.europesays.com\/es\/224419\/","title":{"rendered":"Rosal\u00eda, entre sonrisas y l\u00e1grimas en el debut de &#8216;Lux&#8217; en directo con &#8216;Reliquia&#8217;"},"content":{"rendered":"<p style=\"\">Nunca una actuaci\u00f3n en directo de una artista espa\u00f1ola tuvo tanta expectaci\u00f3n (quiz\u00e1 otra, la de la misma protagonista <a href=\"https:\/\/www.abc.es\/cultura\/abci-rosalia-conquista-madrid-colosal-concierto-plaza-colon-201811011336_video.html\" target=\"_blank\" data-voc-vtm-id=\"in-text-traffic\" title=\"en Col\u00f3n en 2018\" data-mrf-link=\"www.abc.es\" rel=\"nofollow noopener\">en Col\u00f3n en 2018<\/a>), ni despert\u00f3 tantas preguntas. \u00bfQu\u00e9 canci\u00f3n(es) habr\u00e1 elegido para el debut de &#8216;Lux&#8217; en directo? \u00bfSer\u00e1 &#8216;Berghain&#8217;, el ic\u00f3nico single  &#8230; de adelanto? <strong>\u00bfC\u00f3mo ser\u00e1 la escenograf\u00eda? \u00bfSaldr\u00e1 vestida de monja? Y la m\u00e1s importante: \u00bfse llevar\u00e1 una orquesta consigo?<\/strong><\/p>\n<p class=\"voc-p\" style=\"\">Lo \u00fanico que se sab\u00eda a ciencia cierta de esta primera presentaci\u00f3n en vivo de Rosal\u00eda en su nueva era es que iba a ser breve, ya que estaba enmarcada en la gala de los 40 Music Awards, que tambi\u00e9n cont\u00f3 con estrellas extranjeras como Myles Smith, Ed Sheeran o Feid junto a grandes nombres nacionales como <strong>Aitana<\/strong>, Dani Fern\u00e1ndez o Dani Mart\u00edn entre otros, adem\u00e1s de la asistencia de destacadas personalidades del mundo de la moda, la interpretaci\u00f3n o la televisi\u00f3n y a reconocidos creadores de contenido como Plex, Lola Lolita, Dulceida, Bel\u00e9n Esteban, Anabel Pantoja, Karla Sof\u00eda Gasc\u00f3n, Ana Peleteiro, Aron Piper o Samantha Hudson<\/p>\n<p class=\"voc-p\" style=\"\">Y la primera sorpresa fue que, \u00a1bum! Ella misma abri\u00f3 la ceremonia, para deleite de los miles de fans reunidos en el <strong> Roig Arena de Valencia<\/strong> y los otros tantos que lo estaban viendo a trav\u00e9s de la televisi\u00f3n o las redes sociales. Rosal\u00eda no hizo esperar, y lo que fuese a ocurrir a continuaci\u00f3n ya era historia de la m\u00fasica espa\u00f1ola, pasase lo que pasase.<\/p>\n<p class=\"voc-p\" style=\"\">Rosal\u00eda apareci\u00f3 en un escenario casi totalmente a oscuras, lleno de velas apagadas y solamente iluminado con varias cruces de ne\u00f3n desplegadas a su espalda. <strong>Un violonchelista empez\u00f3 a marcar las notas de &#8216;Reliquia&#8217;<\/strong>, el tema que supuestamente se public\u00f3 en Spotify antes de tiempo. La letra de la canci\u00f3n iba saliendo en color rojo dentro de las cruces en distintos idiomas, y ella se arranc\u00f3 a cantar con la soltura que ella tiene, incluso <strong>ech\u00e1ndose alguna risita al mirar al p\u00fablico<\/strong>.<\/p>\n<p class=\"voc-p\" style=\"\">El resto de la orquesta (bastante numerosa, s\u00ed) fue desenlazando la primera estrofa mientras las luces de las cruces parpadeaban al comp\u00e1s de los efectos electr\u00f3nicos. Entonces <strong>Rosal\u00eda ech\u00f3 a andar hacia el borde del escenario, dejando ver su hermoso vestido<\/strong> (no sabemos de qu\u00e9 dise\u00f1ador, pero de alguno famoso) bajo los focos.<\/p>\n<p class=\"voc-p\" style=\"\">Al enfilar la recta final del tema, en plena ebullici\u00f3n interpretativa, Rosal\u00eda pareci\u00f3 estar a punto de llorar antes de que la explosi\u00f3n final de electr\u00f3nica le permitiera desmelenarse y moverse por el escenario con una sonrisa de oreja a oreja.<\/p>\n<p class=\"voc-p\" style=\"\"><strong>Fue corto, pero intens\u00edsimo<\/strong>, y bastante natural dentro del dise\u00f1o al mil\u00edmetro que la artista catalana planea para todas sus intervenciones. La gira promete ser muy emocionante.<\/p>\n<p class=\"voc-p\" style=\"\">Lo curioso fue que al terminar, en las pantallas gigantes apareciese bien grande la imagen de Rauw Alejandro, uno de los nominados de la velada. \u00bfSe cruzar\u00edan entre bambalinas?<\/p>\n<p>\nLa alfombra roja\n<\/p>\n<p class=\"voc-p\" style=\"\">La artista catalana revolucion\u00f3 la alfombra roja a su llegada al Roig Arena con unas gafas gigantes con brillantes y vestida con un dos piezas de negro de Balenciaga, compuesto por un crop top de plumas y una falda de tiro bajo y voluminosa. \u00abHemos venidos a celebrar. Me ha sorprendido mucho, la gente ten\u00eda muchas ganas y me ha hecho mucha ilusi\u00f3n que la gente lo haya recibido as\u00ed\u00bb, dijo a la prensa all\u00ed reunida, ansiosa por escuchar sus primeras palabras tras la salida de &#8216;Lux&#8217;. \u00abEstoy muy contenta de estar aqu\u00ed, de venir a cantar y con mucha ilusi\u00f3n, es un honor estrenarlo aqu\u00ed\u00bb, a\u00f1adi\u00f3.<\/p>\n<p class=\"voc-p\" style=\"\">Otros artistas invitados a la gala que pasaron por la alfombra roja, como los integrantes del grupo Bombai y Nil Moliner, han alabado el disco de Rosal\u00eda, que, seg\u00fan dicen, \u00abpasar\u00e1 a la historia\u00bb y han valorado estar en Val\u00e8ncia porque supone \u00abdevolver alegr\u00eda\u00bb a una tierra que ha sufrido tanto este a\u00f1o.<\/p>\n<p class=\"voc-p\" style=\"\">Mientras tanto, &#8216;Lux&#8217; sigue recibiendo elogios por parte de la cr\u00edtica. La edici\u00f3n estadounidense de Rolling Stone le ha otorgado 5 estrellas y lo califica como \u00absu propuesta m\u00e1s asombrosa hasta la fecha, cargada de historia y d\u00e9cadas de formaci\u00f3n que le permiten entrelazar sonidos cl\u00e1sicos, referencias oper\u00edsticas y trece idiomas distintos en un conjunto hermoso y conmovedor que se siente como una obra de arte verdaderamente atemporal\u00bb. Associated Press lo llama un \u00abmilagro fon\u00e9tico\u00bb, y a\u00f1ade que \u00absi existe una sola gracia salvadora vanguardista en el panorama del pop, est\u00e1 aqu\u00ed\u00bb, otorg\u00e1ndole 4.5\/5 estrellas. NPR afirm\u00f3 que \u00aben &#8216;Lux&#8217;, Rosal\u00eda atrae al mundo entero a su sinfon\u00eda\u00bb, y que \u00abEn &#8216;Lux&#8217;, lo mortal y lo divino conversan, y con Rosal\u00eda como gu\u00eda, podemos tocar ambos\u00bb.<\/p>\n","protected":false},"excerpt":{"rendered":"Nunca una actuaci\u00f3n en directo de una artista espa\u00f1ola tuvo tanta expectaci\u00f3n (quiz\u00e1 otra, la de la misma&hellip;\n","protected":false},"author":2,"featured_media":224420,"comment_status":"","ping_status":"","sticky":false,"template":"","format":"standard","meta":{"footnotes":""},"categories":[174],"tags":[255,146,147,25,24,256,4147,23],"class_list":{"0":"post-224419","1":"post","2":"type-post","3":"status-publish","4":"format-standard","5":"has-post-thumbnail","7":"category-famosos","8":"tag-celebrities","9":"tag-entertainment","10":"tag-entretenimiento","11":"tag-es","12":"tag-espana","13":"tag-famosos","14":"tag-rosalia","15":"tag-spain"},"share_on_mastodon":{"url":"https:\/\/pubeurope.com\/@es\/115511942556519607","error":""},"_links":{"self":[{"href":"https:\/\/www.europesays.com\/es\/wp-json\/wp\/v2\/posts\/224419","targetHints":{"allow":["GET"]}}],"collection":[{"href":"https:\/\/www.europesays.com\/es\/wp-json\/wp\/v2\/posts"}],"about":[{"href":"https:\/\/www.europesays.com\/es\/wp-json\/wp\/v2\/types\/post"}],"author":[{"embeddable":true,"href":"https:\/\/www.europesays.com\/es\/wp-json\/wp\/v2\/users\/2"}],"replies":[{"embeddable":true,"href":"https:\/\/www.europesays.com\/es\/wp-json\/wp\/v2\/comments?post=224419"}],"version-history":[{"count":0,"href":"https:\/\/www.europesays.com\/es\/wp-json\/wp\/v2\/posts\/224419\/revisions"}],"wp:featuredmedia":[{"embeddable":true,"href":"https:\/\/www.europesays.com\/es\/wp-json\/wp\/v2\/media\/224420"}],"wp:attachment":[{"href":"https:\/\/www.europesays.com\/es\/wp-json\/wp\/v2\/media?parent=224419"}],"wp:term":[{"taxonomy":"category","embeddable":true,"href":"https:\/\/www.europesays.com\/es\/wp-json\/wp\/v2\/categories?post=224419"},{"taxonomy":"post_tag","embeddable":true,"href":"https:\/\/www.europesays.com\/es\/wp-json\/wp\/v2\/tags?post=224419"}],"curies":[{"name":"wp","href":"https:\/\/api.w.org\/{rel}","templated":true}]}}