{"id":224443,"date":"2025-11-08T03:52:09","date_gmt":"2025-11-08T03:52:09","guid":{"rendered":"https:\/\/www.europesays.com\/es\/224443\/"},"modified":"2025-11-08T03:52:09","modified_gmt":"2025-11-08T03:52:09","slug":"pensaba-que-estando-con-ella-estaba-a-salvo","status":"publish","type":"post","link":"https:\/\/www.europesays.com\/es\/224443\/","title":{"rendered":"Pensaba que estando con ella estaba a salvo"},"content":{"rendered":"<p class=\"c-paragraph\">Esta semana, <b>Kiko Rivera<\/b> ha reaparecido en televisi\u00f3n con una entrevista para \u00a1De viernes!, donde ha recordado algunos de los momentos y personas que <b>m\u00e1s han marcado su vida<\/b>, entre ellas <b>Irene Rosales<\/b>. El artista ha comentado c\u00f3mo fue su relaci\u00f3n con su exmujer y ha hablado de <b>su reciente separaci\u00f3n.\u00a0<\/b><\/p>\n<p class=\"c-paragraph\">El hijo de Isabel Pantoja ha resaltado lo joven que era Irene cuando decidi\u00f3 dejarlo todo para iniciar una vida con \u00e9l. <b>\u00abHan pasado muchos a\u00f1os, han pasado muchas cosas<\/b>, muchas malas, muchas buenas, y entiendo que <b>se ha saltado etapas\u00bb, <\/b>ha asegurado el DJ, que considera que \u00e9l mismo le arrebat\u00f3 \u00abmiles de cosas\u00bb.<\/p>\n<p class=\"c-paragraph\">\u00abEl hecho de que se viniese conmigo, nos cas\u00e1semos tan r\u00e1pido, tuvi\u00e9semos una ni\u00f1a tan r\u00e1pido, <b>no nos dio tiempo a disfrutar de la pareja,<\/b> y hay una parte de mi que se siente culpable porque <b>yo s\u00ed he experimentado todas esas etapas\u00bb,<\/b> ha sentenciado el entrevistado, que ha recibido a Santi Acosta en su casa.\u00a0<\/p>\n<p class=\"c-paragraph\">Para Kiko Rivera, <b>Irene Rosales ha sido uno de los pilares de su vida<\/b>, con la que sent\u00eda que \u00abestaba a salvo\u00bb. \u00a0\u00abDurante mis a\u00f1os con ella <b>pensaba que Irene ten\u00eda las llaves de la puerta que abr\u00eda mi infierno.<\/b> Mi psic\u00f3logo me hizo entender que <b>la llave la ten\u00eda yo.<\/b> Cuando entiendo eso, mi cabeza se vuelve loca, me enfado conmigo mismo y en vez de acercarme m\u00e1s y agradecer lo que me pudo ayudar, repele\u00bb, ha asegurado.<\/p>\n<p>Una relaci\u00f3n marcada por las infidelidades<\/p>\n<p class=\"c-paragraph\">Sobre las <b>continuas infidelidades<\/b> que han marcado su matrimonio, Kiko Rivera ha asegurado que no todas las que han salido en los medios han sido verdad. Aunque <b>no es algo de lo que se sienta \u00aborgulloso\u00bb,<\/b> el artista ha hecho hincapi\u00e9 en que su ahora exmujer le perdon\u00f3 todas ellas.\u00a0<\/p>\n<p class=\"c-paragraph\">\u00abElla est\u00e1 en su derecho de romper en ese mismo momento, y quiz\u00e1 deber\u00eda haber sido lo correcto. <b>Si se va acabando el matrimonio suceden cosas que no deben suceder\u00bb,<\/b> ha comentado el hijo de Isabel Pantoja. El entrevistado ha asegurado que es algo que nunca se perdonar\u00e1, pero por lo que ya pidi\u00f3 \u00abdisculpas reiteradas veces\u00bb. <b>\u00abElla me perdon\u00f3, eso ha desgastado m\u00e1s el matrimonio\u00bb<\/b>, ha a\u00f1adido.\u00a0<\/p>\n<p class=\"c-paragraph\">El \u00abdesgaste\u00bb de la relaci\u00f3n llev\u00f3 finalmente a la pareja a poner <b>punto final a su matrimonio. <\/b>\u00abNo es f\u00e1cil, es una decisi\u00f3n complicada\u00bb, ha expresado Kiko Rivera, que al final de verano se dio cuenta de que <b>\u00abla relaci\u00f3n estaba completamente rota\u00bb.\u00a0<\/b><\/p>\n<p class=\"c-paragraph\">\u00abIntent\u00e9 que no se notase. <b>Quiero entender que Irene tambi\u00e9n se daba cuenta\u00bb,<\/b> ha continuado explicando el artista, que ha asegurado que se dio cuenta de que <b>no sent\u00eda \u00abnada\u00bb por su mujer.<\/b> \u00abSiento afecto, cari\u00f1o, que es una persona que quiero tener en mi vida, porque es buena persona.\u00a0Pero <b>ese deseo y esas ganas de estar con esa persona ya no estaban\u00bb,<\/b> ha desvelado Rivera.\u00a0<\/p>\n<p class=\"c-paragraph\">\u00abSi no siento deseo por Irene, <b>no tengo ganas de estar con ella<\/b>, es algo que se convierte en monoton\u00eda e incluso me atrevo a decir que llega a molestar la presencia de otra persona, <b>pienso &#8216;\u00bfqu\u00e9 hago yo aqui?\u00bb,<\/b> ha sentenciado el entrevistado en \u00a1De viernes!<\/p>\n<p class=\"c-paragraph\">Es tras el verano cuando Kiko Rivera decide hablar con Irene Rosales, expresarle c\u00f3mo se siente y poner fin a su relaci\u00f3n. \u00abGracias a Dios que tomo la decisi\u00f3n porque ahora <b>me doy cuenta de las ganas inmensas que tengo de que mi mujer, perd\u00f3n, mi exmujer, sea feliz\u00bb, <\/b>ha asegurado para el formato de Telecinco.\u00a0<\/p>\n<p>La supuesta infidelidad de Irene Rosales<\/p>\n<p class=\"c-paragraph\">Meses despu\u00e9s de poner fin a su matrimonio, <b>se relaciona a Irene Rosales con otro hombre, <\/b>algo que hace saltar las alarmas de una posible infidelidad por parte de la influencer.\u00a0<\/p>\n<p class=\"c-paragraph\">\u00abNo solo era yo el que estaba pensando que el matrimonio se hab\u00eda acabado. Irene, <b>en poco meses, ya est\u00e1 con otra persona<\/b>. Eso te hace pensar que <b>eso viene de antes\u00bb, <\/b>ha comentado Kiko Rivera.\u00a0<\/p>\n<p class=\"c-paragraph\"><b>\u00abNo estoy en situaci\u00f3n de reprochar.<\/b> Y ya no por reprochar, sino porque yo <b>a Irene Rosales la quiero con locura\u00bb<\/b>, ha expresado el artista sobre la madre de sus hijas. \u00abVerla sonriente, activa en redes sociales, compartiendo con una persona de la que parece que est\u00e1 enamorada, eso me reconforta. <b>Que ella est\u00e9 contenta significa que mis hijas est\u00e1n bien\u00bb, <\/b>ha expresado tambi\u00e9n el hijo de Pantoja.\u00a0<\/p>\n","protected":false},"excerpt":{"rendered":"Esta semana, Kiko Rivera ha reaparecido en televisi\u00f3n con una entrevista para \u00a1De viernes!, donde ha recordado algunos&hellip;\n","protected":false},"author":2,"featured_media":224444,"comment_status":"","ping_status":"","sticky":false,"template":"","format":"standard","meta":{"footnotes":""},"categories":[174],"tags":[255,146,147,25,24,256,3523,5977,10787,57,23,3271],"class_list":{"0":"post-224443","1":"post","2":"type-post","3":"status-publish","4":"format-standard","5":"has-post-thumbnail","7":"category-famosos","8":"tag-celebrities","9":"tag-entertainment","10":"tag-entretenimiento","11":"tag-es","12":"tag-espana","13":"tag-famosos","14":"tag-kiko","15":"tag-relacion","16":"tag-rivera","17":"tag-sobre","18":"tag-spain","19":"tag-su"},"share_on_mastodon":{"url":"https:\/\/pubeurope.com\/@es\/115512052577008341","error":""},"_links":{"self":[{"href":"https:\/\/www.europesays.com\/es\/wp-json\/wp\/v2\/posts\/224443","targetHints":{"allow":["GET"]}}],"collection":[{"href":"https:\/\/www.europesays.com\/es\/wp-json\/wp\/v2\/posts"}],"about":[{"href":"https:\/\/www.europesays.com\/es\/wp-json\/wp\/v2\/types\/post"}],"author":[{"embeddable":true,"href":"https:\/\/www.europesays.com\/es\/wp-json\/wp\/v2\/users\/2"}],"replies":[{"embeddable":true,"href":"https:\/\/www.europesays.com\/es\/wp-json\/wp\/v2\/comments?post=224443"}],"version-history":[{"count":0,"href":"https:\/\/www.europesays.com\/es\/wp-json\/wp\/v2\/posts\/224443\/revisions"}],"wp:featuredmedia":[{"embeddable":true,"href":"https:\/\/www.europesays.com\/es\/wp-json\/wp\/v2\/media\/224444"}],"wp:attachment":[{"href":"https:\/\/www.europesays.com\/es\/wp-json\/wp\/v2\/media?parent=224443"}],"wp:term":[{"taxonomy":"category","embeddable":true,"href":"https:\/\/www.europesays.com\/es\/wp-json\/wp\/v2\/categories?post=224443"},{"taxonomy":"post_tag","embeddable":true,"href":"https:\/\/www.europesays.com\/es\/wp-json\/wp\/v2\/tags?post=224443"}],"curies":[{"name":"wp","href":"https:\/\/api.w.org\/{rel}","templated":true}]}}