{"id":224447,"date":"2025-11-08T03:55:09","date_gmt":"2025-11-08T03:55:09","guid":{"rendered":"https:\/\/www.europesays.com\/es\/224447\/"},"modified":"2025-11-08T03:55:09","modified_gmt":"2025-11-08T03:55:09","slug":"muere-maricarmen-vela-actriz-de-el-chavo-del-8-y-lazos-de-amor-univision-famosos","status":"publish","type":"post","link":"https:\/\/www.europesays.com\/es\/224447\/","title":{"rendered":"Muere Maricarmen Vela, actriz de El Chavo del 8 y Lazos de Amor | Univision Famosos"},"content":{"rendered":"<p><b>Maricarmen Vela, actriz que interpretaba a la t\u00eda de \u2018Paty\u2019 en la serie de comedia <a href=\"https:\/\/www.univision.com\/musica\/radio-nacional\/antes-y-despues-de-el-chavo-del-8-carreras-profesionales-de-los-actores-de-la-exitosa-serie-fotos\" rel=\"nofollow noopener\" target=\"_blank\">El Chavo del 8,<\/a> muri\u00f3<\/b> a los 87 a\u00f1os.<\/p>\n<p>La noticia de su fallecimiento fue confirmada por la Asociaci\u00f3n Nacional de Actores este viernes 7 de noviembre en sus redes sociales, donde enviaron sus condolencias a la familia de la int\u00e9rrete.<\/p>\n<p>\u201cLa Asociaci\u00f3n Nacional de Actores y Actrices lamenta profundamente el fallecimiento de nuestra compa\u00f1era Mar\u00eda del Carmen Vela, \u2018Maricarmen Vela\u2019, miembro honoraria de nuestro Sindicato. Nuestras condolencias a sus familiares, amigos\/as y compa\u00f1eros\/as. Descanse en Paz\u201d, se\u00f1alaron.<\/p>\n<p>En la publicaci\u00f3n, donde fue compartida una fotograf\u00eda de la actriz en su etapa joven, <b>no se revel\u00f3 la causa de su fallecimiento<\/b> ni se dieron detalles de su muerte.<\/p>\n<p><b>Mar\u00eda del Carmen Vela,<\/b> mejor conocida como Maricarmen Vela, naci\u00f3 el 9 de noviembre en Espa\u00f1a en 1937. Sin embargo, gran parte de su juventud la pas\u00f3 en M\u00e9xico, donde se nacionaliz\u00f3 mexicana en 1964.<\/p>\n<p>Su debut en televisi\u00f3n sucedi\u00f3 como modelo de comerciales en 1958, mientras que en las pel\u00edculas mexicanas en la cinta \u2018Vivir del cuento\u2019, en 1959.<\/p>\n<p>Su primer <b>acercamiento con Roberto G\u00f3mez Bola\u00f1os <\/b>sucedi\u00f3 en la d\u00e9cada de los sesenta, cuando particip\u00f3 en <b> \u2018Dos locos en escena\u2019, pel\u00edcula escrita y dirigida por \u2018Chespirito\u2019.<\/b><\/p>\n<p>\u2018El gran circo de Capulina\u2019, \u2018Cach\u00fan Cach\u00fan ra ra!\u2019, \u2018Pap\u00e1 Soltero\u2019 y \u2018Quincea\u00f1era\u2019, fueron otros de sus proyectos. Sin embargo, fue en 1987 que la actriz se uni\u00f3 como parte del <b>elenco de \u2018Chespirito\u2019 participando en sketches de El Chavo del 8.<\/b><\/p>\n<p>Mujer, casos de la vida real, La rosa de Guadalupe, Como dice el dicho, Lazos de Amor, Abismo de Pasi\u00f3n, Mi coraz\u00f3n es tuyo, Hijas de la Luna y Ten\u00edas que ser t\u00fa fueron otros de sus proyectos. <\/p>\n","protected":false},"excerpt":{"rendered":"Maricarmen Vela, actriz que interpretaba a la t\u00eda de \u2018Paty\u2019 en la serie de comedia El Chavo del&hellip;\n","protected":false},"author":2,"featured_media":224448,"comment_status":"","ping_status":"","sticky":false,"template":"","format":"standard","meta":{"footnotes":""},"categories":[171],"tags":[146,147,25,24,23,214],"class_list":{"0":"post-224447","1":"post","2":"type-post","3":"status-publish","4":"format-standard","5":"has-post-thumbnail","7":"category-tv","8":"tag-entertainment","9":"tag-entretenimiento","10":"tag-es","11":"tag-espana","12":"tag-spain","13":"tag-tv"},"share_on_mastodon":{"url":"https:\/\/pubeurope.com\/@es\/115512064290135280","error":""},"_links":{"self":[{"href":"https:\/\/www.europesays.com\/es\/wp-json\/wp\/v2\/posts\/224447","targetHints":{"allow":["GET"]}}],"collection":[{"href":"https:\/\/www.europesays.com\/es\/wp-json\/wp\/v2\/posts"}],"about":[{"href":"https:\/\/www.europesays.com\/es\/wp-json\/wp\/v2\/types\/post"}],"author":[{"embeddable":true,"href":"https:\/\/www.europesays.com\/es\/wp-json\/wp\/v2\/users\/2"}],"replies":[{"embeddable":true,"href":"https:\/\/www.europesays.com\/es\/wp-json\/wp\/v2\/comments?post=224447"}],"version-history":[{"count":0,"href":"https:\/\/www.europesays.com\/es\/wp-json\/wp\/v2\/posts\/224447\/revisions"}],"wp:featuredmedia":[{"embeddable":true,"href":"https:\/\/www.europesays.com\/es\/wp-json\/wp\/v2\/media\/224448"}],"wp:attachment":[{"href":"https:\/\/www.europesays.com\/es\/wp-json\/wp\/v2\/media?parent=224447"}],"wp:term":[{"taxonomy":"category","embeddable":true,"href":"https:\/\/www.europesays.com\/es\/wp-json\/wp\/v2\/categories?post=224447"},{"taxonomy":"post_tag","embeddable":true,"href":"https:\/\/www.europesays.com\/es\/wp-json\/wp\/v2\/tags?post=224447"}],"curies":[{"name":"wp","href":"https:\/\/api.w.org\/{rel}","templated":true}]}}