{"id":224462,"date":"2025-11-08T04:05:26","date_gmt":"2025-11-08T04:05:26","guid":{"rendered":"https:\/\/www.europesays.com\/es\/224462\/"},"modified":"2025-11-08T04:05:26","modified_gmt":"2025-11-08T04:05:26","slug":"asi-queda-la-clasificacion-de-la-euroliga-tras-el-asalto-al-palau","status":"publish","type":"post","link":"https:\/\/www.europesays.com\/es\/224462\/","title":{"rendered":"as\u00ed queda la clasificaci\u00f3n de la Euroliga tras el asalto al Palau"},"content":{"rendered":"<p data-gtm-element-container=\"modulo-texto-link\" class=\"paragraph\">El <strong>Real Madrid<\/strong> complet\u00f3 una seria actuaci\u00f3n en el Palau Blaugrana para asaltar el feudo azulgrana (92-101) y lograr la primera victoria de la temporada en <strong>Euroliga <\/strong>lejos del Movistar Arena. El conjunto de Scariolo (6\u00ba) mostr\u00f3 una mejor versi\u00f3n que los de Pe\u00f1arroya e igual\u00f3 el mismo balance que el <strong>Bar\u00e7a<\/strong> (9\u00ba)\u00a0sumando el quinto triunfo.<\/p>\n<p>        Lee tambi\u00e9n<\/p>\n<p>    Eloy Rodellar<\/p>\n<p>             <img loading=\"lazy\" decoding=\"async\" data-full-src=\"https:\/\/www.mundodeportivo.com\/uploads\/2025\/11\/07\/690e5c8036662.jpeg\" alt=\"El estadounidense anot\u00f3 la mejor canasta de la jornada en la Euroliga\" width=\"334\" height=\"164\" src=\"https:\/\/www.europesays.com\/es\/wp-content\/uploads\/2025\/11\/690e5c8036662.jpeg\" class=\"lazy\"\/><\/p>\n<p data-gtm-element-container=\"modulo-texto-link\" class=\"paragraph\"><strong>El Bar\u00e7a solo ha sido capaz de ganar 2 de los \u00faltimos 15 partidos contra el Real Madrid<\/strong>. En este, los blancos quisieron poner la directa desde bien pronto, anotando 34 puntos en el primer acto y y\u00e9ndose a vestuarios con un contundente 58-48 a favor. El <strong>Bar\u00e7a <\/strong>resisti\u00f3 y reaccion\u00f3 t\u00edmidamente, aunque no fue suficiente ante un <strong>Real Madrid<\/strong> liderado por <strong>Trey Lyles<\/strong>, que dej\u00f3 a los aficionados azulgrana sacando una nueva pa\u00f1olada en el Palau.<\/p>\n<p data-gtm-element-container=\"modulo-texto-link\" class=\"paragraph\">Asimismo, el <strong>Zalgiris <\/strong>super\u00f3 al <strong>Valencia Basket<\/strong> en Kaunas (86-77) y se afianz\u00f3 a la zona alta de la clasificaci\u00f3n. Los de Masiulis contin\u00faan con paso firme en la competici\u00f3n y cortan la buena racha del equipo de Pedro Mart\u00ednez (7\u00ba), que se queda con el mismo balance de resultados que el Real Madrid y Bar\u00e7a- cinco victorias y cuatro derrotas-.<\/p>\n<p>                         Ampliar<\/p>\n<p>                <img loading=\"lazy\" decoding=\"async\" data-full-src=\"https:\/\/www.mundodeportivo.com\/uploads\/2025\/11\/07\/690e66b4cf33f.jpeg\" alt=\"As\u00ed queda la clasificaci\u00f3n tras la victoria del Real Madrid ante el Bar\u00e7a en el Cl\u00e1sico de Euroliga\" width=\"449\" height=\"508\" src=\"https:\/\/www.europesays.com\/es\/wp-content\/uploads\/2025\/11\/690e66b4cf33f.jpeg\" class=\"lazy\"\/><\/p>\n<p class=\"caption-title \">As\u00ed queda la clasificaci\u00f3n tras la victoria del Real Madrid ante el Bar\u00e7a en el Cl\u00e1sico de Euroliga<\/p>\n<p>                    Captura<\/p>\n<p data-gtm-element-container=\"modulo-texto-link\" class=\"paragraph\">El <strong>Efes <\/strong>y el <strong>Milan <\/strong>protagonizaron el encuentro m\u00e1s igualado de la novena jornada de la Euroliga. Fue el conjunto italiano el que se acab\u00f3 imponiendo tras dos pr\u00f3rrogas y las soberbias actuaciones de Shavon Shields y PJ Dozier, con 30 y 34 de valoraci\u00f3n, respectivamente.<\/p>\n<p>        Lee tambi\u00e9n<\/p>\n<p>    Sergio Llebr\u00e9s<\/p>\n<p>             <img loading=\"lazy\" decoding=\"async\" data-full-src=\"https:\/\/www.mundodeportivo.com\/uploads\/2025\/11\/07\/690e575cd75f2.jpeg\" alt=\"Darius Thompson lanza un triple ante el Zalgiris\" width=\"334\" height=\"164\" src=\"https:\/\/www.europesays.com\/es\/wp-content\/uploads\/2025\/11\/690e575cd75f2.jpeg\" class=\"lazy\"\/><\/p>\n<p data-gtm-element-container=\"modulo-texto-link\" class=\"paragraph\">El <strong>Olympiacos <\/strong>tambi\u00e9n triunf\u00f3, aunque no c\u00f3modamente ante un Partizan liderado por Tyrique Jones. Los griegos, con un buen Milutinov, se colocan con seis victorias en la zona noble de la clasificaci\u00f3n. El <strong>Estrella Roja <\/strong>y el <strong>Hapoel Tel Aviv<\/strong>, por su parte, se sit\u00faan en segunda y tercera posici\u00f3n tras sus victorias durante la novena jornada.\u00a0<\/p>\n","protected":false},"excerpt":{"rendered":"El Real Madrid complet\u00f3 una seria actuaci\u00f3n en el Palau Blaugrana para asaltar el feudo azulgrana (92-101) y&hellip;\n","protected":false},"author":2,"featured_media":224463,"comment_status":"","ping_status":"","sticky":false,"template":"","format":"standard","meta":{"footnotes":""},"categories":[5],"tags":[17,18,25,24,13,14,11,19,20,9,10,15,16,23,12,21,22],"class_list":{"0":"post-224462","1":"post","2":"type-post","3":"status-publish","4":"format-standard","5":"has-post-thumbnail","7":"category-titulares","8":"tag-breaking-news","9":"tag-breakingnews","10":"tag-es","11":"tag-espana","12":"tag-featured-news","13":"tag-featurednews","14":"tag-headlines","15":"tag-latest-news","16":"tag-latestnews","17":"tag-news","18":"tag-noticias","19":"tag-noticias-destacadas","20":"tag-noticiasdestacadas","21":"tag-spain","22":"tag-titulares","23":"tag-ultimas-noticias","24":"tag-ultimasnoticias"},"share_on_mastodon":{"url":"https:\/\/pubeurope.com\/@es\/115512104557274790","error":""},"_links":{"self":[{"href":"https:\/\/www.europesays.com\/es\/wp-json\/wp\/v2\/posts\/224462","targetHints":{"allow":["GET"]}}],"collection":[{"href":"https:\/\/www.europesays.com\/es\/wp-json\/wp\/v2\/posts"}],"about":[{"href":"https:\/\/www.europesays.com\/es\/wp-json\/wp\/v2\/types\/post"}],"author":[{"embeddable":true,"href":"https:\/\/www.europesays.com\/es\/wp-json\/wp\/v2\/users\/2"}],"replies":[{"embeddable":true,"href":"https:\/\/www.europesays.com\/es\/wp-json\/wp\/v2\/comments?post=224462"}],"version-history":[{"count":0,"href":"https:\/\/www.europesays.com\/es\/wp-json\/wp\/v2\/posts\/224462\/revisions"}],"wp:featuredmedia":[{"embeddable":true,"href":"https:\/\/www.europesays.com\/es\/wp-json\/wp\/v2\/media\/224463"}],"wp:attachment":[{"href":"https:\/\/www.europesays.com\/es\/wp-json\/wp\/v2\/media?parent=224462"}],"wp:term":[{"taxonomy":"category","embeddable":true,"href":"https:\/\/www.europesays.com\/es\/wp-json\/wp\/v2\/categories?post=224462"},{"taxonomy":"post_tag","embeddable":true,"href":"https:\/\/www.europesays.com\/es\/wp-json\/wp\/v2\/tags?post=224462"}],"curies":[{"name":"wp","href":"https:\/\/api.w.org\/{rel}","templated":true}]}}