{"id":224470,"date":"2025-11-08T04:19:22","date_gmt":"2025-11-08T04:19:22","guid":{"rendered":"https:\/\/www.europesays.com\/es\/224470\/"},"modified":"2025-11-08T04:19:22","modified_gmt":"2025-11-08T04:19:22","slug":"el-golfillo-nino-con-perro-de-unghetti-preserva-la-identidad-cultural-de-jaen","status":"publish","type":"post","link":"https:\/\/www.europesays.com\/es\/224470\/","title":{"rendered":"El &#8216;golfillo&#8217; Ni\u00f1o con Perro de Unghetti preserva la identidad cultural de Ja\u00e9n"},"content":{"rendered":"<p>Emotivo acto en homenaje al escultor jienense Constantino Unghetti \u00c1lamo (Castellar, 1923 \u2013 M\u00e1laga, 2015) que ha organizado el Ayuntamiento de Ja\u00e9n con motivo del centenario  &#8230; de su nacimiento. Durante la ceremonia se ha descubierto una r\u00e9plica de la escultura Ni\u00f1o con Perro, instalada en una plaza ubicada en la calle San Juan de la Cruz, cercana al lugar donde el artista tuvo su taller durante d\u00e9cadas.<\/p>\n<p class=\"v-p\">El acto ha contado con la presencia del alcalde de la ciudad, Julio Mill\u00e1n, la primera teniente alcalde y concejala de Cultura, Mar\u00eda Espejo, as\u00ed como concejales y concejalas del Ayuntamiento, representantes institucionales, familiares, amigos y vecinos, que han querido reconocer la trayectoria de Unghetti, uno de los creadores m\u00e1s destacados del panorama art\u00edstico provincial del siglo XX.<\/p>\n<p class=\"v-p\">Durante su intervenci\u00f3n, el primer edil ha destacado que este acto simboliza \u00abel testimonio del paso por esta ciudad de uno de tantos hombres que la han engrandecido con su trabajo\u00bb. Seg\u00fan ha expresado Mill\u00e1n, la huella de Unghetti \u00abimpregna nuestro arte sacro y nuestras iglesias, pero tambi\u00e9n las calles de esta ciudad viva y palpitante\u00bb con obras del propio escultor en la misma carretera de Madrid, casco antiguo, con su obra m\u00e1s emotiva Ni\u00f1o con Perro, \u00abque abre al visitante el centro hist\u00f3rico por la puerta grande de San Bartolom\u00e9\u00bb. <\/p>\n<p class=\"v-p\">El alcalde ha asegurado que este casco antiguo no lo ser\u00eda, \u00absin la presencia de este &#8216;golfillo&#8217; de Constantino\u00bb. Pero el primer edil ha recalcado que este acto de hoy se ha llevado a cabo \u00abgracias al recuerdo que atesora y se encarga de difundir su familia y, en particular su hija Paz, que es guardiana de su legado y que nos ha abierto los ojos para que as\u00ed compartamos con ella la grandeza de su padre\u00bb. Mill\u00e1n ha agradecido tambi\u00e9n el trabajo del \u00e1rea de Mantenimiento Urbano para la colocaci\u00f3n de la escultura.<\/p>\n<p>\u00abEl lugar es id\u00f3neo, aqu\u00ed trabaj\u00f3 mi padre durante 55 a\u00f1os\u00bb<\/p>\n<p class=\"v-p\">\nDurante el acto, Paz Unghetti ha recordado la figura de su padre como la de \u00abun hombre muy t\u00edmido y sencillo\u00bb. Con motivo del centenario de su nacimiento, ha explicado que se propuso impulsar una serie de actos conmemorativos para rendirle homenaje: \u00abDado que \u00e9l era de esa forma de ser, me encargu\u00e9 de que llegara el momento en que se hicieran varios actos. Ya hubo algunos en 2023 y este es el \u00faltimo, porque, por una serie de circunstancias, se produjeron algunas demoras\u00bb.\n<\/p>\n<p class=\"v-p\">\nUnghetti ha expresado su satisfacci\u00f3n por el lugar elegido para esta \u00faltima celebraci\u00f3n: \u00abEstoy encantada, porque adem\u00e1s el lugar es id\u00f3neo. Aqu\u00ed ten\u00eda mi padre su estudio; vivimos y trabajamos aqu\u00ed durante 55 a\u00f1os. Toda una vida dedicada a realizar sus grandes esculturas, aquellas piezas de hasta 10 toneladas que se descargaban en este mismo espacio y se trabajaban dentro del taller\u00bb.\n<\/p>\n<p class=\"v-p\">Por su parte la concejala de Cultura, Mar\u00eda Espejo, ha destacado \u00abel compromiso del Ayuntamiento con la preservaci\u00f3n de la memoria de quienes han contribuido al desarrollo art\u00edstico de nuestra ciudad. Constantino Unghetti forma parte de la identidad cultural de Ja\u00e9n; su talento y su dedicaci\u00f3n siguen inspirando a nuevas generaciones de artistas y amantes del patrimonio\u00bb.<\/p>\n<p class=\"v-p\">\u00abLa colocaci\u00f3n de Ni\u00f1o con Perro en este espacio urbano pretende acercar su obra a la ciudadan\u00eda y mantener viva la memoria de un artista que dedic\u00f3 su vida a ensalzar el patrimonio cultural de Ja\u00e9n\u00bb ha subrayado la edil. Por \u00faltimo, ha agradecido \u00aba su familia, a las instituciones y a las personas que han hecho posible este proyecto de reafirmar el compromiso de esta ciudad con la cultura y la conservaci\u00f3n de su patrimonio\u00bb. <\/p>\n<p class=\"v-p\">Tambi\u00e9n ha tomado la palabra Jos\u00e9 Mar\u00eda Capit\u00e1n, del Instituto de Estudios Giennenses, quien ha hecho una semblanza de Unghetti y ha tenido tambi\u00e9n palabras para el trabajo de preservaci\u00f3n de su memoria de su hija Paz. El acto ha finalizado con la interpretaci\u00f3n de los himnos institucionales por la Banda Municipal de M\u00fasica de Ja\u00e9n.<\/p>\n<p>Carrera<\/p>\n<p class=\"v-p\">Formado en Bellas Artes y afincado en Ja\u00e9n desde los a\u00f1os cincuenta, Constantino Unghetti desarroll\u00f3 una intensa labor como escultor, restaurador y colaborador del Instituto de Estudios Giennenses. <\/p>\n<p class=\"v-p\">Entre sus obras m\u00e1s conocidas figuran el Cristo Yacente de la Bas\u00edlica de San Ildefonso, el Monumento al maestro Cebri\u00e1n ahora junto al Camar\u00edn, el dedicado a los Donantes de Sangre y diversas esculturas p\u00fablicas y religiosas repartidas por la provincia.<\/p>\n","protected":false},"excerpt":{"rendered":"Emotivo acto en homenaje al escultor jienense Constantino Unghetti \u00c1lamo (Castellar, 1923 \u2013 M\u00e1laga, 2015) que ha organizado&hellip;\n","protected":false},"author":2,"featured_media":224471,"comment_status":"","ping_status":"","sticky":false,"template":"","format":"standard","meta":{"footnotes":""},"categories":[173],"tags":[229,233,231,230,8332,232,234,146,147,25,24,59387,6949,3619,899,8515,59389,23,59388],"class_list":{"0":"post-224470","1":"post","2":"type-post","3":"status-publish","4":"format-standard","5":"has-post-thumbnail","7":"category-arte-y-diseno","8":"tag-arte","9":"tag-arte-y-diseno","10":"tag-arts","11":"tag-arts-and-design","12":"tag-cultural","13":"tag-design","14":"tag-diseno","15":"tag-entertainment","16":"tag-entretenimiento","17":"tag-es","18":"tag-espana","19":"tag-golfillo","20":"tag-identidad","21":"tag-jaen","22":"tag-nino","23":"tag-perro","24":"tag-preserva","25":"tag-spain","26":"tag-unghetti"},"share_on_mastodon":{"url":"https:\/\/pubeurope.com\/@es\/115512158652174064","error":""},"_links":{"self":[{"href":"https:\/\/www.europesays.com\/es\/wp-json\/wp\/v2\/posts\/224470","targetHints":{"allow":["GET"]}}],"collection":[{"href":"https:\/\/www.europesays.com\/es\/wp-json\/wp\/v2\/posts"}],"about":[{"href":"https:\/\/www.europesays.com\/es\/wp-json\/wp\/v2\/types\/post"}],"author":[{"embeddable":true,"href":"https:\/\/www.europesays.com\/es\/wp-json\/wp\/v2\/users\/2"}],"replies":[{"embeddable":true,"href":"https:\/\/www.europesays.com\/es\/wp-json\/wp\/v2\/comments?post=224470"}],"version-history":[{"count":0,"href":"https:\/\/www.europesays.com\/es\/wp-json\/wp\/v2\/posts\/224470\/revisions"}],"wp:featuredmedia":[{"embeddable":true,"href":"https:\/\/www.europesays.com\/es\/wp-json\/wp\/v2\/media\/224471"}],"wp:attachment":[{"href":"https:\/\/www.europesays.com\/es\/wp-json\/wp\/v2\/media?parent=224470"}],"wp:term":[{"taxonomy":"category","embeddable":true,"href":"https:\/\/www.europesays.com\/es\/wp-json\/wp\/v2\/categories?post=224470"},{"taxonomy":"post_tag","embeddable":true,"href":"https:\/\/www.europesays.com\/es\/wp-json\/wp\/v2\/tags?post=224470"}],"curies":[{"name":"wp","href":"https:\/\/api.w.org\/{rel}","templated":true}]}}