{"id":224480,"date":"2025-11-08T04:26:08","date_gmt":"2025-11-08T04:26:08","guid":{"rendered":"https:\/\/www.europesays.com\/es\/224480\/"},"modified":"2025-11-08T04:26:08","modified_gmt":"2025-11-08T04:26:08","slug":"k-pop-the-weeknd-timothee-chalamet-billie-eilish-las-sorpresas-y-los-desaires-de-los-grammys-2026","status":"publish","type":"post","link":"https:\/\/www.europesays.com\/es\/224480\/","title":{"rendered":"K-pop, The Weeknd, Timoth\u00e9e Chalamet, Billie Eilish: las sorpresas y los desaires de los Grammys 2026"},"content":{"rendered":"<p>p]:text-cms-story-body-color-text clearfix\u00bb&gt; <\/p>\n<p>En los Premios Grammy 2025, The Weeknd actu\u00f3 por primera vez desde 2017. Como muchos recordar\u00e1n, en 2020, critic\u00f3 a los Grammy, llam\u00e1ndolos \u201ccorruptos\u201d despu\u00e9s de no recibir ninguna nominaci\u00f3n a pesar de tener un \u00e1lbum muy exitoso. \u201cMe deben a m\u00ed, a mis fans y a la industria transparencia\u201d, escribi\u00f3 en las redes sociales.<\/p>\n<p>En el evento de 2025, el director general de los Grammy, Harvey Mason jr., present\u00f3 a The Weeknd afirmando que entend\u00eda la cr\u00edtica y enumer\u00f3 todas las cosas que la academia ha hecho para solucionarlo.<\/p>\n<p>\u201cHemos renovado completamente nuestra membres\u00eda, agregando m\u00e1s de 3.000 mujeres votantes. El electorado de los Grammy ahora es m\u00e1s joven, casi el 40% son personas de color, y el 66% de nuestros miembros son nuevos desde que comenzamos nuestra transformaci\u00f3n\u201d, dijo. \u201cEn los \u00faltimos a\u00f1os, hemos escuchado, hemos actuado y hemos cambiado\u201d.<\/p>\n<p>Sin embargo, en 2026, el \u00e1lbum \u201cHurry Up Tomorrow\u201d de The Weeknd fue elegible y presentado para consideraci\u00f3n en m\u00e1s de una docena de categor\u00edas, incluyendo \u00e1lbum, canci\u00f3n y grabaci\u00f3n del a\u00f1o. No aparece en la lista de nominaciones de 2026.<\/p>\n","protected":false},"excerpt":{"rendered":"p]:text-cms-story-body-color-text clearfix\u00bb&gt; En los Premios Grammy 2025, The Weeknd actu\u00f3 por primera vez desde 2017. Como muchos recordar\u00e1n,&hellip;\n","protected":false},"author":2,"featured_media":224481,"comment_status":"","ping_status":"","sticky":false,"template":"","format":"standard","meta":{"footnotes":""},"categories":[91],"tags":[1837,1611,1830,49581,1568,59391,20193,146,147,25,24,4349,2791,59392,40114,16903,5101,15068,23,56240],"class_list":{"0":"post-224480","1":"post","2":"type-post","3":"status-publish","4":"format-standard","5":"has-post-thumbnail","7":"category-entretenimiento","8":"tag-album","9":"tag-ano","10":"tag-artista","11":"tag-billie-eilish","12":"tag-categoria","13":"tag-codiciado-lista","14":"tag-country","15":"tag-entertainment","16":"tag-entretenimiento","17":"tag-es","18":"tag-espana","19":"tag-grabacion","20":"tag-grammy","21":"tag-grammys-2026","22":"tag-nominacion","23":"tag-nominado","24":"tag-pasado","25":"tag-principal","26":"tag-spain","27":"tag-the-weeknd"},"share_on_mastodon":{"url":"https:\/\/pubeurope.com\/@es\/115512186168484093","error":""},"_links":{"self":[{"href":"https:\/\/www.europesays.com\/es\/wp-json\/wp\/v2\/posts\/224480","targetHints":{"allow":["GET"]}}],"collection":[{"href":"https:\/\/www.europesays.com\/es\/wp-json\/wp\/v2\/posts"}],"about":[{"href":"https:\/\/www.europesays.com\/es\/wp-json\/wp\/v2\/types\/post"}],"author":[{"embeddable":true,"href":"https:\/\/www.europesays.com\/es\/wp-json\/wp\/v2\/users\/2"}],"replies":[{"embeddable":true,"href":"https:\/\/www.europesays.com\/es\/wp-json\/wp\/v2\/comments?post=224480"}],"version-history":[{"count":0,"href":"https:\/\/www.europesays.com\/es\/wp-json\/wp\/v2\/posts\/224480\/revisions"}],"wp:featuredmedia":[{"embeddable":true,"href":"https:\/\/www.europesays.com\/es\/wp-json\/wp\/v2\/media\/224481"}],"wp:attachment":[{"href":"https:\/\/www.europesays.com\/es\/wp-json\/wp\/v2\/media?parent=224480"}],"wp:term":[{"taxonomy":"category","embeddable":true,"href":"https:\/\/www.europesays.com\/es\/wp-json\/wp\/v2\/categories?post=224480"},{"taxonomy":"post_tag","embeddable":true,"href":"https:\/\/www.europesays.com\/es\/wp-json\/wp\/v2\/tags?post=224480"}],"curies":[{"name":"wp","href":"https:\/\/api.w.org\/{rel}","templated":true}]}}