{"id":224492,"date":"2025-11-08T04:45:11","date_gmt":"2025-11-08T04:45:11","guid":{"rendered":"https:\/\/www.europesays.com\/es\/224492\/"},"modified":"2025-11-08T04:45:11","modified_gmt":"2025-11-08T04:45:11","slug":"sydney-sweeney-rechaza-disculparse-por-su-anuncio-de-vaqueros","status":"publish","type":"post","link":"https:\/\/www.europesays.com\/es\/224492\/","title":{"rendered":"Sydney Sweeney rechaza disculparse por su anuncio de vaqueros"},"content":{"rendered":"<p>La actriz <strong>Sydney Sweeney<\/strong> ha respondido por primera vez a la pol\u00e9mica generada por su campa\u00f1a publicitaria para <strong>American Eagle<\/strong>, cuyo eslogan \u00abGreat Jeans\u00bb juega con la similitud fon\u00e9tica entre jeans (vaqueros) y genes (genes), que se escribe distinto pero se pronuncia de forma muy similar. \u00abSydney Sweeney tiene unos vaqueros fant\u00e1sticos\u00bb, rezaban los anuncios, o unos genes fant\u00e1sticos, pod\u00eda interpretar el espectador. Pero como la actriz es una mujer muy atractiva, blanca, rubia y de ojos azules,  eso bast\u00f3 para que los de siempre lo interpretaran como un gui\u00f1o a la \u00absuperioridad gen\u00e9tica\u00bb de la raza blanca, pura \u00abpropaganda nazi\u00bb.<\/p>\n<p>En una entrevista con la revista <strong>GQ<\/strong> publicada esta semana, Sweeney habla por primera vez de las reacciones al anuncio, aparecido este pasado mes de julio, y que acumul\u00f3 millones de visualizaciones adem\u00e1s de darle un empuj\u00f3n al valor de las acciones de American Eagle. Ante los ataques que recibi\u00f3 el anuncio por ser supuestamente racista, tanto la compa\u00f1\u00eda como la actriz recibieron muchos apoyos, incluso desde las m\u00e1s altas esferas. <strong>Trump<\/strong>, desde su cuenta en Truth Social, la elogi\u00f3 como \u00abfant\u00e1stica\u00bb, y Vance comparti\u00f3 el v\u00eddeo destacando su atractivo.<\/p>\n<p>En <a href=\"https:\/\/www.gq.com\/story\/sydney-sweeney-gq-cover-story-interview-men-of-the-year-2025\" target=\"_blank\" rel=\"nofollow noreferrer noopener\"><strong>la entrevista con GQ<\/strong><\/a>, la periodista Katherine Stoeffel presiona a Sweeney durante m\u00e1s de tres minutos para que se disculpe por el juego de palabras y condene el respaldo de Trump. \u00abHice un anuncio de vaqueros. La reacci\u00f3n fue una sorpresa, pero me encantan los vaqueros. Vaqueros y camisetas: eso es lo que me pongo todos los d\u00edas\u00bb, responde la actriz. Ante la insistencia sobre si se siente \u00abagradecida\u00bb por el apoyo de \u00abpoderosas figuras\u00bb, Sweeney contesta: \u00abNo tuve esa sensaci\u00f3n\u00bb, a\u00f1adiendo que sucedi\u00f3 cuando estaba trabajando jornadas de 16 horas rodando Euphoria. Cuando se le pregunta si le preocupa alienar a <strong>audiencias progresistas<\/strong>, replica: \u00abNo\u00bb. Finalmente, la entrevistadora la \u00abda la oportunidad\u00bb de pronunciarse sobre lo inadecuado de hacer un chiste con doble sentido gen\u00e9tico en el clima pol\u00edtico actual, a lo que responde, contundente y sin titubear: \u00abCuando haya algo sobre lo que quiera hablar, la gente se enterar\u00e1\u00bb.<\/p>\n<p>Todo el intercambio es una clase de c\u00f3mo se debe responder a preguntas basadas en una premisa con la que no est\u00e1s de acuerdo. Hay un viejo dicho en el <strong>periodismo<\/strong> que encapsular\u00eda esta idea y al que se refirieron Bill Kovach y Tom Rosenstiel en su libro Los elementos del periodismo. \u00abUn ejemplo cl\u00e1sico es la <strong>pregunta-trampa<\/strong>: \u2018\u00bfHa dejado ya de pegar a su mujer?\u2019 Si el interpelado responde que s\u00ed, la implicaci\u00f3n es que antes sol\u00eda hacerlo mientras que si responde que no lo que da a entender es que a\u00fan lo hace. Otra variante m\u00e1s moderna es cuando un periodista llama a un pol\u00edtico y le pregunta: \u00ab\u00bfMat\u00f3 usted a su ayudante?\u00bb Cuando el pol\u00edtico lo niega indignado, la noticia sale as\u00ed: \u00abEl senador niega haber asesinado a su ayudante\u00bb. La negaci\u00f3n se convierte en la excusa para publicar la acusaci\u00f3n, aunque no exista ni una sola prueba\u00bb. Del mismo modo, si Sweeney se hubiera defendido de la acusaci\u00f3n falsa que le hacen estar\u00eda aceptando la premisa de que existe una acusaci\u00f3n digna de tal nombre en primer lugar, de modo que no cae en la trampa.<\/p>\n<p>Como ya sucediera cuando sali\u00f3 el anuncio, la <strong>derecha estadounidense<\/strong> ha apoyado a la postura de la actriz y atacar la entrevista. \u00abLo m\u00e1s interesante de esta conversaci\u00f3n para mi es la progresista engre\u00edda que vive en su propia burbuja y dice chorradas porque le parecen lo m\u00e1s natural del mundo\u00bb, <a href=\"https:\/\/x.com\/dineshdsouza\/status\/1986563463695515781?s=43\" target=\"_blank\" rel=\"nofollow noreferrer noopener\">comparti\u00f3 <strong>Dinesh D\u2019Souza<\/strong><\/a>. \u00abEstoy seguro de que todav\u00eda se est\u00e1 preguntando por qu\u00e9 Sydney Sweeney no le sigui\u00f3 el juego\u00bb.<\/p>\n<blockquote class=\"twitter-tweet\"><p>&#13;<\/p>\n<p dir=\"ltr\" lang=\"en\">This is the slimiest journalist I\u2019ve ever seen. This entire \u00abinterview\u00bb is a bad faith gotcha where she\u2019s trying to trap Sydney into admitting she\u2019s conservative lol what a psychopath <a href=\"https:\/\/t.co\/xX8HU7I0Ox\" target=\"_blank\" rel=\"nofollow\">https:\/\/t.co\/xX8HU7I0Ox<\/a><\/p>\n<p>&#13;<br \/>\n\u2014 Alex Clark (@yoalexrapz) <a href=\"https:\/\/twitter.com\/yoalexrapz\/status\/1986703753605751061?ref_src=twsrc%5Etfw\" target=\"_blank\" rel=\"nofollow noopener\">November 7, 2025<\/a><\/p><\/blockquote>\n<p>\u00abEste es el periodista m\u00e1s repugnante que he visto en toda mi vida. Toda esta supuesta \u2018entrevista\u2019 es una emboscada de mala fe, una trampa para acorralar a Sydney y forzarla a confesar que es conservadora, jajaja \u00a1qu\u00e9 psic\u00f3pata de manual!\u00bb asegur\u00f3 la podcaster <strong>Alex Clark<\/strong>, quien forma parte de la organizaci\u00f3n del difunto Charlie Kirk. Mientras, <a href=\"https:\/\/x.com\/piersmorgan\/status\/1986803714544329192\" target=\"_blank\" rel=\"nofollow noreferrer noopener\">el popular presentador <strong>Piers Morgan<\/strong><\/a> concluy\u00f3 que \u00abla mejor manera de lidiar con la menguante turba woke es ignorar por completo sus chorradas\u00bb.<\/p>\n<p>Quienes no se han pronunciado, por ahora, son <strong>Trump y Vance<\/strong>.<\/p>\n<p>            <script async src=\"https:\/\/platform.twitter.com\/widgets.js\" charset=\"utf-8\"><\/script><\/p>\n","protected":false},"excerpt":{"rendered":"La actriz Sydney Sweeney ha respondido por primera vez a la pol\u00e9mica generada por su campa\u00f1a publicitaria para&hellip;\n","protected":false},"author":2,"featured_media":224493,"comment_status":"","ping_status":"","sticky":false,"template":"","format":"standard","meta":{"footnotes":""},"categories":[174],"tags":[14276,59396,255,146,147,25,24,22164,256,59397,23,14277,936],"class_list":{"0":"post-224492","1":"post","2":"type-post","3":"status-publish","4":"format-standard","5":"has-post-thumbnail","7":"category-famosos","8":"tag-american-eagle","9":"tag-anuncio-de-vaqueros","10":"tag-celebrities","11":"tag-entertainment","12":"tag-entretenimiento","13":"tag-es","14":"tag-espana","15":"tag-euphoria","16":"tag-famosos","17":"tag-gq","18":"tag-spain","19":"tag-sydney-sweeney","20":"tag-trump"},"share_on_mastodon":{"url":"https:\/\/pubeurope.com\/@es\/115512261020356255","error":""},"_links":{"self":[{"href":"https:\/\/www.europesays.com\/es\/wp-json\/wp\/v2\/posts\/224492","targetHints":{"allow":["GET"]}}],"collection":[{"href":"https:\/\/www.europesays.com\/es\/wp-json\/wp\/v2\/posts"}],"about":[{"href":"https:\/\/www.europesays.com\/es\/wp-json\/wp\/v2\/types\/post"}],"author":[{"embeddable":true,"href":"https:\/\/www.europesays.com\/es\/wp-json\/wp\/v2\/users\/2"}],"replies":[{"embeddable":true,"href":"https:\/\/www.europesays.com\/es\/wp-json\/wp\/v2\/comments?post=224492"}],"version-history":[{"count":0,"href":"https:\/\/www.europesays.com\/es\/wp-json\/wp\/v2\/posts\/224492\/revisions"}],"wp:featuredmedia":[{"embeddable":true,"href":"https:\/\/www.europesays.com\/es\/wp-json\/wp\/v2\/media\/224493"}],"wp:attachment":[{"href":"https:\/\/www.europesays.com\/es\/wp-json\/wp\/v2\/media?parent=224492"}],"wp:term":[{"taxonomy":"category","embeddable":true,"href":"https:\/\/www.europesays.com\/es\/wp-json\/wp\/v2\/categories?post=224492"},{"taxonomy":"post_tag","embeddable":true,"href":"https:\/\/www.europesays.com\/es\/wp-json\/wp\/v2\/tags?post=224492"}],"curies":[{"name":"wp","href":"https:\/\/api.w.org\/{rel}","templated":true}]}}