{"id":224506,"date":"2025-11-08T04:53:05","date_gmt":"2025-11-08T04:53:05","guid":{"rendered":"https:\/\/www.europesays.com\/es\/224506\/"},"modified":"2025-11-08T04:53:05","modified_gmt":"2025-11-08T04:53:05","slug":"los-muxes-hombres-que-asumen-roles-femeninos-tradicionales-en-mexico-llegan-a-espana-en-forma-de-teatro-cultura","status":"publish","type":"post","link":"https:\/\/www.europesays.com\/es\/224506\/","title":{"rendered":"Los muxes, hombres que asumen roles femeninos tradicionales en M\u00e9xico, llegan a Espa\u00f1a en forma de teatro | Cultura"},"content":{"rendered":"<p class=\"\">Lukas Avenda\u00f1o es un<a href=\"https:\/\/elpais.com\/elpais\/2017\/05\/15\/eps\/1494799522_149479.html\" target=\"_self\" rel=\"nofollow noopener\" title=\"https:\/\/elpais.com\/elpais\/2017\/05\/15\/eps\/1494799522_149479.html\"> muxe, una figura que viene de la tradici\u00f3n precolombina<\/a>, en la que hombres ind\u00edgenas asumen las funciones femeninas tradicionales, tambi\u00e9n en el \u00e1mbito de las afectividades y emociones. Por primera vez en Espa\u00f1a, Avenda\u00f1o, nacido hace 47 a\u00f1os en un pueblito del sur de M\u00e9xico, presenta en el Festival de Oto\u00f1o de Madrid su espect\u00e1culo R\u00e9quiem para un alcarav\u00e1n, en el que, vestido de novia, reproduce el ritual de una boda y su celebraci\u00f3n. El montaje, que fue estrenado en 2011 en M\u00e9xico y ha sido representado en varias ciudades europeas, estar\u00e1 en el centro Conde Duque este s\u00e1bado y el domingo.<\/p>\n<p>M\u00e1s informaci\u00f3n<\/p>\n<p class=\"\">Se presenta a la entrevista ataviado de fiesta, con un bell\u00edsimo traje de mujer, pendientes largos, pulseras, dos trenzas recogidas en lazos de color verde y unas u\u00f1as largas pintadas de claro. Nacido hace 47 a\u00f1os en la peque\u00f1a localidad Finca Santa Teresa de Jes\u00fas, en el Estado de Guajaca, al sur de M\u00e9xico \u2015\u201ca 30 minutos del Pac\u00edfico y a diez horas en autob\u00fas de la capital de M\u00e9xico\u201d, puntualiza\u2015, Avenda\u00f1o reflexiona mucho cuando<a href=\"https:\/\/elpais.com\/elpais\/2017\/05\/15\/eps\/1494799522_149479.html\" target=\"_self\" rel=\"nofollow noopener\" title=\"https:\/\/elpais.com\/elpais\/2017\/05\/15\/eps\/1494799522_149479.html\"> se le pregunta qu\u00e9 es un muxe. <\/a>\u201cEs alguien que nace con los \u00f3rganos reproductores masculinos pero que se distancia de los roles de la masculinidad para abrazar los femeninos, que, adem\u00e1s, son mucho m\u00e1s diversos. <a href=\"https:\/\/verne.elpais.com\/verne\/2017\/01\/31\/mexico\/1485834145_612368.html\" target=\"_self\" rel=\"nofollow noopener\" title=\"https:\/\/verne.elpais.com\/verne\/2017\/01\/31\/mexico\/1485834145_612368.html\">No hay solo un muxe, hay muxes, y dependiendo de tu edad<\/a> vas cumpliendo funciones diferentes. En la infancia, la colectividad<a href=\"https:\/\/verne.elpais.com\/verne\/2017\/01\/31\/mexico\/1485834145_612368.html\" target=\"_self\" rel=\"nofollow noopener\" title=\"https:\/\/verne.elpais.com\/verne\/2017\/01\/31\/mexico\/1485834145_612368.html\"> te reconoce como muxe<\/a> cuando advierte en ti ciertos gestos y pr\u00e1cticas que no son de un hombre. Luego llega una edad en la que uno decide intervenir en su propia est\u00e9tica, una decisi\u00f3n deliberada de cada uno, y m\u00e1s tarde llega una edad, en la que yo me encuentro ahora, donde cumples funciones espec\u00edficas de servicio social a la comunidad con todos los roles de afectividad y emocional cercanos a la feminidad. Yo dir\u00eda que un muxe es una existencia muy vinculada a la religiosidad. Hay muxes cocineros, tejedores, bordadores, trabajos siempre para la colectividad. Yo, por ejemplo, soy el encargado de gestionar el agua potable en mi comunidad\u201d, responde. Una comunidad de ind\u00edgenas que califica de \u201cmuy heterodoxa\u201d, en la que viven unas 250 familias y <a href=\"https:\/\/elpais.com\/elpais\/2017\/05\/15\/eps\/1494799522_149479.html\" target=\"_self\" rel=\"nofollow noopener\" title=\"https:\/\/elpais.com\/elpais\/2017\/05\/15\/eps\/1494799522_149479.html\">donde hay cinco muxes<\/a>. \u201cSi un hombre, una mujer o un muxe est\u00e1n colaborando en su comunidad, son todos bien aceptados. Los muxes han contribuido hist\u00f3ricamente en la educaci\u00f3n de la sociedad y son una demostraci\u00f3n de libertad, de que cada persona vive y ama como desea\u201d, se\u00f1ala.<\/p>\n<p><img decoding=\"auto\" class=\"_re lazyload a_m-h\" height=\"277\"  width=\"414\"  src=\"https:\/\/www.europesays.com\/es\/wp-content\/uploads\/2025\/11\/JFXUVVQX4NG23D2G6MYYCLYYPQ.jpg\" loading=\"lazy\"\/>Lukas Avenda\u00f1o, fotografiado esta semana en Madrid. Claudio \u00c1lvarez<\/p>\n<p class=\"\">Aunque tiene cinco hermanos, Avenda\u00f1o es el que cuida y vive cerca de su madre, de 70 a\u00f1os. <a href=\"https:\/\/verne.elpais.com\/verne\/2017\/01\/31\/mexico\/1485834145_612368.html\" target=\"_self\" rel=\"nofollow noopener\" title=\"https:\/\/verne.elpais.com\/verne\/2017\/01\/31\/mexico\/1485834145_612368.html\">Es el \u00fanico muxe de su familia, <\/a>pero lleva a rajatabla los valores de este g\u00e9nero, centrados en los servicios y cuidados, y en la defensa de las tradiciones, tanto religiosas como laicas, con un profundo sentido de pertenencia a la tierra. Core\u00f3grafo, Avenda\u00f1o tambi\u00e9n ense\u00f1a danza, asignatura que imparte una vez a la semana en la escuela de primaria del pueblo y en la que ha volcado toda su indagaci\u00f3n art\u00edstica en torno a la cultura ind\u00edgena, a la identidad y el legado de las tradiciones musicales y rituales. Seg\u00fan un conocido investigador teatral mexicano, Antonio Prieto Stambaugh, Avenda\u00f1o es el \u00fanico performer mexicano que aborda su trabajo con \u201cexplosiva confluencia de g\u00e9nero, sexualidad y etnicidad\u201d.<\/p>\n<p class=\"\">De una amabilidad extrema y generosa, Avenda\u00f1o es un militante que se muestra en contra de la propiedad privada de la tierra y de la acumulaci\u00f3n. Ante <a href=\"https:\/\/elpais.com\/mexico\/2025-11-01\/mexico-y-espana-abren-la-puerta-a-la-reconciliacion-diplomatica-tras-siete-anos-de-tensiones.html\" target=\"_self\" rel=\"nofollow noopener\" title=\"https:\/\/elpais.com\/mexico\/2025-11-01\/mexico-y-espana-abren-la-puerta-a-la-reconciliacion-diplomatica-tras-siete-anos-de-tensiones.html\">el debate en M\u00e9xico y en Espa\u00f1a<\/a> en torno a las injusticias cometidas en la Conquista, Avenda\u00f1o pone el acento en la pol\u00edtica de su pa\u00eds: \u201cYo lo que le pido al Gobierno mexicano es que nuestros desaparecidos aparezcan, que deje de ofertar el territorio comunal al gran capital, que cese las concesiones mineras a cielo abierto a empresas extranjeras\u201d.<\/p>\n","protected":false},"excerpt":{"rendered":"Lukas Avenda\u00f1o es un muxe, una figura que viene de la tradici\u00f3n precolombina, en la que hombres ind\u00edgenas&hellip;\n","protected":false},"author":2,"featured_media":224507,"comment_status":"","ping_status":"","sticky":false,"template":"","format":"standard","meta":{"footnotes":""},"categories":[91],"tags":[10954,209,146,147,25,24,59399,54523,13937,1906,4017,23,1651],"class_list":{"0":"post-224506","1":"post","2":"type-post","3":"status-publish","4":"format-standard","5":"has-post-thumbnail","7":"category-entretenimiento","8":"tag-artes-escenicas","9":"tag-cultura","10":"tag-entertainment","11":"tag-entretenimiento","12":"tag-es","13":"tag-espana","14":"tag-festival-otono-comunidad-de-madrid","15":"tag-identidad-genero","16":"tag-indigenas","17":"tag-mexico","18":"tag-sexualidad","19":"tag-spain","20":"tag-teatro"},"share_on_mastodon":{"url":"https:\/\/pubeurope.com\/@es\/115512292520923940","error":""},"_links":{"self":[{"href":"https:\/\/www.europesays.com\/es\/wp-json\/wp\/v2\/posts\/224506","targetHints":{"allow":["GET"]}}],"collection":[{"href":"https:\/\/www.europesays.com\/es\/wp-json\/wp\/v2\/posts"}],"about":[{"href":"https:\/\/www.europesays.com\/es\/wp-json\/wp\/v2\/types\/post"}],"author":[{"embeddable":true,"href":"https:\/\/www.europesays.com\/es\/wp-json\/wp\/v2\/users\/2"}],"replies":[{"embeddable":true,"href":"https:\/\/www.europesays.com\/es\/wp-json\/wp\/v2\/comments?post=224506"}],"version-history":[{"count":0,"href":"https:\/\/www.europesays.com\/es\/wp-json\/wp\/v2\/posts\/224506\/revisions"}],"wp:featuredmedia":[{"embeddable":true,"href":"https:\/\/www.europesays.com\/es\/wp-json\/wp\/v2\/media\/224507"}],"wp:attachment":[{"href":"https:\/\/www.europesays.com\/es\/wp-json\/wp\/v2\/media?parent=224506"}],"wp:term":[{"taxonomy":"category","embeddable":true,"href":"https:\/\/www.europesays.com\/es\/wp-json\/wp\/v2\/categories?post=224506"},{"taxonomy":"post_tag","embeddable":true,"href":"https:\/\/www.europesays.com\/es\/wp-json\/wp\/v2\/tags?post=224506"}],"curies":[{"name":"wp","href":"https:\/\/api.w.org\/{rel}","templated":true}]}}