{"id":224559,"date":"2025-11-08T05:39:12","date_gmt":"2025-11-08T05:39:12","guid":{"rendered":"https:\/\/www.europesays.com\/es\/224559\/"},"modified":"2025-11-08T05:39:12","modified_gmt":"2025-11-08T05:39:12","slug":"sevilla-se-convierte-en-la-capital-del-septimo-arte-con-la-inauguracion-del-xxii-festival-de-cine-europeo","status":"publish","type":"post","link":"https:\/\/www.europesays.com\/es\/224559\/","title":{"rendered":"Sevilla se convierte en la capital del s\u00e9ptimo arte con la inauguraci\u00f3n del XXII Festival de Cine Europeo"},"content":{"rendered":"<p style=\"\">La capital andaluza volvi\u00f3 a convertirse en epicentro del cine con la inauguraci\u00f3n oficial de la XXII edici\u00f3n del Festival de Cine Europeo de Sevilla. El acto cont\u00f3 con la presencia de autoridades como el alcalde, <strong>Jos\u00e9 Luis Sanz<\/strong>; la delegada de Turismo y  &#8230; Cultura, <strong>Angie Moreno<\/strong>, y la consejera de Cultura y Deporte de la Junta de Andaluc\u00eda, <strong>Patricia del Pozo<\/strong>. Tambi\u00e9n asistieron figuras destacadas de la industria audiovisual, como <strong>Marta Velasco<\/strong>, presidenta de la Academia del Cine de Andaluc\u00eda; <strong>Carlos Rosado y Piluca Querol<\/strong>, presidente y directora de Andaluc\u00eda Film Commission; <strong>Rogelio Delgado<\/strong>, presidente de AEDAVA; <strong>Pilar Crespo Gil<\/strong>, presidenta de AAMMA; o <strong>Nuria Vargas<\/strong>, delegada en Andaluc\u00eda de CIMA.<\/p>\n<p class=\"voc-p\" style=\"\">Con las luces apagadas, <strong>Quentin Gas<\/strong> y la <strong>Escolan\u00eda de Tomares<\/strong> dieron la bienvenida a Sevilla interpretando &#8216;Ederlezi&#8217;, banda sonora de &#8216;Les Temps des Gitans&#8217;, acompa\u00f1ados por la <strong>Banda Sinf\u00f3nica Municipal de Sevilla<\/strong> dirigida por Francisco Javier Guti\u00e9rrez. <\/p>\n<p class=\"voc-p\" style=\"\">La gala de apertura, presentada por los actores <strong>Alfonso S\u00e1nchez y Alberto L\u00f3pez, \u00abLos Compadres\u00bb<\/strong>, estuvo cargada de humor, emoci\u00f3n y gui\u00f1os culturales. Los presentadores iniciaron su intervenci\u00f3n recordando que la Escolan\u00eda de Tomares obtuvo el primer premio de su categor\u00eda en la <strong>China Coral Conference de Pek\u00edn<\/strong>. Adem\u00e1s, destacaron que este 2025 se cumplen <strong>600 a\u00f1os de la llegada del pueblo gitano<\/strong> a Espa\u00f1a, un pueblo que, seg\u00fan recordaron, \u00abha sufrido mucho\u00bb. En tono ir\u00f3nico, L\u00f3pez a\u00f1adi\u00f3: \u00abS\u00ed, menos mal que ya no pasa, que ya no hay campos de refugiados\u2026 Un abrazo a toda la gente que sufre la ira y la situaci\u00f3n de las guerras\u00bb. Unas palabras que hicieron referencia al <strong>conflicto palestino, muy presente durante la noche<\/strong>, con invitados que lucieron chapas en apoyo y ciudadanos que ondearon banderas palestinas frente al photocall.<\/p>\n<p>\nNoche de cine\n<\/p>\n<p class=\"voc-p\" style=\"\">Durante la jornada se adelantaron algunos detalles de la programaci\u00f3n, que ofrecer\u00e1 <strong>siete d\u00edas de cine con 192 t\u00edtulos y homenajes a grandes maestros del s\u00e9ptimo arte<\/strong>.<\/p>\n<p class=\"voc-p\" style=\"\">De un momento a otro, la cantante <strong>Robin Torres<\/strong> intervino recordando con humor que \u00abel a\u00f1o pasado lo hicisteis muy bien, pero faltaba una figura femenina, y ah\u00ed es donde entro yo\u00bb. <\/p>\n<p class=\"voc-p\" style=\"\">El tr\u00edo present\u00f3 el dise\u00f1o de los tres carteles oficiales del festival, obra del ilustrador <strong>Jos\u00e9 Luis \u00c1greda<\/strong>, \u00abun cartel con mucho flow, y hablando de flow&#8230;\u00bb. Los compadres aprovecharon el gancho para rememorar el \u00e9xito de la pel\u00edcula &#8216;Flow&#8217; y \u00abel ojo que tiene este Festival de Cine\u00bb, que <strong>meses despu\u00e9s de su proyecci\u00f3n, fue galardonada con un \u00d3scar<\/strong>. En tono c\u00f3mico, el alcalde Jos\u00e9 Luis Sanz subi\u00f3 al escenario con una r\u00e9plica del \u00d3scar, que acab\u00f3 siendo motivo de broma entre los presentadores y la cantante Robin Torres. \u00abLa gente del cine, se ponen muy nerviosos antes de los premios\u00bb, brome\u00f3 Alfonso S\u00e1nchez.<\/p>\n<p><img decoding=\"async\" loading=\"lazy\" src=\"https:\/\/www.europesays.com\/es\/wp-content\/uploads\/2025\/11\/victor-foto-2-U72235722023UzV-760x427@diario_abc.jpeg\" class=\"voc-img\" width=\"760\" height=\"427\" alt=\"El alcalde, Los Compadres y Robin Torres\" data-voc-vtm-id=\"in-text-traffic\"\/><\/p>\n<p>El alcalde, Los Compadres y Robin Torres<\/p>\n<p>v\u00edctor rodr\u00edguez<\/p>\n<p class=\"voc-p\" style=\"\">Durante su intervenci\u00f3n, el alcalde destac\u00f3 que ya sabe por d\u00f3nde empezar\u00e1 a sumergirse en esta XXII edici\u00f3n. \u00abMe interesa much\u00edsimo una historia sobre el pueblo gitano, Farruquito, y la de S\u00e1nchez Ar\u00e9valo. <strong>En esta edici\u00f3n el festival recupera la vocaci\u00f3n europea que siempre tuvo<\/strong>\u00ab, asegur\u00f3.<\/p>\n<p class=\"voc-p\" style=\"\">A continuaci\u00f3n, Robin Torres enton\u00f3 la banda sonora de <strong>&#8216;Cinema Paradiso&#8217;<\/strong>, presentada por Alfonso S\u00e1nchez como \u00abla magia del cine hecha pel\u00edcula\u00bb. Tras ella, el director del festival, <strong>Manuel Crist\u00f3bal<\/strong>, apareci\u00f3 en escena bromeando con un \u00ab\u00bfel pelo bien?\u00bb, antes de repasar las novedades de esta edici\u00f3n. Asimismo, se proyect\u00f3 un v\u00eddeo con los t\u00edtulos que compiten por el premio de la &#8216;European Film Academy Selection&#8217;.<\/p>\n<p class=\"voc-p\" style=\"\">Acto seguido, <strong>Concha Ortiz<\/strong> present\u00f3 al jurado de la secci\u00f3n oficial, compuesto por <strong>John Coven<\/strong>, artista de storyboard y docente; <strong>Laura Hojman<\/strong>, directora y guionista; <strong>Nacho Mart\u00ednez<\/strong>, director de programaci\u00f3n de MK2; <strong>Bonnie Vol\u00e1ndoselas<\/strong>, consultora internacional de marketing y publicidad, y <strong>Linda Myles<\/strong>, productora y escritora. Myles se\u00f1al\u00f3: \u00abEs un honor estar aqu\u00ed. A todos nos une una pasi\u00f3n uniforme por el cine. No es un programa predecible. Hay un equilibrio muy bueno entre creadores n\u00f3veles y veteranos. <strong>Buscamos pel\u00edculas que nos lleven a sitios que no esperamos<\/strong>\u00bb.<\/p>\n<p class=\"voc-p\" style=\"\">Este bloque se cerr\u00f3 con Alfonso S\u00e1nchez afirmando que \u00abSevilla es un lugar m\u00e1gico donde todo lo que e sue\u00f1as es posible\u00bb. As\u00ed dio paso a la interpretaci\u00f3n de <strong>&#8216;Ne me quitte pas&#8217;<\/strong>, protagonizada por el carism\u00e1tico artista <strong>Falete<\/strong>.<\/p>\n<p class=\"voc-p\" style=\"\">Por fin lleg\u00f3 uno de los momentos m\u00e1s esperados de la noche: la entrega del <strong>Giraldillo de Honor al cineasta Alberto Rodr\u00edguez<\/strong>, en reconocimiento a su s\u00f3lida y destacada trayectoria en el cine espa\u00f1ol. Director y guionista, Rodr\u00edguez ha sabido retratar como pocos la identidad de Sevilla en obras como<strong> &#8216;La isla m\u00ednima&#8217;, &#8216;Grupo 7&#8217; o &#8216;Modelo 77&#8217;.<\/strong><\/p>\n<p>\nUn premio \u00abmerecido\u00bb\n<\/p>\n<p class=\"voc-p\" style=\"\">El homenaje cont\u00f3 con la participaci\u00f3n de <strong>Eva Leira, Yolanda Serrano, Antonio de la Torre, Rafael Cobos, Ra\u00fal Ar\u00e9valo y Daniel S\u00e1nchez Ar\u00e9valo<\/strong>. Este \u00faltimo le dedic\u00f3 unas palabras emotivas: \u00abEres tremendamente bondadoso y humilde. Eso hace tu cine enorme. <strong>Te fijas en lo que no se fija nadie<\/strong>. Te mereces este premio por hacer desde Sevilla un cine muy grande\u00bb.<\/p>\n<p class=\"voc-p\" style=\"\">Antonio de la Torre a\u00f1adi\u00f3: \u00abGracias por abrirme las puertas de tu casa, para m\u00ed es un honor\u00bb. Por su parte, Leira y Serrano recordaron que &#8216;Grupo 7&#8217; fue una pel\u00edcula clave para ellas: \u00abNos trajiste a Sevilla, que gracias a ti se ha convertido en nuestra segunda casa. Gracias por ser un grand\u00edsimo director y una a\u00fan m\u00e1s grand\u00edsima persona\u00bb. Rafael Cobos cerr\u00f3 su intervenci\u00f3n con humor: \u00abEmpezamos cerrando bares y nos acercamos peligrosamente al tercer acto.<strong> Somos como Redford y Newman, pero en guapos<\/strong>\u00bb.<\/p>\n<p><img decoding=\"async\" loading=\"lazy\" src=\"https:\/\/www.europesays.com\/es\/wp-content\/uploads\/2025\/11\/victor-foto-3-U35734314370RPl-760x427@diario_abc.jpeg\" class=\"voc-img\" width=\"760\" height=\"427\" alt=\"Alberto Rodr\u00edguez recogiendo el premio\" data-voc-vtm-id=\"in-text-traffic\"\/><\/p>\n<p>Alberto Rodr\u00edguez recogiendo el premio<\/p>\n<p>v\u00edctor rodr\u00edguez<\/p>\n<p class=\"voc-p\" style=\"\">Al recoger el galard\u00f3n, Alberto Rodr\u00edguez afirm\u00f3 que \u00ab<strong>recojo el premio entendiendo que lo hago por una generaci\u00f3n entera de cineastas que empezamos a hacer cine en una ciudad que parec\u00eda ser el lugar m\u00e1s improbable para hacerlo<\/strong>. Ha sido un placer hacer todo el trabajo que hemos rodado durante estos 30 a\u00f1os\u00bb. Tambi\u00e9n record\u00f3 al <strong>productor Jos\u00e9 Antonio F\u00e9dez<\/strong>, fallecido el pasado 9 de septiembre, a quien atribuy\u00f3 haber sido \u00abla persona que se dio cuenta de que pod\u00edamos hacer cine cuando nosotros a\u00fan no lo sab\u00edamos\u00bb.<\/p>\n<p class=\"voc-p\" style=\"\">La gala concluy\u00f3 con los compadres coreando junto al p\u00fablico y la Banda Sinf\u00f3nica Municipal <strong>\u00abEsto es cine europeo\u2026\u00bb<\/strong>, acompa\u00f1ados por la Escolan\u00eda de Tomares. De esta forma, qued\u00f3 inaugurada oficialmente la vig\u00e9sima edici\u00f3n del Festival de Cine Europeo de Sevilla.<\/p>\n","protected":false},"excerpt":{"rendered":"La capital andaluza volvi\u00f3 a convertirse en epicentro del cine con la inauguraci\u00f3n oficial de la XXII edici\u00f3n&hellip;\n","protected":false},"author":2,"featured_media":224560,"comment_status":"","ping_status":"","sticky":false,"template":"","format":"standard","meta":{"footnotes":""},"categories":[91],"tags":[229,7264,177,1438,146,147,25,24,5824,3931,9193,8777,1171,23],"class_list":{"0":"post-224559","1":"post","2":"type-post","3":"status-publish","4":"format-standard","5":"has-post-thumbnail","7":"category-entretenimiento","8":"tag-arte","9":"tag-capital","10":"tag-cine","11":"tag-convierte","12":"tag-entertainment","13":"tag-entretenimiento","14":"tag-es","15":"tag-espana","16":"tag-europeo","17":"tag-festival","18":"tag-inauguracion","19":"tag-septimo","20":"tag-sevilla","21":"tag-spain"},"share_on_mastodon":{"url":"https:\/\/pubeurope.com\/@es\/115512473288786140","error":""},"_links":{"self":[{"href":"https:\/\/www.europesays.com\/es\/wp-json\/wp\/v2\/posts\/224559","targetHints":{"allow":["GET"]}}],"collection":[{"href":"https:\/\/www.europesays.com\/es\/wp-json\/wp\/v2\/posts"}],"about":[{"href":"https:\/\/www.europesays.com\/es\/wp-json\/wp\/v2\/types\/post"}],"author":[{"embeddable":true,"href":"https:\/\/www.europesays.com\/es\/wp-json\/wp\/v2\/users\/2"}],"replies":[{"embeddable":true,"href":"https:\/\/www.europesays.com\/es\/wp-json\/wp\/v2\/comments?post=224559"}],"version-history":[{"count":0,"href":"https:\/\/www.europesays.com\/es\/wp-json\/wp\/v2\/posts\/224559\/revisions"}],"wp:featuredmedia":[{"embeddable":true,"href":"https:\/\/www.europesays.com\/es\/wp-json\/wp\/v2\/media\/224560"}],"wp:attachment":[{"href":"https:\/\/www.europesays.com\/es\/wp-json\/wp\/v2\/media?parent=224559"}],"wp:term":[{"taxonomy":"category","embeddable":true,"href":"https:\/\/www.europesays.com\/es\/wp-json\/wp\/v2\/categories?post=224559"},{"taxonomy":"post_tag","embeddable":true,"href":"https:\/\/www.europesays.com\/es\/wp-json\/wp\/v2\/tags?post=224559"}],"curies":[{"name":"wp","href":"https:\/\/api.w.org\/{rel}","templated":true}]}}