{"id":224590,"date":"2025-11-08T06:07:14","date_gmt":"2025-11-08T06:07:14","guid":{"rendered":"https:\/\/www.europesays.com\/es\/224590\/"},"modified":"2025-11-08T06:07:14","modified_gmt":"2025-11-08T06:07:14","slug":"radical-y-fascinante-es-lux-de-rosalia-el-mejor-album-del-ano","status":"publish","type":"post","link":"https:\/\/www.europesays.com\/es\/224590\/","title":{"rendered":"\u00abRadical y fascinante\u00bb: \u00bfes \u00abLux\u00bb, de Rosal\u00eda, el mejor \u00e1lbum del a\u00f1o?"},"content":{"rendered":"<p><img fetchpriority=\"high\" decoding=\"async\" src=\"https:\/\/www.europesays.com\/es\/wp-content\/uploads\/2025\/11\/237b4f70-bb35-11f0-a9c7-018c8fe15fae.jpg.webp.webp\"   alt=\"Rosal\u00eda con una chaqueta negra, tiene pelo largo y oscuro \" loading=\"eager\" width=\"2000\" height=\"1125\" style=\"aspect-ratio:2000 \/ 1125\" class=\"css-4ejld5\"\/><\/p>\n<p class=\"css-by8ykd\" role=\"text\">Fuente de la imagen, Getty Images<\/p>\n<p>Pie de foto, Rosal\u00eda surgi\u00f3 como una revelaci\u00f3n en 2018 y se ha convertido en una de las mayores estrellas de la m\u00fasica latina.<strong id=\"article-byline\" aria-hidden=\"true\" class=\"css-m04vo2\">Informaci\u00f3n del art\u00edculo<\/strong><\/p>\n<ul class=\"css-1rvtlej\">\n<li class=\"css-oe8da4\">\n<ul role=\"list\" class=\"css-1rnycnn\">\n<li>Autor, Mark Savage<\/li>\n<li>T\u00edtulo del autor,  Corresponsal de M\u00fasica de la BBC<\/li>\n<\/ul>\n<\/li>\n<li class=\"css-1clfxfc\">\n<p>7 noviembre 2025<\/p>\n<\/li>\n<li class=\"css-1clfxfc\"\/><\/ul>\n<p dir=\"ltr\" class=\"css-1qucyee e17g058b0\"><b>A lo largo de su breve historial discogr\u00e1fico, Rosal\u00eda nunca se ha topado con una convenci\u00f3n que no hubiese podido romper.<\/b><\/p>\n<p dir=\"ltr\" class=\"css-1qucyee e17g058b0\">Nacida en Barcelona, la cantante ha pasado los \u00faltimos siete a\u00f1os innovando a una velocidad que hace parecer a sus artistas contempor\u00e1neos c\u00f3micamente perezosos.<\/p>\n<p dir=\"ltr\" class=\"css-1qucyee e17g058b0\">El siguiente, \u00abMotomami\u00bb en 2022, fue un \u00e9xito pop locamente innovador, entrelazando g\u00e9neros latinoamericanos como cumbia y reguet\u00f3n con los chasqueadores ritmos de hip-hop y sus juguetonas y ondulantes melod\u00edas.<\/p>\n<p dir=\"ltr\" class=\"css-1qucyee e17g058b0\">Con letras sobre fama, sexo y autoconocimiento, \u00abMotomami\u00bb debut\u00f3 en el tope de la lista global de \u00e1lbumes exitosos de  Spotify, fue galardonado como \u00e1lbum del a\u00f1o en los Grammy Latinos, y se convirti\u00f3 en el disco con las mejores rese\u00f1as en 2022 en Metacritic, incluso superando el celebrado \u00abRenaissance\u00bb de Beyonc\u00e9.<\/p>\n<p dir=\"ltr\" class=\"css-1qucyee e17g058b0\">Despu\u00e9s de que Rosal\u00eda termin\u00f3 la gira musical de su elogiado \u00e1lbum hace tres a\u00f1os, sus fans se quedaron adivinando qu\u00e9 vendr\u00eda ahora.<\/p>\n<p dir=\"ltr\" class=\"css-1qucyee e17g058b0\">La respuesta la revela en su cuarto \u00e1lbum, \u00abLux\u00bb, lanzado al mercado este viernes.<\/p>\n<p><img decoding=\"async\" src=\"https:\/\/www.europesays.com\/es\/wp-content\/uploads\/2025\/11\/9872a8b0-bb34-11f0-ba75-093eca1ac29b.jpg.webp.webp\"   alt=\"La car\u00e1tula de &quot;Lux&quot; de Rosal\u00eda\" loading=\"lazy\" width=\"1080\" height=\"1350\" style=\"aspect-ratio:1080 \/ 1350\" class=\"css-4ejld5\"\/><\/p>\n<p class=\"css-by8ykd\" role=\"text\">Fuente de la imagen, Rosal\u00eda\/Columbia Records<\/p>\n<p>Pie de foto, La car\u00e1tula del \u00e1lbum muestra a Rosal\u00eda abraz\u00e1ndose mientras porta un velo de monja, reflejando temas de autoaceptaci\u00f3n y b\u00fasqueda espiritual. <\/p>\n<p dir=\"ltr\" class=\"css-1qucyee e17g058b0\">En lugar de seguir los pasos de sus predecesores, \u00abLux\u00bb forja su propio, singular camino; empleando la formaci\u00f3n cl\u00e1sica que Rosal\u00eda recibi\u00f3 en la prestigiosa Escuela Superior de M\u00fasica de Catalu\u00f1a.<\/p>\n<p dir=\"ltr\" class=\"css-1qucyee e17g058b0\">Grabado con la Orquesta Sinf\u00f3nica de Londres, y contando con m\u00faltiples arreglos de la ganadora del Premio Pulitzer Caroline Shaw, es un opus oper\u00e1tico radical y rebelde que no suena como nada en la esfera del pop.<\/p>\n<p dir=\"ltr\" class=\"css-1qucyee e17g058b0\">El primer sencillo <a href=\"https:\/\/www.bbc.com\/mundo\/articles\/ce3kenpw3k8o\" class=\"focusIndicatorReducedWidth css-n8oauk e1p3sufg0\" rel=\"nofollow noopener\" target=\"_blank\">\u00abBerghain\u00bb<\/a> improvisa sobre el r\u00e9quiem \u00abDies Irae\u00bb de Verdi, con las cuerdas tocadas con cuchillos serrados acompa\u00f1ados de un coro alem\u00e1n que canta sobre el miedo y la ira, hasta que Bjork llega para informar a todos que \u00abla \u00fanica manera de salvarnos es a trav\u00e9s de la intervenci\u00f3n divina\u00bb.<\/p>\n<p dir=\"ltr\" class=\"css-1qucyee e17g058b0\">Otra selecci\u00f3n para resaltar, \u00abReliquia\u00bb, corta y edita el sonido de un cuarteto de c\u00e1mara en patrones electr\u00f3nicos irreconocibles, a medida que Rosal\u00eda se reconcilia a la idea de que ella se entrega demasiado al amor, y coloca la belleza en esa vulnerabilidad.<\/p>\n<p dir=\"ltr\" class=\"css-1qucyee e17g058b0\">\u00abCoge un trozo de m\u00ed\/Qu\u00e9datelo pa&#8217; cuando no est\u00e9\/Ser\u00e9 tu reliquia\u00bb.<\/p>\n<p dir=\"ltr\" class=\"css-1qucyee e17g058b0\">Madona, otra semejante iconoclasta del Pop, ya se ha declarado una fan\u00e1tica, publicando un mensaje a Rosal\u00eda en Instagram, reconociendo: \u00abNo puedo dejar de escuchar! Eres una verdadera visionaria!!!\u00bb.<\/p>\n<p>\u00abTerrorista emocional\u00bb<\/p>\n<p dir=\"ltr\" class=\"css-1qucyee e17g058b0\">Ensamblado a lo largo de tres a\u00f1os, \u00abLux\u00bb es una reflexi\u00f3n sobre un per\u00edodo de turbulencia personal y personal de la artista de 33 a\u00f1os.<\/p>\n<p dir=\"ltr\" class=\"css-1qucyee e17g058b0\">En ese lapso, Rosal\u00eda rompi\u00f3 su compromiso de matrimonio con la estrella puertorrique\u00f1a de reguet\u00f3n Rauw Alejandro, despidi\u00f3 a su representante para  optar por el de Adele, Jonathan Dickins, y logr\u00f3 su primer rol principal de actuaci\u00f3n en el drama de adolescencia \u00abEuphoria\u00bb.<\/p>\n<p dir=\"ltr\" class=\"css-1qucyee e17g058b0\">Su rompimiento con Alejandro parece haber inspirado la letra m\u00e1s punzante del disco. \u00abLa perla\u00bb est\u00e1 dirigida a un hombre a quien llama un \u00abterrorista emocional\u00bb y \u00abmedalla ol\u00edmpica de oro al m\u00e1s cabr\u00f3n\u00bb, con vivaces arreglos de valse que delatan c\u00f3mo se est\u00e1 divirtiendo con esa letan\u00eda de insultos.<\/p>\n<p dir=\"ltr\" class=\"css-1qucyee e17g058b0\">La cat\u00e1rtica \u00abFocu &#8216;Rani\u00bb (s\u00f3lo disponible en copias en CD y vinilo) combina una desoladora melod\u00eda con fragmentos vocales revueltos; reflejando la agitaci\u00f3n emocional de una novia que cancela su boda a \u00faltimo momento.<\/p>\n<p dir=\"ltr\" class=\"css-1qucyee e17g058b0\">En una entrevista con el diario franc\u00e9s Le Monde, coment\u00f3 que la canci\u00f3n estuvo inspirada en su tocaya, Santa Rosal\u00eda de Palermo, que abandon\u00f3 el altar para dedicar su vida a Dios.<\/p>\n<p dir=\"ltr\" class=\"css-1qucyee e17g058b0\">\u00abEncontr\u00e9 esa coincidencia muy loca\u00bb, expres\u00f3 la estrella, aunque rehus\u00f3 elaborar, diciendo simplemente que era una \u00ablarga historia\u00bb.<\/p>\n<p><img decoding=\"async\" src=\"https:\/\/www.europesays.com\/es\/wp-content\/uploads\/2025\/11\/173db960-bb34-11f0-aa13-0b0479f6f42a.jpg.webp.webp\"   alt=\"Rosal\u00eda en el escenario, vestida de blanco con un micr\u00f3fono y acompa\u00f1ada de un grupo de bailarines vestidos de rojo\" loading=\"lazy\" width=\"1024\" height=\"746\" style=\"aspect-ratio:1024 \/ 746\" class=\"css-4ejld5\"\/><\/p>\n<p class=\"css-by8ykd\" role=\"text\">Fuente de la imagen, Getty Images<\/p>\n<p>Pie de foto, La gira de conciertos de su \u00e1lbum \u00abMotomami\u00bb estuvo marcada por un escenario minimalista y bailarines acompa\u00f1antes. <\/p>\n<p dir=\"ltr\" class=\"css-1qucyee e17g058b0\">Una b\u00fasqueda de realizaci\u00f3n espiritual subraya el resto de \u00abLux\u00bb, cuyo t\u00edtulo en lat\u00edn quiere decir \u00abluz\u00bb.<\/p>\n<p dir=\"ltr\" class=\"css-1qucyee e17g058b0\">\u00abSauvignon Blanc\u00bb es una fina balada que contiene una promesa autocr\u00edtica: \u00abA mi Dios escuchar\u00e9\/Mis Jimmy Choo yo las tirar\u00e9\u00bb; mientras que el deslumbrante acelere de dopamina de \u00abDivinize\u00bb la encuentra, en palabras de Loki, cargada de un glorioso prop\u00f3sito.<\/p>\n<p dir=\"ltr\" class=\"css-1qucyee e17g058b0\">\u00abBruise me up, I&#8217;ll eat all of my pride\/I know that I was made to divinize\u00bb (\u00abLast\u00edmame, me tragar\u00e9 mi Orgullo\/S\u00e9 que nac\u00ed para divinizar\u00bb)<\/p>\n<p dir=\"ltr\" class=\"css-1qucyee e17g058b0\">Pero son los momentos m\u00e1s meditabundos los que te dejan sin aliento. La pista final, \u00abMagnolias\u00bb, es una delicada aceptaci\u00f3n de la muerte: \u00abY lo que no hice en vida, lo hac\u00e9is en mi muerte\u00bb.<\/p>\n<p dir=\"ltr\" class=\"css-1qucyee e17g058b0\">Y la tierna, tenue \u00abLa Yugular\u00bb es un reconocimiento de lo divino en la Tierra que celebra nuestra humanidad compartida.<\/p>\n<p dir=\"ltr\" class=\"css-1qucyee e17g058b0\">\u00abYo quepo en el mundo\/Y el mundo cabe en m\u00ed\/Yo ocupo el mundo\/Y el mundo me ocupa a m\u00ed\u00bb, canta con ojos asombrados.<\/p>\n<p dir=\"ltr\" class=\"css-1qucyee e17g058b0\">La canci\u00f3n termina con una grabaci\u00f3n de Patti Smith en 1976, exhortando a los artistas a que rompan con las expectativas.<\/p>\n<p dir=\"ltr\" class=\"css-1qucyee e17g058b0\">\u00abFuercen la entrada para pasar al otro lado\u00bb, exclam\u00f3 la legendaria estrella del rock. \u00abAtravesar una puerta no es suficiente, un mill\u00f3n de puertas no son suficientes\u00bb.<\/p>\n<p dir=\"ltr\" class=\"css-1qucyee e17g058b0\">Como algo que encapsula el impulso creativo de Rosal\u00eda, es casi demasiado perfecto.<\/p>\n<p><img decoding=\"async\" src=\"https:\/\/www.europesays.com\/es\/wp-content\/uploads\/2025\/11\/c7860260-bb33-11f0-b2a1-6f537f66f9aa.png.webp.webp\"   alt=\"Rosal\u00eda con la cabeza recostada y mirada serena\" loading=\"lazy\" width=\"1920\" height=\"1219\" style=\"aspect-ratio:1920 \/ 1219\" class=\"css-4ejld5\"\/><\/p>\n<p class=\"css-by8ykd\" role=\"text\">Fuente de la imagen, Rosal\u00eda\/Columbia Records<\/p>\n<p>Pie de foto, Rosal\u00eda estudi\u00f3 14 idiomas incluyendo hebreo, ucraniano y franc\u00e9s durante la creaci\u00f3n de su m\u00e1s reciente \u00e1lbum.      <\/p>\n<p dir=\"ltr\" class=\"css-1qucyee e17g058b0\">Adelant\u00e1ndose al lanzamiento del \u00e1lbum, la cantante aconsej\u00f3 a sus fan\u00e1ticos a escuchar \u00abLux\u00bb con aud\u00edfonos en un cuarto oscuro, llam\u00e1ndolo el ant\u00eddoto a las tendencias de TikTok y los videos virales.<\/p>\n<p dir=\"ltr\" class=\"css-1qucyee e17g058b0\">\u00abEntre m\u00e1s estemos en la era de la dopamina, m\u00e1s quiero lo opuesto\u00bb, expres\u00f3 al diario The New York Times. \u00abS\u00e9 que es mucho pedir, pero eso es lo que quiero\u00bb.<\/p>\n<p dir=\"ltr\" class=\"css-1qucyee e17g058b0\">Quienquiera que acepte ese desaf\u00edo recibir\u00e1 abundantes recompensas.<\/p>\n<p dir=\"ltr\" class=\"css-1qucyee e17g058b0\">A pesar de la gran presencia orquestal, \u00abLux\u00bb es un \u00e1lbum completamente moderno, con una producci\u00f3n de punta y un fraseo de hip-hop que se cuela en la deslumbrante voz oper\u00e1tica de Rosal\u00eda.<\/p>\n<p dir=\"ltr\" class=\"css-1qucyee e17g058b0\">Una artista menor hubiera podido quedar aplastada por el peso conceptual de la producci\u00f3n -cantando en 14 idiomas, a lo largo de cuatro movimientos, inspirada en los escritos m\u00edsticos de la fil\u00f3sofa francesa Simone Weil- pero, de alguna manera, logra evitar caer en la trampa.<\/p>\n<p dir=\"ltr\" class=\"css-1qucyee e17g058b0\">\u00abSimplemente quiero divertirme haciendo m\u00fasica\u00bb, la cont\u00f3 a Nick Grimshaw en el programa BBC 6 Music, \u00aby la \u00fanica manera es siempre intentando hacerla de manera diferente. Quieres los extremos. Quieres los opuestos\u00bb.<\/p>\n<p dir=\"ltr\" class=\"css-1qucyee e17g058b0\">\u00abEs como un p\u00e9ndulo. En Motomami era de inventar palabras. En Lux es de tratar de ver c\u00f3mo encuentro una manera de escribir letras que puede ser labradas en piedra\u00bb.<\/p>\n<p dir=\"ltr\" class=\"css-1qucyee e17g058b0\">El resultado es un \u00e1lbum que es audaz pero accesible.<\/p>\n<p dir=\"ltr\" class=\"css-1qucyee e17g058b0\">Apaga las luces, pr\u00e9stale toda tu atenci\u00f3n, y descubre a una de las artistas m\u00e1s singulares, originales de nuestro tiempo.<\/p>\n<p><img decoding=\"async\" src=\"https:\/\/www.europesays.com\/es\/wp-content\/uploads\/2025\/11\/0bde57a0-bbde-11f0-ae46-bd64331f0fd4.png.webp.webp\"   alt=\"[]\" loading=\"lazy\" width=\"800\" height=\"100\" style=\"aspect-ratio:800 \/ 100\" class=\"css-4ejld5\"\/><\/p>\n<p dir=\"ltr\" class=\"css-1qucyee e17g058b0\"><a href=\"https:\/\/www.bbc.com\/mundo\/send\/u184973209\" class=\"focusIndicatorReducedWidth css-n8oauk e1p3sufg0\" rel=\"nofollow noopener\" target=\"_blank\">Suscr\u00edbete aqu\u00ed<\/a> a nuestro nuevo newsletter para recibir cada viernes una selecci\u00f3n de nuestro mejor contenido de la semana.<\/p>\n<p dir=\"ltr\" class=\"css-1qucyee e17g058b0\">Y recuerda que puedes recibir notificaciones en nuestra app. Descarga la \u00faltima versi\u00f3n y act\u00edvalas.<\/p>\n","protected":false},"excerpt":{"rendered":"Fuente de la imagen, Getty Images Pie de foto, Rosal\u00eda surgi\u00f3 como una revelaci\u00f3n en 2018 y se&hellip;\n","protected":false},"author":2,"featured_media":224591,"comment_status":"","ping_status":"","sticky":false,"template":"","format":"standard","meta":{"footnotes":""},"categories":[5],"tags":[17,18,25,24,13,14,11,19,20,9,10,15,16,23,12,21,22],"class_list":{"0":"post-224590","1":"post","2":"type-post","3":"status-publish","4":"format-standard","5":"has-post-thumbnail","7":"category-titulares","8":"tag-breaking-news","9":"tag-breakingnews","10":"tag-es","11":"tag-espana","12":"tag-featured-news","13":"tag-featurednews","14":"tag-headlines","15":"tag-latest-news","16":"tag-latestnews","17":"tag-news","18":"tag-noticias","19":"tag-noticias-destacadas","20":"tag-noticiasdestacadas","21":"tag-spain","22":"tag-titulares","23":"tag-ultimas-noticias","24":"tag-ultimasnoticias"},"share_on_mastodon":{"url":"https:\/\/pubeurope.com\/@es\/115512583623842866","error":""},"_links":{"self":[{"href":"https:\/\/www.europesays.com\/es\/wp-json\/wp\/v2\/posts\/224590","targetHints":{"allow":["GET"]}}],"collection":[{"href":"https:\/\/www.europesays.com\/es\/wp-json\/wp\/v2\/posts"}],"about":[{"href":"https:\/\/www.europesays.com\/es\/wp-json\/wp\/v2\/types\/post"}],"author":[{"embeddable":true,"href":"https:\/\/www.europesays.com\/es\/wp-json\/wp\/v2\/users\/2"}],"replies":[{"embeddable":true,"href":"https:\/\/www.europesays.com\/es\/wp-json\/wp\/v2\/comments?post=224590"}],"version-history":[{"count":0,"href":"https:\/\/www.europesays.com\/es\/wp-json\/wp\/v2\/posts\/224590\/revisions"}],"wp:featuredmedia":[{"embeddable":true,"href":"https:\/\/www.europesays.com\/es\/wp-json\/wp\/v2\/media\/224591"}],"wp:attachment":[{"href":"https:\/\/www.europesays.com\/es\/wp-json\/wp\/v2\/media?parent=224590"}],"wp:term":[{"taxonomy":"category","embeddable":true,"href":"https:\/\/www.europesays.com\/es\/wp-json\/wp\/v2\/categories?post=224590"},{"taxonomy":"post_tag","embeddable":true,"href":"https:\/\/www.europesays.com\/es\/wp-json\/wp\/v2\/tags?post=224590"}],"curies":[{"name":"wp","href":"https:\/\/api.w.org\/{rel}","templated":true}]}}