{"id":224617,"date":"2025-11-08T06:29:09","date_gmt":"2025-11-08T06:29:09","guid":{"rendered":"https:\/\/www.europesays.com\/es\/224617\/"},"modified":"2025-11-08T06:29:09","modified_gmt":"2025-11-08T06:29:09","slug":"gallardo-hara-campana-en-extremadura-dos-meses-antes-de-sentarse-en-el-banquillo-abc","status":"publish","type":"post","link":"https:\/\/www.europesays.com\/es\/224617\/","title":{"rendered":"Gallardo har\u00e1 campa\u00f1a en Extremadura dos meses antes de sentarse en el banquillo &#8211; ABC"},"content":{"rendered":"<ol>\n<li><a href=\"https:\/\/news.google.com\/rss\/articles\/CBMiswFBVV95cUxOcmJYZ0RpQjAyT3FoSy1Bc3htZ1RiQTF6cVl4aWVwNG04dlhhb3Jyb2U2Y0JZaVRETTZQMllQMDk1VkNodlJCUTAzTVhBbGpSTEZweVk2YkRkbWRyUkw4OER0U3BEUWh2VU1xWUFtR2c1ejFXTUpuOERxZnBFNERPYkMtUUhCMThDNkxOdW5aLVRZaTc2ZDZlTWxNbklfZzlQcUFwbmpJeEFOS0FvVUo1dGVvMA?oc=5\" target=\"_blank\" rel=\"nofollow noopener\">Gallardo har\u00e1 campa\u00f1a en Extremadura dos meses antes de sentarse en el banquillo<\/a>&nbsp;&nbsp;ABC<\/li>\n<li><a href=\"https:\/\/news.google.com\/rss\/articles\/CBMiekFVX3lxTE5zZ2dUX1RNanZFUnR2ZXpDcW8zSXdrZmpHVXRWSHFSWVZ5Z3F6V3g5Q3NfVkYyeW1CQzZGbHVPOTEzUkFXeEF3SFBIdldYSlo1Y2NaX3J6aEVLNmZvTGNSUjR2dExld3BWXy0yTWRXSWhXNHNUalJXLTR30gF6QVVfeXFMT3hxZDk1bHRBZ3EtcENyUVUwSlFBZm9ONGpia0NwUW1WWkdVYnVjSUxKeWdYRFhJN3BMUHV1OHQ4dXR5RGp4RXRTNV9ZazFoN2ZYYWRMRjVSUElNcVdQRzE5MFFZQW5vSXJ6N1hfZkdVd19VTDhzaVdoRVE?oc=5\" target=\"_blank\" rel=\"nofollow noopener\">Margen a otra maniobra de Gallardo en el caso del &#8216;herman\u00edsimo&#8217; de S\u00e1nchez: ya ser\u00e1 aforado cuando empiece el juicio<\/a>&nbsp;&nbsp;El Mundo<\/li>\n<li><a href=\"https:\/\/news.google.com\/rss\/articles\/CBMiqAFBVV95cUxPekMwX2hHSTM1QWIwRGozcHA0N2tjV3Y3dTdta2ZLeGhtdWswX3kxTzJNZXN0LUhDazVXMDAwdTJtZEl6bjR6cjc5ay1LZzFwajZQUGtlUm9fOFNSdnhqRFgzLWo1UGRwdVFLTGdBOERJREJxS1VkbF9lejh3VXFJdUtjZ3lrelBrUFZuS0N4Qkt6UFdVZWRkOF9vd3FtVXQ4clhuMUV3ODc?oc=5\" target=\"_blank\" rel=\"nofollow noopener\">El hermano de S\u00e1nchez y el l\u00edder del PSOE extreme\u00f1o ser\u00e1n juzgados 50 d\u00edas despu\u00e9s de las elecciones auton\u00f3micas<\/a>&nbsp;&nbsp;EL PA\u00cdS<\/li>\n<li><a href=\"https:\/\/news.google.com\/rss\/articles\/CBMiqAFBVV95cUxPMVVtc0FvQU9LZ1ZRb3Q4TWhyZmp0RGdxRXQ2WGlXdWlncFJwdC1NdmZFR1VoT1g1ZTR6RVhkOWZJakFibjczREdqcm10bkFBMUh4YkxMa0VKNzRRSDFCSVJMZnhrN3czdFJFelNjTlZnczU2cXJLVGpwNU5JMnpDVTN2bVdSdUtEQzJlT3lpNG16ZjVzaGI5REV5Qm9wSEpvcGc1eW5HMno?oc=5\" target=\"_blank\" rel=\"nofollow noopener\">Noticias de Extremadura del 07\/11\/25<\/a>&nbsp;&nbsp;RTVE.es<\/li>\n<li><a href=\"https:\/\/news.google.com\/rss\/articles\/CBMi3wFBVV95cUxPVTFnTWtOVi1lOFdGZ2VWYXQyR3RwQzhwNC1JeFpTYm1OZU13dEduYVAzR28xOWtPM0w2NGNuWDBUWEJvUXRTOHVsNjN6RElrSjZ5LVpzWnBaX1pyRUtiVFJCQ2JkQzMySjdkbUZUc0QxSVhUZy16TGhGOU5qT1V0WFk2dEd5YU1BS3Y3MjdhajFjMVZoUkExWWxYcVJVUng1UlVnTkRkWlExQUFMcXRDdG1yR2JkME9vZ052SE1yNDJVb3BfZHZUY2FValltck1obXVwbFJfRWF6b19vcG1z0gH7AUFVX3lxTE0xSndDM1ZSUXpFVWZsYzlIaWJwaFdTVXdhYnZRaXc2TnJjdXl3RmRjSWtndk1xWVdTNVdtckFxSm5VVmtGSFlCWlk0RkZ0c2tSZ1dSM1NhdW0wa0xHTXRVdHQ1aXZ2TnRmelBjSDJrWDRuSVdBWmNvNlh1eWZCcnlVRWdtQk5nRzdDRmtLOHRyRTlzb1FteUhTV0VyN2F2bkJ4UjJMdlJodk80SjdpeVFkeVo2WTJjaGhoblJpRW1GTExCUzVOZUEtME5aNWhQSTRYTUFZejNuMzFTM19rd1pReWNtLU9vRUloYzBxQkdsTnRtNU9ldVFfOTFn?oc=5\" target=\"_blank\" rel=\"nofollow noopener\">El juicio al hermano de S\u00e1nchez y Gallardo se celebrar\u00e1 del 9 al 14 del febrero en Badajoz<\/a>&nbsp;&nbsp;La Voz de Galicia<\/li>\n<\/ol>\n","protected":false},"excerpt":{"rendered":"Gallardo har\u00e1 campa\u00f1a en Extremadura dos meses antes de sentarse en el banquillo&nbsp;&nbsp;ABC Margen a otra maniobra de&hellip;\n","protected":false},"author":2,"featured_media":219548,"comment_status":"","ping_status":"","sticky":false,"template":"","format":"standard","meta":{"footnotes":""},"categories":[8],"tags":[17,18,25,24,13,14,11,19,20,9,10,15,16,23,12,21,22],"class_list":{"0":"post-224617","1":"post","2":"type-post","3":"status-publish","4":"format-standard","5":"has-post-thumbnail","7":"category-espana","8":"tag-breaking-news","9":"tag-breakingnews","10":"tag-es","11":"tag-espana","12":"tag-featured-news","13":"tag-featurednews","14":"tag-headlines","15":"tag-latest-news","16":"tag-latestnews","17":"tag-news","18":"tag-noticias","19":"tag-noticias-destacadas","20":"tag-noticiasdestacadas","21":"tag-spain","22":"tag-titulares","23":"tag-ultimas-noticias","24":"tag-ultimasnoticias"},"share_on_mastodon":{"url":"https:\/\/pubeurope.com\/@es\/115512669841784667","error":""},"_links":{"self":[{"href":"https:\/\/www.europesays.com\/es\/wp-json\/wp\/v2\/posts\/224617","targetHints":{"allow":["GET"]}}],"collection":[{"href":"https:\/\/www.europesays.com\/es\/wp-json\/wp\/v2\/posts"}],"about":[{"href":"https:\/\/www.europesays.com\/es\/wp-json\/wp\/v2\/types\/post"}],"author":[{"embeddable":true,"href":"https:\/\/www.europesays.com\/es\/wp-json\/wp\/v2\/users\/2"}],"replies":[{"embeddable":true,"href":"https:\/\/www.europesays.com\/es\/wp-json\/wp\/v2\/comments?post=224617"}],"version-history":[{"count":0,"href":"https:\/\/www.europesays.com\/es\/wp-json\/wp\/v2\/posts\/224617\/revisions"}],"wp:featuredmedia":[{"embeddable":true,"href":"https:\/\/www.europesays.com\/es\/wp-json\/wp\/v2\/media\/219548"}],"wp:attachment":[{"href":"https:\/\/www.europesays.com\/es\/wp-json\/wp\/v2\/media?parent=224617"}],"wp:term":[{"taxonomy":"category","embeddable":true,"href":"https:\/\/www.europesays.com\/es\/wp-json\/wp\/v2\/categories?post=224617"},{"taxonomy":"post_tag","embeddable":true,"href":"https:\/\/www.europesays.com\/es\/wp-json\/wp\/v2\/tags?post=224617"}],"curies":[{"name":"wp","href":"https:\/\/api.w.org\/{rel}","templated":true}]}}