{"id":224630,"date":"2025-11-08T06:44:12","date_gmt":"2025-11-08T06:44:12","guid":{"rendered":"https:\/\/www.europesays.com\/es\/224630\/"},"modified":"2025-11-08T06:44:12","modified_gmt":"2025-11-08T06:44:12","slug":"indra-abre-la-puerta-a-colaborar-con-telefonica-en-el-programa-de-las-radios-militares-expansion","status":"publish","type":"post","link":"https:\/\/www.europesays.com\/es\/224630\/","title":{"rendered":"Indra abre la puerta a colaborar con Telef\u00f3nica en el programa de las radios militares &#8211; Expansi\u00f3n"},"content":{"rendered":"<ol>\n<li><a href=\"https:\/\/news.google.com\/rss\/articles\/CBMijgFBVV95cUxQUDhtaHpNanU5MDRrdk9fdDBGeU0xNnZTVzhnREFUbUI4S3REYzBvdjFmQjFGM1hyV0FGa2tsVi1VV3hRRldOc19NTk94enpEOG1aZ0ZUZTRWZ3BzNmdubnY3YlZiRXpvMmZnZXNIM2owcTVnSEdhWWF4TFBjdUNwa2dLUnRrdjlQYXF3ZUNB0gGOAUFVX3lxTFB4V04yNVNlODRCNjlkVF9WZ21PeGZEOXZTdHNJOC1PWWs5a2lGQjZpVHV3RzVHTTJRSmFkalBDMFFETHA3cENzOGl5ZVgxaHhKUGhMYWF2OGFTdi1rUS02UzFDcU9rU21LUXJ2ZXNNb1RBTDFxOVVfR3c0cmpReHRNeEVNVnNrWUFBbGFXUVE?oc=5\" target=\"_blank\" rel=\"nofollow noopener\">Indra abre la puerta a colaborar con Telef\u00f3nica en el programa de las radios militares<\/a>&nbsp;&nbsp;Expansi\u00f3n<\/li>\n<li><a href=\"https:\/\/news.google.com\/rss\/articles\/CBMipwFBVV95cUxPZ2trX0pDeS1MNFplZHhrUW1CbDFoOGFKUzg1LTBPUGsxM2xoT1JSaGZHVVJiT2tQX3gzTEo4ZVpYSk1NSnJqdkZlVXhEcWhVS280Q2RhalBUZVZjb0x6Y2ZKSHprakhnRHNRdFpIeno3R0RremNxa2IwWGFVcjJjN0pSaUtpeWxGZGE3c2VTNGdBU0MtS1ZoVkIxc3Z0eVc0U2Y1TzRWMA?oc=5\" target=\"_blank\" rel=\"nofollow noopener\">De los Mozos (Indra) se posiciona sobre el proyecto de radios militares<\/a>&nbsp;&nbsp;ABC<\/li>\n<li><a href=\"https:\/\/news.google.com\/rss\/articles\/CBMi2AFBVV95cUxNOTBaVEhqaW5KTVFFYjBFVFF4SDRWeDl5cnd6RnpLd3BnNGFraVp5d3pxWVNXcmxJZ0pzeVVYamJpTlRmNG1mUmhSY0VLejRlZjNJSWVtcVBic0F5dXA2VTZDb0pqYXkxaGxVM2FVQUZNUWQ1YWdwTWNsS29nXzF2QkFfNkZYQUZIVk5rNENhRUdrY1BWaWRnOC1oSGNaRlV2WmFSa1UxOXpSdGwzcm1ENFh0QjZMZEZ3MFZSck9MYjVLMXdDTWswQWJnVUlCR0F3ZUlPRy1JR20?oc=5\" target=\"_blank\" rel=\"nofollow noopener\">Un megacontrato de 1.174 millones dotar\u00e1 a las Fuerzas Armadas de una radio definida por software<\/a>&nbsp;&nbsp;Infodefensa<\/li>\n<li><a href=\"https:\/\/news.google.com\/rss\/articles\/CBMi0wFBVV95cUxNcEhXSkduc1FnUVBpTDZ2b2hnRmdQa3NybDdxX1pnUGlMZlRjZWZqOHRzaGV4dEZkNG05ZTBYUFBQaFNCbTZPbGNpTVdQd0kwSGRyaFJIQWVKNFlLYmlyVDV4bTJ1MzFWVDFfQ01LWlNLZy1iTnZXNlE0UGowNXVBejFYTWlfTVZTeXZmVnNyRlh0MU5SOExUaHJqUWtMWl93LVpTdHFvdV9ITmdKR3dmUDMxZS1OblVjMDJRLVlPZDFsQjg1RWozWjFSX21UUzRNNzBV?oc=5\" target=\"_blank\" rel=\"nofollow noopener\">Telef\u00f3nica e Indra modernizar\u00e1n el sistema de mando y control del Ej\u00e9rcito y la Infanter\u00eda de Marina por 785 millones<\/a>&nbsp;&nbsp;Aesmide<\/li>\n<li><a href=\"https:\/\/news.google.com\/rss\/articles\/CBMisAFBVV95cUxQOVk2Z1J6bE5BaTdiUDBmdEY4aks2eE9QTWUzeERfX1RIc2FJSExJUEhDQUxXeFRUMTU3ZmxZQWRVOTdEUTNDRHYtbTR4Qk03LWVwWE9ERk1pYlp0NVk1RDJLWFBxQzFZdzVXbmNoT0VvSXdGWkhzTXlKdkxqMGc0bnBMX2F2WmlXQm1UY0ZjSi1vdXZWbV9mcmhDTUxmT0ZXZVhDekpTenM4T2ExWHJWNdIBtgFBVV95cUxPSEZSYnpYbmpETUxRLU4zam91czBGX0dKQ00yTExVSFAwZkZUX0hnQzRfSnlIX0drY2pVcTZzaVYwV3h3WThSUUNhZC1yYnVvQ2pjd2RNbGZtX254YTQ0LVRLQkVBc1dZNWtFNXBuVXNSRlREQWVHTzFvOUJpM2V6RzFIQzNVcWVxa1YwZ3QzcmZHT1Ytejc1bGk5LWFPTlp1Q3JpaVV2MmEwZ2dRN0pCOW1tSFhzUQ?oc=5\" target=\"_blank\" rel=\"nofollow noopener\">Indra se muestra dispuesta a colaborar con Telef\u00f3nica en el desarrollo de las radios militares<\/a>&nbsp;&nbsp;OkDiario<\/li>\n<\/ol>\n","protected":false},"excerpt":{"rendered":"Indra abre la puerta a colaborar con Telef\u00f3nica en el programa de las radios militares&nbsp;&nbsp;Expansi\u00f3n De los Mozos&hellip;\n","protected":false},"author":2,"featured_media":224631,"comment_status":"","ping_status":"","sticky":false,"template":"","format":"standard","meta":{"footnotes":""},"categories":[170],"tags":[2308,53416,146,147,25,24,2893,184,185,23],"class_list":{"0":"post-224630","1":"post","2":"type-post","3":"status-publish","4":"format-standard","5":"has-post-thumbnail","7":"category-musica","8":"tag-empresas","9":"tag-empresas-industria","10":"tag-entertainment","11":"tag-entretenimiento","12":"tag-es","13":"tag-espana","14":"tag-industria","15":"tag-music","16":"tag-musica","17":"tag-spain"},"share_on_mastodon":{"url":"https:\/\/pubeurope.com\/@es\/115512729001154554","error":""},"_links":{"self":[{"href":"https:\/\/www.europesays.com\/es\/wp-json\/wp\/v2\/posts\/224630","targetHints":{"allow":["GET"]}}],"collection":[{"href":"https:\/\/www.europesays.com\/es\/wp-json\/wp\/v2\/posts"}],"about":[{"href":"https:\/\/www.europesays.com\/es\/wp-json\/wp\/v2\/types\/post"}],"author":[{"embeddable":true,"href":"https:\/\/www.europesays.com\/es\/wp-json\/wp\/v2\/users\/2"}],"replies":[{"embeddable":true,"href":"https:\/\/www.europesays.com\/es\/wp-json\/wp\/v2\/comments?post=224630"}],"version-history":[{"count":0,"href":"https:\/\/www.europesays.com\/es\/wp-json\/wp\/v2\/posts\/224630\/revisions"}],"wp:featuredmedia":[{"embeddable":true,"href":"https:\/\/www.europesays.com\/es\/wp-json\/wp\/v2\/media\/224631"}],"wp:attachment":[{"href":"https:\/\/www.europesays.com\/es\/wp-json\/wp\/v2\/media?parent=224630"}],"wp:term":[{"taxonomy":"category","embeddable":true,"href":"https:\/\/www.europesays.com\/es\/wp-json\/wp\/v2\/categories?post=224630"},{"taxonomy":"post_tag","embeddable":true,"href":"https:\/\/www.europesays.com\/es\/wp-json\/wp\/v2\/tags?post=224630"}],"curies":[{"name":"wp","href":"https:\/\/api.w.org\/{rel}","templated":true}]}}