{"id":224634,"date":"2025-11-08T06:46:11","date_gmt":"2025-11-08T06:46:11","guid":{"rendered":"https:\/\/www.europesays.com\/es\/224634\/"},"modified":"2025-11-08T06:46:11","modified_gmt":"2025-11-08T06:46:11","slug":"la-reaccion-de-pablo-fornals-a-su-convocatoria-con-la-seleccion-espanola","status":"publish","type":"post","link":"https:\/\/www.europesays.com\/es\/224634\/","title":{"rendered":"La reacci\u00f3n de Pablo Fornals a su convocatoria con la selecci\u00f3n espa\u00f1ola"},"content":{"rendered":"<p style=\"\"><strong>Pablo Fornals<\/strong> sigue estando a un nivel alt\u00edsimo en el <strong>Betis<\/strong>. Pieza indispensable del plantel de <strong>Manuel Pellegrini<\/strong>, el castellonense ha sido recompensado con la convocatoria con la selecci\u00f3n espa\u00f1ola absoluta. As\u00ed lo ha confirmado <strong>Luis de la Fuente<\/strong>, quien lo  &#8230; ha llamado por primera vez desde que es seleccionador del combinado espa\u00f1ol. <\/p>\n<p class=\"voc-p\" style=\"\">Horas despu\u00e9s del encuentro ante el <strong>Olympique de Lyon<\/strong>, el <strong>Real Betis<\/strong> se ejercitaba en la ciudad deportiva Luis del Sol, en la sesi\u00f3n matutina de este viernes. Justo all\u00ed, el jugador nacido en Castell\u00f3n de la Plana ha podido conocer la gran noticia de su convocatoria con Espa\u00f1a. Las redes sociales del conjunto b\u00e9tico han publicado un v\u00eddeo donde aparece <strong>Pablo Fornals<\/strong> junto al doctor del primer equipo verdiblanco, Jos\u00e9 Manuel \u00c1lvarez, en el cual le ense\u00f1a a trav\u00e9s de un tel\u00e9fono m\u00f3vil, su convocatoria con el combinado espa\u00f1ol.<\/p>\n<p class=\"voc-p\" style=\"\">El &#8216;8&#8217; verdiblanco se ha convertido en el primer futbolista del <strong>Real Betis<\/strong> que entra en la lista de Espa\u00f1a en este curso. El \u00faltimo que lo hizo fue Isco, cuando fue convocado para la fase final de la Nations League disputada en el pasado mes de junio.<\/p>\n<p class=\"voc-p\" style=\"\"> Ahora, <strong>Pablo Fornals<\/strong> estar\u00e1 presente en el doble partido de clasificaci\u00f3n al <strong>Mundial<\/strong> de <strong>2026<\/strong>. La selecci\u00f3n espa\u00f1ola se medir\u00e1 el pr\u00f3ximo s\u00e1bado <strong>15 de noviembre<\/strong> a las <strong>18:00 horas<\/strong> ante <strong>Georgia<\/strong> como visitante. Tres d\u00edas despu\u00e9s, Espa\u00f1a se enfrentar\u00e1 a <strong>Turqu\u00eda<\/strong> a las <strong>20:45 horas<\/strong>. Este \u00faltimo encuentro ser\u00e1 el doble de especial para <strong>Fornals<\/strong>, ya que se disputar\u00e1 en el <strong>Estadio de La Cartuja<\/strong>.<\/p>\n","protected":false},"excerpt":{"rendered":"Pablo Fornals sigue estando a un nivel alt\u00edsimo en el Betis. Pieza indispensable del plantel de Manuel Pellegrini,&hellip;\n","protected":false},"author":2,"featured_media":224635,"comment_status":"","ping_status":"","sticky":false,"template":"","format":"standard","meta":{"footnotes":""},"categories":[93],"tags":[8461,168,25,24,2501,16831,618,9173,1988,23,167],"class_list":{"0":"post-224634","1":"post","2":"type-post","3":"status-publish","4":"format-standard","5":"has-post-thumbnail","7":"category-deportes","8":"tag-convocatoria","9":"tag-deportes","10":"tag-es","11":"tag-espana","12":"tag-espanola","13":"tag-fornals","14":"tag-pablo","15":"tag-reaccion","16":"tag-seleccion","17":"tag-spain","18":"tag-sports"},"share_on_mastodon":{"url":"https:\/\/pubeurope.com\/@es\/115512736752042383","error":""},"_links":{"self":[{"href":"https:\/\/www.europesays.com\/es\/wp-json\/wp\/v2\/posts\/224634","targetHints":{"allow":["GET"]}}],"collection":[{"href":"https:\/\/www.europesays.com\/es\/wp-json\/wp\/v2\/posts"}],"about":[{"href":"https:\/\/www.europesays.com\/es\/wp-json\/wp\/v2\/types\/post"}],"author":[{"embeddable":true,"href":"https:\/\/www.europesays.com\/es\/wp-json\/wp\/v2\/users\/2"}],"replies":[{"embeddable":true,"href":"https:\/\/www.europesays.com\/es\/wp-json\/wp\/v2\/comments?post=224634"}],"version-history":[{"count":0,"href":"https:\/\/www.europesays.com\/es\/wp-json\/wp\/v2\/posts\/224634\/revisions"}],"wp:featuredmedia":[{"embeddable":true,"href":"https:\/\/www.europesays.com\/es\/wp-json\/wp\/v2\/media\/224635"}],"wp:attachment":[{"href":"https:\/\/www.europesays.com\/es\/wp-json\/wp\/v2\/media?parent=224634"}],"wp:term":[{"taxonomy":"category","embeddable":true,"href":"https:\/\/www.europesays.com\/es\/wp-json\/wp\/v2\/categories?post=224634"},{"taxonomy":"post_tag","embeddable":true,"href":"https:\/\/www.europesays.com\/es\/wp-json\/wp\/v2\/tags?post=224634"}],"curies":[{"name":"wp","href":"https:\/\/api.w.org\/{rel}","templated":true}]}}