{"id":224638,"date":"2025-11-08T06:48:17","date_gmt":"2025-11-08T06:48:17","guid":{"rendered":"https:\/\/www.europesays.com\/es\/224638\/"},"modified":"2025-11-08T06:48:17","modified_gmt":"2025-11-08T06:48:17","slug":"kiko-rivera-visita-la-casa-de-jessica-bueno-con-sus-hijas-para-una-importante-celebracion-familiar","status":"publish","type":"post","link":"https:\/\/www.europesays.com\/es\/224638\/","title":{"rendered":"Kiko Rivera visita la casa de Jessica Bueno con sus hijas para una importante celebraci\u00f3n familiar"},"content":{"rendered":"<p id=\"eKE2zDFB73\" data-wc=\"76\">Desde que se separaron en 2013, la relaci\u00f3n de Kiko Rivera (41) y Jessica Bueno (35) ha pasado por muchas etapas. El DJ y la modelo han tenido sus altibajos, en ocasiones protagonizando enfrentamientos p\u00fablicos, mientras que, en otras, han mostrado una relaci\u00f3n mucho m\u00e1s cercana, especialmente cuando se trata de la crianza de <strong>su hijo en com\u00fan, Francisco<\/strong>. Y ese es precisamente el motivo por el que esta semana han vuelto a reunirse en Sevilla.\u00a0<\/p>\n<p> <img src=\"https:\/\/www.europesays.com\/es\/wp-content\/uploads\/2025\/11\/a0aa3e41ad04-europapress7082325jessicabueno1.jpg\"   width=\"750\" height=\"1024\" loading=\"lazy\" decoding=\"async\" alt=\"Jessica Bueno llegando a su casa en Sevilla para celebrar los 13 a\u00f1os de su hijo Fran\" fetchpriority=\"auto\" class=\"image ho-image\"\/>\u00a9 Europa PressFrancisco Rivera Bueno ha cumplido 13 a\u00f1os<\/p>\n<p id=\"ek-3b1BEPmG\" data-wc=\"100\"><strong>Fran ha cumplido 13 a\u00f1os<\/strong> y su mayor regalo ha sido, sin duda, poder celebrarlo con sus padres y todos sus hermanos, ya que no siempre ha podido soplar las velas en familia. Tal y como reflejan las im\u00e1genes, la primera en llegar fue Jessica Bueno. La modelo, que <a class=\"hm-link ho-link\" href=\"https:\/\/www.hola.com\/actualidad\/20251103865344\/jessica-bueno-mensaje-kiko-rivera-irene-rosales\/\" data-mrf-recirculation=\"article-body-link\" rel=\"nofollow noopener\" target=\"_blank\">acaba de regresar de su aventura en Honduras<\/a><strong>\u00a0como concursante de\u00a0<\/strong><strong>Supervivientes All Stars<\/strong>, aparc\u00f3 su coche en la calle y entr\u00f3 en su casa junto a sus hijos. Seguidamente, regres\u00f3 al coche para sacar del maletero varias bolsas que hab\u00eda comprado en las que hab\u00eda diferentes dulces y aperitivos salados.<\/p>\n<p> <img src=\"https:\/\/www.europesays.com\/es\/wp-content\/uploads\/2025\/11\/82188c6c32cd-europapress7082323jessicabueno1.jpg\"   width=\"800\" height=\"1024\" loading=\"lazy\" decoding=\"async\" alt=\"Jessica Bueno llegando a su casa en Sevilla para celebrar los 13 a\u00f1os de su hijo Fran\" fetchpriority=\"auto\" class=\"image ho-image\"\/>\u00a9 Europa PressJessica Bueno entrando a su casa en Sevilla<\/p>\n<p id=\"eqqfUbkswOy\" data-wc=\"107\">Seguidamente, fue Kiko Rivera el que lleg\u00f3 y no lo hizo solo, sino acompa\u00f1ado de sus hijas Ana y Carlota, fruto de su relaci\u00f3n con <a class=\"hm-link ho-link\" href=\"https:\/\/www.hola.com\/actualidad\/20250827851943\/kiko-rivera-e-irene-rosales-se-separan-despues-de-9-anios-de-casados\/\" data-mrf-recirculation=\"article-body-link\" rel=\"nofollow noopener\" target=\"_blank\">Irene Rosales, de la que se separ\u00f3 el pasdo mes de agosto<\/a>. La ocasi\u00f3n lo merec\u00eda y, aunque ha habido a\u00f1os que, por diferentes motivos, no ha podido estar con Fran en el d\u00eda de su cumplea\u00f1os, esta vez era diferente. Quer\u00edan estar todos juntos y disfrutar de una velada inolvidable. \u00abVenga, vamos, vamos chicas\u00bb, les dec\u00eda a sus hijas el DJ, que llevaba una sudadera gris, vaqueros ajustados al tobillo y zapatillas negras, adem\u00e1s de su caracter\u00edstica gorra puesta hacia atr\u00e1s.\u00a0<\/p>\n<p> <img src=\"https:\/\/www.europesays.com\/es\/wp-content\/uploads\/2025\/11\/e421605a986c-europapress7082305kikorivera1.jpg\"   width=\"798\" height=\"1024\" loading=\"lazy\" decoding=\"async\" alt=\"Kiko Rivera llegando a casa de Jessica Bueno con sus hijas, Ana y Carlota, para celebrar los 13 a\u00f1os de su hijo Fran\" fetchpriority=\"auto\" class=\"image ho-image\"\/>\u00a9 Europa PressKiko Rivera llegando a casa de su ex con sus hijas, Ana y Carlota<\/p>\n<p> <img src=\"https:\/\/www.europesays.com\/es\/wp-content\/uploads\/2025\/11\/f5953da14de8-europapress7082303kikorivera1.jpg\"   width=\"694\" height=\"1024\" loading=\"lazy\" decoding=\"async\" alt=\"Kiko Rivera llegando a casa de Jessica Bueno con sus hijas, Ana y Carlota, para celebrar los 13 a\u00f1os de su hijo Fran\" fetchpriority=\"auto\" class=\"image ho-image\"\/>\u00a9 Europa PressNo quisieron faltar a esta inolvidable celebraci\u00f3n en familia<br \/>\n\u00abYa eres un hombrecito\u00bb<\/p>\n<p id=\"eaBjpHNmFzQ\" data-wc=\"89\">Adem\u00e1s de juntarse en familia, tanto Kiko como Jessica utilizaron sus redes sociales para felicitar al cumplea\u00f1ero. En el caso de la modelo sevillana le ha dedicado un emotivo mensaje en el que confiesa: \u00ab\u00a113 a\u00f1os ya! \ud83c\udf89\ud83d\udc99 <strong>Mi peque\u00f1o ya es oficialmente adolescente<\/strong> \ud83d\ude05 Ya no eres tan peque\u00f1o, pero para m\u00ed <strong>siempre ser\u00e1s mi primer amor, el que me ense\u00f1\u00f3 a ser mam\u00e1<\/strong>. Estoy tan orgullosa del chico en el que te est\u00e1s convirtiendo&#8230; sensible, cari\u00f1oso y con un coraz\u00f3n enorme. Te amo infinito, hijo. Feliz cumplea\u00f1os\u00bb.<\/p>\n<p id=\"eW9Yz1hhAe\" data-wc=\"44\">Por su parte, el DJ ha compartido una foto in\u00e9dita que en la que aparece sonriendo y en la que puede verse lo mayor que est\u00e1 Fran. \u00abFeliz d\u00eda hijo, 13 a\u00f1os, ya eres todo un hombrecito\u00bb, ha publicado el hijo de Isabel Pantoja.<\/p>\n<p>  <img src=\"https:\/\/www.europesays.com\/es\/wp-content\/uploads\/2025\/11\/34c35c63e77a-jessica-bueno-hijo1.jpg\"   width=\"1080\" height=\"1080\" loading=\"lazy\" decoding=\"async\" alt=\"Jessica Bueno felicita a su hijo Fran en su 13 cumplea\u00f1os\" fetchpriority=\"auto\" class=\"image ho-image\"\/>\u00a9 jessica_bueno<\/p>\n<p>  <img src=\"https:\/\/www.europesays.com\/es\/wp-content\/uploads\/2025\/11\/c0727684bcbf-kiko-rivera-cumple-1.jpg\"   width=\"1080\" height=\"1080\" loading=\"lazy\" decoding=\"async\" alt=\"Kiko Rivera felicita a su hijo Fran en su 13 cumplea\u00f1os\" fetchpriority=\"auto\" class=\"image ho-image\"\/>\u00a9 riverakiko<\/p>\n<p>Su esperado regreso a la televisi\u00f3n<\/p>\n<p id=\"ewNWohleqh\" data-wc=\"116\">La reuni\u00f3n familiar de Jessica Bueno y Kiko Rivera se ha producido unas horas antes del esperado regreso a televisi\u00f3n del DJ. Ser\u00e1 en la noche de este viernes cuando el hermano de Cayetano y Francisco Rivera vuelva a la peque\u00f1a pantalla tras cinco a\u00f1os de ausencia y <a class=\"hm-link ho-link\" href=\"https:\/\/www.hola.com\/actualidad\/20251104865652\/kiko-rivera-regresa-a-la-television\/\" data-mrf-recirculation=\"article-body-link\" rel=\"nofollow noopener\" target=\"_blank\"><strong>se siente en el plat\u00f3 de \u00a1De viernes! para conceder una entrevista exclusiva<\/strong><\/a> que ser\u00e1 realizada por Santi Acosta. \u00abVer c\u00f3mo mi matrimonio se iba desgastando d\u00eda a d\u00eda\u00bb, responde Kiko a la pregunta de qu\u00e9 ha sido lo m\u00e1s dif\u00edcil de estos \u00faltimos cuatro a\u00f1os, tal y como puede verse en un avance del programa.<\/p>\n","protected":false},"excerpt":{"rendered":"Desde que se separaron en 2013, la relaci\u00f3n de Kiko Rivera (41) y Jessica Bueno (35) ha pasado&hellip;\n","protected":false},"author":2,"featured_media":224639,"comment_status":"","ping_status":"","sticky":false,"template":"","format":"standard","meta":{"footnotes":""},"categories":[91],"tags":[517,146,147,25,24,3365,12466,23],"class_list":{"0":"post-224638","1":"post","2":"type-post","3":"status-publish","4":"format-standard","5":"has-post-thumbnail","7":"category-entretenimiento","8":"tag-actualidad","9":"tag-entertainment","10":"tag-entretenimiento","11":"tag-es","12":"tag-espana","13":"tag-jessica-bueno","14":"tag-kiko-rivera","15":"tag-spain"},"share_on_mastodon":{"url":"https:\/\/pubeurope.com\/@es\/115512745421531352","error":""},"_links":{"self":[{"href":"https:\/\/www.europesays.com\/es\/wp-json\/wp\/v2\/posts\/224638","targetHints":{"allow":["GET"]}}],"collection":[{"href":"https:\/\/www.europesays.com\/es\/wp-json\/wp\/v2\/posts"}],"about":[{"href":"https:\/\/www.europesays.com\/es\/wp-json\/wp\/v2\/types\/post"}],"author":[{"embeddable":true,"href":"https:\/\/www.europesays.com\/es\/wp-json\/wp\/v2\/users\/2"}],"replies":[{"embeddable":true,"href":"https:\/\/www.europesays.com\/es\/wp-json\/wp\/v2\/comments?post=224638"}],"version-history":[{"count":0,"href":"https:\/\/www.europesays.com\/es\/wp-json\/wp\/v2\/posts\/224638\/revisions"}],"wp:featuredmedia":[{"embeddable":true,"href":"https:\/\/www.europesays.com\/es\/wp-json\/wp\/v2\/media\/224639"}],"wp:attachment":[{"href":"https:\/\/www.europesays.com\/es\/wp-json\/wp\/v2\/media?parent=224638"}],"wp:term":[{"taxonomy":"category","embeddable":true,"href":"https:\/\/www.europesays.com\/es\/wp-json\/wp\/v2\/categories?post=224638"},{"taxonomy":"post_tag","embeddable":true,"href":"https:\/\/www.europesays.com\/es\/wp-json\/wp\/v2\/tags?post=224638"}],"curies":[{"name":"wp","href":"https:\/\/api.w.org\/{rel}","templated":true}]}}