{"id":224647,"date":"2025-11-08T06:53:20","date_gmt":"2025-11-08T06:53:20","guid":{"rendered":"https:\/\/www.europesays.com\/es\/224647\/"},"modified":"2025-11-08T06:53:20","modified_gmt":"2025-11-08T06:53:20","slug":"la-audiencia-nacional-cita-como-imputados-a-koldo-y-aldama-por-las-mascarillas-de-canarias-tras-el-informe-de-la-uco-tribunales","status":"publish","type":"post","link":"https:\/\/www.europesays.com\/es\/224647\/","title":{"rendered":"La Audiencia Nacional cita como imputados a Koldo y Aldama por las mascarillas de Canarias tras el informe de la UCO | Tribunales"},"content":{"rendered":"<p class=\"loc\">Madrid<\/p>\n<p>Es el primer movimiento, a propuesta de la Fiscal\u00eda, en el caso de las mascarillas de Canarias, a ra\u00edz del \u00faltimo informe de la UCO. En la l\u00ednea de lo ya avanzado por la Cadena SER, los instructores del procedimiento no piden elevar exposici\u00f3n razonada al Supremo para imputar al expresidente canario, <a href=\"https:\/\/cadenaser.com\/nacional\/2025\/11\/03\/angel-victor-torres-se-intereso-por-las-mascarillas-de-soluciones-de-gestion-tres-meses-despues-de-la-contratacion-cadena-ser\/\" target=\"_blank\" rel=\"nofollow noopener\" title=\"https:\/\/cadenaser.com\/nacional\/2025\/11\/03\/angel-victor-torres-se-intereso-por-las-mascarillas-de-soluciones-de-gestion-tres-meses-despues-de-la-contratacion-cadena-ser\/\">\u00c1ngel V\u00edctor Torres<\/a>, sino la declaraci\u00f3n como investigados del exasesor de \u00c1balos, Koldo Garc\u00eda, y del supuesto corruptor de la trama, V\u00edctor de Aldama. Ambos tendr\u00e1n que comparecer los pr\u00f3ximos 27 y 28 de noviembre. <\/p>\n<p>M\u00e1s informaci\u00f3n<\/p>\n<p>El informe de la UCO revela la subordinaci\u00f3n de Koldo a Aldama, que llega a afearle haberle colgado dos veces el tel\u00e9fono, y c\u00f3mo el asesor cumpl\u00eda las \u00f3rdenes del corruptor, supuestamente, a cambio de 10.000 euros mensuales.<\/p>\n<p>De esta forma, siguiendo las \u00f3rdenes de Aldama, Koldo contact\u00f3 con \u00c1ngel V\u00edctor Torres, tres meses despu\u00e9s de la adjudicaci\u00f3n y ante los impagos de la administraci\u00f3n canaria, para tratar de acelerar el abono de la deuda de 7.5 millones por las mascarillas.<\/p>\n<p>El entonces presidente canario y hoy ministro de Pol\u00edtica Territorial<a href=\"https:\/\/cadenaser.com\/nacional\/2025\/11\/04\/angel-victor-torres-garantizo-a-koldo-que-haria-todos-los-esfuerzos-para-pagar-las-mascarillas-a-soluciones-de-gestion-cadena-ser\/\" target=\"_blank\" rel=\"nofollow noopener\" title=\"https:\/\/cadenaser.com\/nacional\/2025\/11\/04\/angel-victor-torres-garantizo-a-koldo-que-haria-todos-los-esfuerzos-para-pagar-las-mascarillas-a-soluciones-de-gestion-cadena-ser\/\"> le contest\u00f3 que har\u00eda todos los esfuerzos para pagarles<\/a> e insisti\u00f3 en varias conversaciones, pero al final Canarias solo pag\u00f3 en diciembre; cinco meses despu\u00e9s del inicio de la intervenci\u00f3n de Torres y una vez resueltos los escollos t\u00e9cnicos y administrativos que imped\u00edan el pago.<\/p>\n<p>Los investigadores no ven delito en la actuaci\u00f3n de \u00c1ngel V\u00edctor Torres. S\u00ed en la de Koldo Garc\u00eda y en la de Aldama, del que se espera que reitere que a trav\u00e9s de Koldo, aport\u00f3 un dinero para Torres, pero no existe otra prueba documental o testimonio que corrobore su declaraci\u00f3n, m\u00e1s all\u00e1 de su propia manifestaci\u00f3n, por lo que las fuentes del procedimiento no le otorgan credibilidad. Koldo y Aldama est\u00e1n investigados en esta pieza del procedimiento por tr\u00e1fico de influencias y cohecho entre otros delitos.<\/p>\n","protected":false},"excerpt":{"rendered":"Madrid Es el primer movimiento, a propuesta de la Fiscal\u00eda, en el caso de las mascarillas de Canarias,&hellip;\n","protected":false},"author":2,"featured_media":224648,"comment_status":"","ping_status":"","sticky":false,"template":"","format":"standard","meta":{"footnotes":""},"categories":[5],"tags":[17,18,25,24,13,14,11,19,20,9,10,15,16,23,12,21,22],"class_list":{"0":"post-224647","1":"post","2":"type-post","3":"status-publish","4":"format-standard","5":"has-post-thumbnail","7":"category-titulares","8":"tag-breaking-news","9":"tag-breakingnews","10":"tag-es","11":"tag-espana","12":"tag-featured-news","13":"tag-featurednews","14":"tag-headlines","15":"tag-latest-news","16":"tag-latestnews","17":"tag-news","18":"tag-noticias","19":"tag-noticias-destacadas","20":"tag-noticiasdestacadas","21":"tag-spain","22":"tag-titulares","23":"tag-ultimas-noticias","24":"tag-ultimasnoticias"},"share_on_mastodon":{"url":"https:\/\/pubeurope.com\/@es\/115512764213351453","error":""},"_links":{"self":[{"href":"https:\/\/www.europesays.com\/es\/wp-json\/wp\/v2\/posts\/224647","targetHints":{"allow":["GET"]}}],"collection":[{"href":"https:\/\/www.europesays.com\/es\/wp-json\/wp\/v2\/posts"}],"about":[{"href":"https:\/\/www.europesays.com\/es\/wp-json\/wp\/v2\/types\/post"}],"author":[{"embeddable":true,"href":"https:\/\/www.europesays.com\/es\/wp-json\/wp\/v2\/users\/2"}],"replies":[{"embeddable":true,"href":"https:\/\/www.europesays.com\/es\/wp-json\/wp\/v2\/comments?post=224647"}],"version-history":[{"count":0,"href":"https:\/\/www.europesays.com\/es\/wp-json\/wp\/v2\/posts\/224647\/revisions"}],"wp:featuredmedia":[{"embeddable":true,"href":"https:\/\/www.europesays.com\/es\/wp-json\/wp\/v2\/media\/224648"}],"wp:attachment":[{"href":"https:\/\/www.europesays.com\/es\/wp-json\/wp\/v2\/media?parent=224647"}],"wp:term":[{"taxonomy":"category","embeddable":true,"href":"https:\/\/www.europesays.com\/es\/wp-json\/wp\/v2\/categories?post=224647"},{"taxonomy":"post_tag","embeddable":true,"href":"https:\/\/www.europesays.com\/es\/wp-json\/wp\/v2\/tags?post=224647"}],"curies":[{"name":"wp","href":"https:\/\/api.w.org\/{rel}","templated":true}]}}