{"id":224651,"date":"2025-11-08T06:59:09","date_gmt":"2025-11-08T06:59:09","guid":{"rendered":"https:\/\/www.europesays.com\/es\/224651\/"},"modified":"2025-11-08T06:59:09","modified_gmt":"2025-11-08T06:59:09","slug":"saitama-celebra-la-ultima-fiesta-del-ano-con-vingegaard-roglic-y-varias-estrellas-del-tour-de-francia","status":"publish","type":"post","link":"https:\/\/www.europesays.com\/es\/224651\/","title":{"rendered":"Saitama celebra la \u00faltima fiesta del a\u00f1o con Vingegaard, Roglic y varias estrellas del Tour de Francia"},"content":{"rendered":"<p data-mrf-recirculation=\"Links P\u00e1rrafos\" class=\"ue-c-article__paragraph paragraph ue-c-article--first-letter-highlighted\">Saitama es siempre el \u00faltimo tel\u00f3n. Cuando el ciclismo ya ha bajado revoluciones, cuando los grandes focos apuntan hacia la pretemporada y los equipos ya piensan en altitudes, concentraciones y nuevos calendarios, <strong>llega Jap\u00f3n para recordarle al pelot\u00f3n que tambi\u00e9n existe el aplauso lento, la foto sin prisa y el gesto agradecido.<\/strong> Y lo hace, como cada a\u00f1o, en un escenario que para el deporte espa\u00f1ol tiene una carga emocional dif\u00edcil de igualar: el Saitama Arena, el mismo pabell\u00f3n en el que <strong>Espa\u00f1a conquist\u00f3 el Mundial de baloncesto de 2006.\u00a0<\/strong><\/p>\n<p data-mrf-recirculation=\"Links P\u00e1rrafos\" class=\"ue-c-article__paragraph paragraph\">Este ser\u00e1 la und\u00e9cima edici\u00f3n del <strong>Crit\u00e9rium de Saitama<\/strong>, organizado brillantemente por <strong>ASO<\/strong>, el mismo sello que firma el Tour de Francia. Un evento que naci\u00f3 en 2013, que tuvo su pausa obligada por la pandemia y que ahora, en 2025, regresa ya como una tradici\u00f3n asentada. No se trata de una carrera con tensi\u00f3n clasificatoria. Aqu\u00ed el dorsal es casi un pretexto: importa la cercan\u00eda, la sonrisa, el homenaje a la temporada que termina. Importa que el aficionado japon\u00e9s -siempre respetuoso, paciente y apasionado- pueda ver a sus \u00eddolos circular a pocos cent\u00edmetros, sentir la velocidad y guardar una firma o una foto como si fuera un tesoro.<\/p>\n<p data-mrf-recirculation=\"Links P\u00e1rrafos\" class=\"ue-c-article__paragraph paragraph\">El circuito urbano rodear\u00e1 el monumental pabell\u00f3n, 3,5 kil\u00f3metros a los que los ciclistas dar\u00e1n 17 vueltas el domingo (15:00 hora local, 07:00 en Espa\u00f1a).\u00a0Esta vez la historia que busca escribirse es otra. Jonas <strong>Vingegaard<\/strong>, doble ganador del Tour y reciente vencedor de LaVuelta, llega como gran figura medi\u00e1tica. Su nombre no figura a\u00fan en el palmar\u00e9s, algo que podr\u00eda cambiar este fin de semana.<strong> Jap\u00f3n le adora. La gente espera horas en la puerta del hotel solo para verle pasar, para pedirle que estampe una firma o simplemente sonre\u00edrle. <\/strong>Aqu\u00ed la distancia entre deportista y p\u00fablico es m\u00ednima, pero la educaci\u00f3n lo gobierna todo: nadie empuja, nadie invade, nadie grita sin medida. Se observa y se agradece.<\/p>\n<p>Adri\u00e0 Pericas, otro espa\u00f1ol en la corte de Pogacar: \u00abMe trata como uno m\u00e1s\u00bb<\/p>\n<p data-mrf-recirculation=\"Links P\u00e1rrafos\" class=\"ue-c-article__paragraph paragraph\">El ciclismo espa\u00f1ol tendr\u00e1 presencia joven: <strong>Adri\u00e0 Pericas y H\u00e9ctor \u00c1lvarez<\/strong>, dos nombres que simbolizan el relevo, las ilusiones y la nueva temporada que ya se asoma. Llegan con la frescura de quien a\u00fan mira todo con los ojos muy abiertos. Y al mismo tiempo conviven con las an\u00e9cdotas del viaje: en el <strong>Hotel Brillante Musashino avisan en recepci\u00f3n que si alguien pierde la llave de la habitaci\u00f3n deber\u00e1 pagar unos 500 euros. <\/strong>Jap\u00f3n y su seguridad extrema: todo tiene explicaci\u00f3n, todo est\u00e1 justificado, todo se cuida. El viernes, ambos disfrutaron de una visita a la cercana Tokio con compa\u00f1eros.<\/p>\n<p>Una cita muy especial<\/p>\n<p>Test MARCA a Adri\u00e0 Pericas: \u00abMi \u00eddolo de la infancia era Sagan\u00bb<\/p>\n<p data-mrf-recirculation=\"Links P\u00e1rrafos\" class=\"ue-c-article__paragraph paragraph\">El fin de semana estar\u00e1 lleno de actividades, sesiones con aficionados, exhibiciones y actos p\u00fablicos. Pero el coraz\u00f3n de Saitama late el domingo. All\u00ed no veremos ataques desesperados ni estrategias al l\u00edmite. Veremos gestos, gui\u00f1os, relevos compartidos, sprints con sonrisa. <strong>Vingegaard<\/strong> saludando. <strong>Arashiro<\/strong> levantando la grada como h\u00e9roe local. Un p\u00fablico entregado que entiende que este deporte tambi\u00e9n sabe celebrar y despedirse.<\/p>\n<p data-mrf-recirculation=\"Links P\u00e1rrafos\" class=\"ue-c-article__paragraph paragraph\">Saitama cierra la temporada sin clausurarla. Baja el pulso, pero no apaga el fuego. Es el \u00faltimo brindis antes del invierno. La fotograf\u00eda que queda enmarcada cuando ya no hay puertos ni adoquines, solo una ciudad japonesa que aplaude despacio y dice: gracias, otra vez.<\/p>\n","protected":false},"excerpt":{"rendered":"Saitama es siempre el \u00faltimo tel\u00f3n. Cuando el ciclismo ya ha bajado revoluciones, cuando los grandes focos apuntan&hellip;\n","protected":false},"author":2,"featured_media":224652,"comment_status":"","ping_status":"","sticky":false,"template":"","format":"standard","meta":{"footnotes":""},"categories":[273],"tags":[313,312,168,25,24,23,167],"class_list":{"0":"post-224651","1":"post","2":"type-post","3":"status-publish","4":"format-standard","5":"has-post-thumbnail","7":"category-ciclismo","8":"tag-ciclismo","9":"tag-cycling","10":"tag-deportes","11":"tag-es","12":"tag-espana","13":"tag-spain","14":"tag-sports"},"share_on_mastodon":{"url":"https:\/\/pubeurope.com\/@es\/115512787781609206","error":""},"_links":{"self":[{"href":"https:\/\/www.europesays.com\/es\/wp-json\/wp\/v2\/posts\/224651","targetHints":{"allow":["GET"]}}],"collection":[{"href":"https:\/\/www.europesays.com\/es\/wp-json\/wp\/v2\/posts"}],"about":[{"href":"https:\/\/www.europesays.com\/es\/wp-json\/wp\/v2\/types\/post"}],"author":[{"embeddable":true,"href":"https:\/\/www.europesays.com\/es\/wp-json\/wp\/v2\/users\/2"}],"replies":[{"embeddable":true,"href":"https:\/\/www.europesays.com\/es\/wp-json\/wp\/v2\/comments?post=224651"}],"version-history":[{"count":0,"href":"https:\/\/www.europesays.com\/es\/wp-json\/wp\/v2\/posts\/224651\/revisions"}],"wp:featuredmedia":[{"embeddable":true,"href":"https:\/\/www.europesays.com\/es\/wp-json\/wp\/v2\/media\/224652"}],"wp:attachment":[{"href":"https:\/\/www.europesays.com\/es\/wp-json\/wp\/v2\/media?parent=224651"}],"wp:term":[{"taxonomy":"category","embeddable":true,"href":"https:\/\/www.europesays.com\/es\/wp-json\/wp\/v2\/categories?post=224651"},{"taxonomy":"post_tag","embeddable":true,"href":"https:\/\/www.europesays.com\/es\/wp-json\/wp\/v2\/tags?post=224651"}],"curies":[{"name":"wp","href":"https:\/\/api.w.org\/{rel}","templated":true}]}}