{"id":224661,"date":"2025-11-08T07:07:14","date_gmt":"2025-11-08T07:07:14","guid":{"rendered":"https:\/\/www.europesays.com\/es\/224661\/"},"modified":"2025-11-08T07:07:14","modified_gmt":"2025-11-08T07:07:14","slug":"habia-mucho-escepticismo-con-llevar-los-latin-grammy-a-sevilla","status":"publish","type":"post","link":"https:\/\/www.europesays.com\/es\/224661\/","title":{"rendered":"\u00abHab\u00eda mucho escepticismo con llevar los Latin Grammy a Sevilla\u00bb"},"content":{"rendered":"<p style=\"\">Sevilla consigui\u00f3, justo hace dos a\u00f1os, un hito que parec\u00eda impensable. La celebraci\u00f3n de la Semana Latin Grammy en su primera edici\u00f3n fuera de los Estados Unidos. Hace un par de meses, la Academia Latina de la Grabaci\u00f3n, en colaboraci\u00f3n con la Junta de Andaluc\u00eda,  &#8230; concluy\u00f3 su calendario de eventos en la comunidad andaluza con Latin Grammy Celebra: La M\u00fasica de Andaluc\u00eda en Sevilla. Han sido casi tres a\u00f1os de una alianza que ha dejado en la comunidad un impacto total acumulado de 195 millones de euros. Manuel Abud, CEO de la Academia, hace balance de esta relaci\u00f3n que, seg\u00fan se desprende de sus palabras, no acaba aqu\u00ed.<\/p>\n<p class=\"voc-p\" style=\"\"><strong>-El Estudio de Impacto Econ\u00f3mico y Reputacional de la Academia Latina de la Grabaci\u00f3n en Andaluc\u00eda refleja que fue de 195 millones de euros de 2023 a 2025. \u00bfEs para estar satisfechos?<\/strong><\/p>\n<p class=\"voc-p\" style=\"\">-Esta probablemente sea m\u00e1s una pregunta para los responsables de la Junta de Andaluc\u00eda. Pero si me permite, voy a dar un paso atr\u00e1s. En Sevilla fue la primera vez que sacamos la semana Grammys Latinos de los Estados Unidos. Por lo cual, para nosotros era muy importante realmente saber qu\u00e9 impacto econ\u00f3mico esto tra\u00eda para la ciudad anfitriona. Por eso comisionamos este estudio de un tercero para no ser nosotros ni el propio gobierno quien enviara estas cifras. Dicho esto, esta estrategia de internacionalizaci\u00f3n de la celebraci\u00f3n de los Grammy creo que fue muy exitosa, los n\u00fameros hablan por s\u00ed solos. Desde el punto de vista de la academia, ha sido una experiencia maravillosa. Andaluc\u00eda nos ha tratado incre\u00edblemente, nos hemos sentido como en casa estos tres a\u00f1os que hemos estado haciendo cosas y, la verdad, estamos muy contentos, muy satisfechos. <\/p>\n<p class=\"voc-p\" style=\"\"><strong>-Sobre todo porque buena parte de ese impacto econ\u00f3mico no es directo, sino un impacto en promoci\u00f3n. \u00bfC\u00f3mo se ha tomado all\u00ed esta proyecci\u00f3n de Andaluc\u00eda?<\/strong><\/p>\n<p class=\"voc-p\" style=\"\">-Muy bien, porque al final todo el mundo gan\u00f3 aqu\u00ed, o sea, los artistas vivieron una experiencia maravillosa. La experiencia de haber ido ah\u00ed, la forma en la que nos ense\u00f1\u00f3 Sevilla, los eventos que hicimos. Yo creo que es un c\u00edrculo virtuoso, \u00bfno? En el que el artista est\u00e1 muy contento, es bien recibido, el p\u00fablico tambi\u00e9n se engancha, hay una generaci\u00f3n, por supuesto, econ\u00f3mica, pero lo que no refleja ninguno de estos estudios es el sentimiento de orgullo de Sevilla de haber sido la sede de una celebraci\u00f3n internacional de m\u00fasica tan importante como la nuestra. Yo siempre digo que es lo m\u00e1s importante, pero eso lo dejo a ustedes. <\/p>\n<p class=\"voc-p\" style=\"\"><strong>-Siempre se le ha visto en muy buena sinton\u00eda con el consejero de Turismo y el presidente de la Junta de Andaluc\u00eda. Pero, \u00bfqui\u00e9n dio el paso para fraguar esta colaboraci\u00f3n?<\/strong><\/p>\n<p class=\"voc-p\" style=\"\">-Fue conjunto. Obviamente, la visi\u00f3n de ellos fue fundamental. Por un lado nosotros ten\u00edamos la visi\u00f3n de implementar una estrategia de expansi\u00f3n internacional, de llevar la celebraci\u00f3n afuera de los Estados Unidos. Y para eso hab\u00eda que cumplir con varios requisitos. Mi objetivo, mi gran sue\u00f1o, era que la ciudad se volcara por completo alrededor de nosotros, y en una ciudad m\u00e1s grande corr\u00edamos el riesgo de perdernos. Ten\u00eda que tener, adem\u00e1s, una capacidad hotelera, de recintos, de log\u00edstica que pudieran recibirnos y, por supuesto, alg\u00fan nexo cultural o musical con nosotros. Sevilla marca todos los requisitos de esa lista. Y tambi\u00e9n, aunque el tema es un poco m\u00e1s burdo, pero es una realidad, ten\u00eda los recursos. Nosotros somos una organizaci\u00f3n sin \u00e1nimo de lucro que necesitamos que alguien nos auspicie. Cuando hacemos nuestras celebraciones ac\u00e1 en Estados Unidos, tenemos toda una red que nos permite hacerla de una forma muy eficiente. Es una celebraci\u00f3n cara. Entonces, necesitas tener quien est\u00e9 dispuesto a pagar esa cuenta. Por otro lado, no quiero poner palabras en la boca ni del presidente ni del consejero, pero ellos claramente ten\u00edan una intenci\u00f3n y una visi\u00f3n de exponerse ya en una forma mucho m\u00e1s agresiva en los mercados internacionales, de poner Andaluc\u00eda en el centro de la discusi\u00f3n musical.<\/p>\n<p class=\"voc-p\" style=\"\"><strong>-\u00bfPero por vuestra parte siempre fue Andaluc\u00eda la primera opci\u00f3n para sacar los Grammys de los Estados Unidos?<\/strong><\/p>\n<p class=\"voc-p\" style=\"\">-No, para ser muy franco, esto es algo que vas evaluando. No se trata s\u00f3lo de tener la plata. Cuando empezamos a hablar con Sevilla, con el consejero y con el presidente, yo lo ve\u00eda lejano, lo ve\u00eda dif\u00edcil. Hab\u00eda demasiados obst\u00e1culos y ah\u00ed le doy todo el cr\u00e9dito al consejero. \u00c9l me dec\u00eda: \u00abPero eso lo podemos resolver\u00bb. Y entonces, de pronto, empezamos a ver m\u00e1s s\u00edes que noes. Empezando con cosas tan elementales como los horarios, empezamos a romper mitos, a derribar barreras. Una cosa nos fue llevando a la otra, la voluntad de ambas partes, el respeto de ambas partes. Somos una organizaci\u00f3n un poquito complicada, somos muy celosos de nuestra marca y de nuestras cosas, somos muy diligentes. Y usted conoce el estilo andaluz, es un poco diferente, no quiero ponerle adjetivos. Entonces, no fue f\u00e1cil, fue un tema cultural interesante. Pero insisto, con buena voluntad, con respeto, pues se logr\u00f3 algo que desde el punto de vista fue a todas luces exitoso. <\/p>\n<p class=\"voc-p\" style=\"\"><strong>-Gran parte del impacto econ\u00f3mico ha reca\u00eddo en Sevilla gracias a la Semana de los Latin Grammy de hace dos a\u00f1os. El propio Ayuntamiento no pens\u00f3 que fuese ser tanto, se habl\u00f3 de 50 millones y han sido m\u00e1s de 180.<\/strong><\/p>\n<p class=\"voc-p\" style=\"\">-S\u00ed, es que la magnitud de nuestros eventos es muy importante. Me pas\u00f3 una cosa muy curiosa con la ciudad. Me dec\u00edan que Sevilla estaba acostumbrada a eventos como el nuestro, premios fulanos, que si la celebraci\u00f3n tal. Y entonces, en un tono simp\u00e1tico dec\u00edamos, \u00abok, ese evento se parece al nuestro, pero hay una gran diferencia, es que todos esos eventos van a suceder a la vez en una semana\u00bb. El gran reto era que se iban a hacer de domingo a jueves. Entonces se entendi\u00f3 la dificultad log\u00edstica y de producci\u00f3n a la que nos enfrent\u00e1bamos.<\/p>\n<p class=\"voc-p\" style=\"\"><strong>-Sevilla tambi\u00e9n se prepara para la celebraci\u00f3n del 29, a\u00f1o en que se conmemora el primer centenario de la Exposici\u00f3n Iberoamericana, que une precisamente a los pueblos latinos con Sevilla. Tambi\u00e9n se espera para entonces una gran transformaci\u00f3n de la ciudad. \u00bfEs posible una pr\u00f3xima gala de los Grammy Latinos en Sevilla?<\/strong><\/p>\n<p class=\"voc-p\" style=\"\">-Por parte nuestra&#8230; Nos trataron maravillosamente y fuimos muy felices ah\u00ed. Pero eso hay que pregunt\u00e1rselo a ellos. Lo que s\u00ed puedo decir es que nosotros estamos activamente conversando con varias ciudades, incluidas ciudades espa\u00f1olas. Lo de Sevilla no fue un d\u00eda de campo o un experimento \u00fanico, es parte de una estrategia muy bien armada, con lo cual, ver\u00e1s salir la gala de los Grammy de los Estados Unidos pr\u00f3ximamente. Y claro, por supuesto, no se descarta.<\/p>\n<p><img decoding=\"async\" loading=\"lazy\" src=\"https:\/\/www.europesays.com\/es\/wp-content\/uploads\/2025\/11\/manuel-abud-juanma-kk2C--760x427@diario_abc.jpg\" class=\"voc-img\" width=\"760\" height=\"427\" alt=\"Manuel Abud: \u00abHab\u00eda mucho escepticismo con llevar los Latin Grammy a Sevilla\u00bb\" data-voc-vtm-id=\"in-text-traffic\"\/><\/p>\n<p class=\"voc-p\" style=\"\"><strong>-El presidente de la Junta de Andaluc\u00eda dijo hace apenas dos meses que se estaba trabajando en ello, casi casi lo dio como hecho que volver\u00e1n, a Sevilla u otra ciudad andaluza.<\/strong><\/p>\n<p class=\"voc-p\" style=\"\">-Voy a ser muy cuidadoso en lo que digo. Puedo decir que hay conversiones activas, pero no hay nada definido con nadie. Con nadie, porque esto es un proceso complicado. Hoy d\u00eda estamos enfocados nuestra semana de este a\u00f1o. El a\u00f1o que viene es poco probable, no es imposible, pero es poco probable que regresemos a Espa\u00f1a sin antes ir a alg\u00fan pa\u00eds de Latinoam\u00e9rica. Insisto, no es imposible, pero yo s\u00ed creo que, volviendo la pregunta de posibilidades, creo completamente posible que en los pr\u00f3ximos 4 o 5 a\u00f1os regresemos a Espa\u00f1a. <\/p>\n<p class=\"voc-p\" style=\"\"><strong>-Para ese a\u00f1o del 29&#8230;<\/strong><\/p>\n<p class=\"voc-p\" style=\"\">-Mire, la verdad es que es muy buen dato. <\/p>\n<p class=\"voc-p\" style=\"\"><strong>-De momento, esta relaci\u00f3n no acaba. Han sido tres a\u00f1os y a\u00fan queda un poco. La semana que viene Andaluc\u00eda estar\u00e1 presente la celebraci\u00f3n de los Grammy como patrocinador. \u00bfEn qu\u00e9 consiste? <\/strong><\/p>\n<p class=\"voc-p\" style=\"\">-S\u00ed, son los sponsor de la Persona del A\u00f1o, el andaluz Raphael. Es un hecho que con esta participaci\u00f3n de la semana que entra se cierra el ciclo, se cierra la alianza que realizamos durante tres a\u00f1os. Tengo una magn\u00edfica impresi\u00f3n de la gesti\u00f3n del presidente. Se nos cumpli\u00f3 con absoluto profesionalismo, se nos cumpli\u00f3 exactamente todo lo que se nos ofreci\u00f3, pero tambi\u00e9n nosotros cumplimos con nuestra parte. Entonces, bueno, pues cuando hay una relaci\u00f3n as\u00ed, a ver qu\u00e9 sigue. Como digo, ha dejado un buen sabor de boca.<\/p>\n<p class=\"voc-p\" style=\"\">Yo cada vez que tengo reuniones no paran de hablar maravillas de lo que fue la semana en Sevilla. De hecho, para ser muy franco, hab\u00eda mucho escepticismo cuando anunciamos que \u00edbamos a celebrar en Sevilla la Semana de los Grammy. Y la verdad es que Sevilla por s\u00ed sola call\u00f3 uno a uno a los cr\u00edticos, porque fue una experiencia que a la fecha me siguen recordando como un \u00e9xito. No fue casual, pero logramos que Sevilla fuera un personaje m\u00e1s. La gran diferencia es que Sevilla no es una serie de recintos, es un personaje m\u00e1s de las celebraciones. Y creo que dej\u00f3 un magn\u00edfico sabor de boca en todos los que tuvimos el privilegio de participar. <\/p>\n<p class=\"voc-title\">\u00abSi hici\u00e9ramos una segunda semana en Sevilla ser\u00eda muy parecida. Sali\u00f3 perfecto, pero nos cost\u00f3 mucho\u00bb<\/p>\n<p class=\"voc-p\" style=\"\"><strong>-\u00bfY eso ocurre, por ejemplo, en Las Vegas?<\/strong><\/p>\n<p class=\"voc-p\" style=\"\">-No quiero hablar mal de nuestras ciudades. Pero en Las Vegas no se siente. O sea, tenemos una maravillosa capacidad t\u00e9cnica y log\u00edstica, los eventos se producen a un nivel extraordinario, pero ese factor, ese sabor andaluz, no se consigue.<\/p>\n<p class=\"voc-p\" style=\"\"><strong>-\u00bfQu\u00e9 mejorar\u00eda de Sevilla? Alguna pega tuvo que haber&#8230;<\/strong><\/p>\n<p class=\"voc-p\" style=\"\">-Vamos a decirlo de otra manera, hubo aprendizajes. Tambi\u00e9n nosotros est\u00e1bamos en la lucha de salir, de producir fuera. Hubo aprendizajes, se lo voy a dejar al consejero para que lo conteste. Si hici\u00e9ramos una segunda semana en Sevilla ser\u00eda muy parecida a la primera. Aprendimos y har\u00edamos algunas cosas de log\u00edstica, de lo que no se ve. Pero creo que, de lo que se ve, sali\u00f3 perfecto, aunque llegar ah\u00ed nos cost\u00f3 mucho. Los aprendizajes son buenos, los capitalizar\u00edamos. Desde el punto de vista de log\u00edstica, de proveedores, desde el punto de vista de la cultura de negocios. <\/p>\n<p class=\"voc-p\" style=\"\"><strong>-\u00bfA qu\u00e9 se refiere?<\/strong><\/p>\n<p class=\"voc-p\" style=\"\">-La cultura de negocios tambi\u00e9n fue un aprendizaje, no es que fuera mala, simplemente es diferente. Me refiero a la forma de negociar, los tiempos de negociaci\u00f3n. Va a sonar feo, pero somos muy gringos en nuestra forma de trabajo. Fue un choque cultural interesante. Pero no tengo nada malo que decir de ellos, la verdad es que han sido muy profesionales y han estado a la altura.<\/p>\n<p class=\"voc-p\" style=\"\"><strong>-Como dijo en la primavera de 2023 durante la presentaci\u00f3n de la Semana de los Grammy Latinos, \u00abSevilla lo re\u00fane todo\u00bb.<\/strong><\/p>\n<p class=\"voc-p\" style=\"\">-S\u00ed, esa es la verdad, es una ciudad maravillosa, que adem\u00e1s tom\u00f3 ese protagonismo que no esperaba. Lo que no se ve en ning\u00fan estudio econ\u00f3mico es esa sensaci\u00f3n de la poblaci\u00f3n local de orgullo, de haber recibido a esta marca internacional que adem\u00e1s es tan importante en el mundo de la m\u00fasica.<\/p>\n<p class=\"voc-p\" style=\"\"><strong>-Quiz\u00e1, la pega de los sevillanos fue que los eventos estuvieran cerrados, que no pudi\u00e9ramos participar m\u00e1s.<\/strong><\/p>\n<p class=\"voc-p\" style=\"\">-Tiene toda la raz\u00f3n, ese es otro de los aprendizajes. A final de cuentas somos un gremio y nuestros eventos son gremiales. Nosotros no hacemos grandes conciertos, es m\u00e1s, los eventos que hicimos en M\u00e1laga o hace un par de meses en el Cartuja Center, son eventos un poco fuera de lo que normalmente hacemos. Se plantea una gran pregunta para nosotros de si queremos, si podemos o si debemos, porque ojo, nosotros no somos promotores, no somos organizadores de conciertos. Esa es la parte de lucro de los artistas y de todo un ecosistema que vive de eso y nosotros no venimos con ellos, nosotros nos apoyamos. Entonces, uno de los argumentos es c\u00f3mo ser, c\u00f3mo abrir m\u00e1s la participaci\u00f3n del p\u00fablico, sin duda.<\/p>\n<p>\u00abLa palabra que define a Raphael es resiliencia\u00bb<\/p>\n<p class=\"voc-p\">La Junta de Andaluc\u00eda reafirma su compromiso con la m\u00fasica latina al regresar por tercer a\u00f1o como Patrocinador Oficial de la Recepci\u00f3n de Nominados, la Gala Persona del A\u00f1o\u2122 2025 de La Academia Latina de la Grabaci\u00f3n, la Latin GRAMMY Premiere, la 26\u00aa Entrega Anual del Latin GRAMMY\u00ae, incluida la alfombra roja, y la Fiesta Oficial del Latin GRAMMY. La Persona del A\u00f1o es el jiennense Raphael. <strong>-\u00bfQu\u00e9 puede decir de la figura de Raphael?<\/strong>-Lo digo en pocas palabras, es un talento sin duda revolucionario, o sea, marc\u00f3 un estilo. Si me pidieras una palabra para definirlo, dir\u00eda resiliencia. Es un hombre que no descansa, que no para, que est\u00e1 siempre con un hambre, con una intensidad de llevar su arte a la gente. Es admirable. Y lo que ha influido en las generaciones que lo han visto seguir ah\u00ed, es incre\u00edble.<\/p>\n<p class=\"voc-p\" style=\"\"><strong>&#8211; Una de las propuestas que se habl\u00f3 al principio de la colaboraci\u00f3n con la Junta fue que la categor\u00eda de Grammy Flamenco se diera siempre aqu\u00ed en Andaluc\u00eda. \u00bfEsa puede ser una v\u00eda?<\/strong><\/p>\n<p class=\"voc-p\" style=\"\">-Hemos explorado muchas alternativas, tambi\u00e9n nos sucede con otras categor\u00edas que son muy particulares de una regi\u00f3n. Y siempre existe esa dicotom\u00eda. S\u00ed, quiz\u00e1 tendr\u00eda m\u00e1s impacto darlo en Andaluc\u00eda, pero tambi\u00e9n le quitar\u00eda a los flamencos la oportunidad de estar en Las Vegas o estar en el mapa internacional. Se plantea la duda de si por hacer un bien est\u00e1s fomentando un aislamiento. Tenemos que ser cuidadosos con eso. Al final, se trata de la celebraci\u00f3n de nuestra m\u00fasica, nuestra premiaci\u00f3n es global y es incluyente. Creo que hay mayor participaci\u00f3n, creo que eventos adicionales como los que hicimos son la soluci\u00f3n.<\/p>\n<p><img decoding=\"async\" loading=\"lazy\" src=\"https:\/\/www.europesays.com\/es\/wp-content\/uploads\/2025\/11\/grammy-latinos-sevilla-kk2C--760x427@diario_abc.jpg\" class=\"voc-img\" width=\"760\" height=\"427\" alt=\"Manuel Abud: \u00abHab\u00eda mucho escepticismo con llevar los Latin Grammy a Sevilla\u00bb\" data-voc-vtm-id=\"in-text-traffic\"\/><\/p>\n<p class=\"voc-p\" style=\"\"><strong>-Y aprovecho esto para preguntarle c\u00f3mo cree que ha sido la proyecci\u00f3n del flamenco en estos tres a\u00f1os de esta relaci\u00f3n con la Academia.<\/strong><\/p>\n<p class=\"voc-p\" style=\"\">-Bueno, yo creo que muy buena. Y vuelvo a lo mismo, para eso est\u00e1 la academia, para seguir fomentando y protegiendo g\u00e9neros que probablemente a nivel global se salgan del mainstream, pero que es nuestra labor seguir foment\u00e1ndonos y creo que se ha logrado esa lucha, es una asignatura completada, porque es un proceso continuo.<\/p>\n<p class=\"voc-p\" style=\"\"><strong>-Y en general, \u00bfqu\u00e9 visi\u00f3n hay de la m\u00fasica espa\u00f1ola? \u00bfQu\u00e9 lugar ocupa la m\u00fasica espa\u00f1ola dentro de la m\u00fasica latinoamericana?<\/strong><\/p>\n<p class=\"voc-p\" style=\"\">-Hay que ser cuidadoso de no favorecer a una regi\u00f3n m\u00e1s que a otra, aunque obviamente aqu\u00ed estamos hablando de Espa\u00f1a. Es innegable el legado cultural y de influencia de la m\u00fasica y de los m\u00fasicos espa\u00f1oles. Seis personas del a\u00f1o de la Academia de la de la Grabaci\u00f3n eran de Espa\u00f1a. Junto con M\u00e9xico, el pa\u00eds que m\u00e1s ha tenido. Entonces, me remito a los hechos. Es innegable y creo que adem\u00e1s los nuevos talentos espa\u00f1oles tambi\u00e9n tienen una gran posibilidad y gran presencia.<\/p>\n<p class=\"voc-p\" style=\"\"><strong>-Pero la m\u00fasica espa\u00f1ola se distingue de la latina, que es la que hoy domina.<\/strong><\/p>\n<p class=\"voc-p\" style=\"\">-No, mire, un fen\u00f3meno que es innegable es que s\u00ed hay ciertos artistas superglobales, pero tambi\u00e9n el consumo se ha vuelto muy geolocalizado. Si ve las listas de popularidad de Espa\u00f1a, de M\u00e9xico, de Colombia y de Argentina, son muy diferentes, o sea, salvo dos o tres artistas que de alguna manera son mucho m\u00e1s globales. Entonces, nuestra funci\u00f3n es no particularizar sino ser incluyentes y creo que adem\u00e1s hay otra cosa, la discusi\u00f3n de qu\u00e9 es m\u00fasica latina y qu\u00e9 no, puede puede llevarnos aqu\u00ed todo el d\u00eda y yo trato de simplificar. La Academia Latina de la Grabaci\u00f3n reconoce m\u00fasica en espa\u00f1ol, portugu\u00e9s, lenguas originarias de la regi\u00f3n. Eso es lo que nosotros celebramos. Insisto, la definici\u00f3n de m\u00fasica latina se la dejo a los expertos y ser\u00e1 diferente para cada quien. <\/p>\n","protected":false},"excerpt":{"rendered":"Sevilla consigui\u00f3, justo hace dos a\u00f1os, un hito que parec\u00eda impensable. La celebraci\u00f3n de la Semana Latin Grammy&hellip;\n","protected":false},"author":2,"featured_media":224662,"comment_status":"","ping_status":"","sticky":false,"template":"","format":"standard","meta":{"footnotes":""},"categories":[170],"tags":[59420,146,147,25,52419,24,2791,25860,10484,841,184,185,1171,23],"class_list":{"0":"post-224661","1":"post","2":"type-post","3":"status-publish","4":"format-standard","5":"has-post-thumbnail","7":"category-musica","8":"tag-abud","9":"tag-entertainment","10":"tag-entretenimiento","11":"tag-es","12":"tag-escepticismo","13":"tag-espana","14":"tag-grammy","15":"tag-latinos","16":"tag-llevar","17":"tag-manuel","18":"tag-music","19":"tag-musica","20":"tag-sevilla","21":"tag-spain"},"share_on_mastodon":{"url":"https:\/\/pubeurope.com\/@es\/115512819512911054","error":""},"_links":{"self":[{"href":"https:\/\/www.europesays.com\/es\/wp-json\/wp\/v2\/posts\/224661","targetHints":{"allow":["GET"]}}],"collection":[{"href":"https:\/\/www.europesays.com\/es\/wp-json\/wp\/v2\/posts"}],"about":[{"href":"https:\/\/www.europesays.com\/es\/wp-json\/wp\/v2\/types\/post"}],"author":[{"embeddable":true,"href":"https:\/\/www.europesays.com\/es\/wp-json\/wp\/v2\/users\/2"}],"replies":[{"embeddable":true,"href":"https:\/\/www.europesays.com\/es\/wp-json\/wp\/v2\/comments?post=224661"}],"version-history":[{"count":0,"href":"https:\/\/www.europesays.com\/es\/wp-json\/wp\/v2\/posts\/224661\/revisions"}],"wp:featuredmedia":[{"embeddable":true,"href":"https:\/\/www.europesays.com\/es\/wp-json\/wp\/v2\/media\/224662"}],"wp:attachment":[{"href":"https:\/\/www.europesays.com\/es\/wp-json\/wp\/v2\/media?parent=224661"}],"wp:term":[{"taxonomy":"category","embeddable":true,"href":"https:\/\/www.europesays.com\/es\/wp-json\/wp\/v2\/categories?post=224661"},{"taxonomy":"post_tag","embeddable":true,"href":"https:\/\/www.europesays.com\/es\/wp-json\/wp\/v2\/tags?post=224661"}],"curies":[{"name":"wp","href":"https:\/\/api.w.org\/{rel}","templated":true}]}}