{"id":224671,"date":"2025-11-08T07:13:08","date_gmt":"2025-11-08T07:13:08","guid":{"rendered":"https:\/\/www.europesays.com\/es\/224671\/"},"modified":"2025-11-08T07:13:08","modified_gmt":"2025-11-08T07:13:08","slug":"las-acciones-de-iag-se-desploman-hoy-7-de-noviembre-y-arrastran-al-ibex-35","status":"publish","type":"post","link":"https:\/\/www.europesays.com\/es\/224671\/","title":{"rendered":"Las acciones de IAG se desploman hoy 7 de noviembre y arrastran al Ibex 35"},"content":{"rendered":"<p class=\"body-paragraph\">Bloomberg L\u00ednea \u2014 El Ibex 35 retrocede al final de la semana presionado por el desplome de las acciones de IAG, que cerraron con una ca\u00edda de casi 11,5%, <b>luego de presentar sus resultados del tercer trimestre de 2025, que se situaron ligeramente por debajo de las previsiones del consenso.<\/b><\/p>\n<p class=\"default__StyledVerMasText-sc-108h6at-0 cPZEdR body-paragraph view-more-paragraph\"><b>Ver m\u00e1s: <\/b><a href=\"https:\/\/www.bloomberglinea.com\/mercados\/wells-fargo-preve-ola-conservadora-en-chile-colombia-y-brasil-que-pasara-con-el-dolar\/\" rel=\"nofollow noopener\" target=\"_blank\">Wells Fargo prev\u00e9 ola conservadora en Chile, Colombia y Brasil: \u00bfqu\u00e9 pasar\u00e1 con el d\u00f3lar?<\/a><\/p>\n<p class=\"body-paragraph\">Seg\u00fan Javier Cabrera, analista de XTB Latam, <b>\u201cel mercado est\u00e1 reaccionando de manera agresiva, pero debemos mirar primero las cifras para ver si de verdad tienen sentido estas ca\u00eddas\u201d.<\/b><\/p>\n<p class=\"body-paragraph\">De acuerdo con los datos del grupo, <b>los ingresos totales alcanzaron los 9.328 millones de euros (US$9.981 millones), sin variaci\u00f3n interanual y un 1,05% por debajo de las expectativas.<\/b><\/p>\n<p class=\"body-paragraph\">El EBIT se situ\u00f3 en 2.053 millones de euros (US$2.197 millones), un 2% m\u00e1s que un a\u00f1o antes, mientras que el beneficio neto cay\u00f3 2,3% interanual, <b>hasta 1.402 millones de euros (US$1.510 millones), y qued\u00f3 5,16% por debajo de lo previsto por el mercado.<\/b><\/p>\n<p><img decoding=\"async\" alt=\"avion\" title=\"avion\" src=\"https:\/\/www.bloomberglinea.com\/resizer\/v2\/7QH3XXHTUVGEVMMLBYUCEFJQKM.jpg?auth=e9f346af397c9ed05be1d0f666ec22438bd80aaa4367f4d7fe95d3525c639e4d&amp;width=1000&amp;height=667&amp;quality=80&amp;smart=true\" style=\"aspect-ratio:4000\/2668;object-fit:cover\" width=\"4000\" height=\"1779\" loading=\"lazy\" class=\"w-full undefined\"\/><\/p>\n<p class=\"image-metadata\">IAG recorta previsiones.Las acciones de IAG caen tras reportar ingresos y beneficios por debajo de lo esperado, afectando a filiales como Iberia, pese a mantener su gu\u00eda anual.(Bloomberg\/Angel Garcia)<\/p>\n<p class=\"body-paragraph\">El Departamento de An\u00e1lisis de XTB Espa\u00f1a se\u00f1al\u00f3 que los <b>resultados \u201cno han sido malos, pero se han quedado ligeramente por debajo de las expectativas del consenso de analistas y esto est\u00e1 causando el fuerte castigo en el d\u00eda de hoy\u201d.<\/b><\/p>\n<p class=\"body-paragraph\">El selectivo espa\u00f1ol cerr\u00f3 con una ca\u00edda de -1,34% hasta los 15.901,40 puntos.<\/p>\n<p>\u2b06\ufe0f Las acciones que m\u00e1s subieron hoy:<\/p>\n<ul class=\"list__StyledUnorderedList-sc-1tao6o9-2 bhhcZc\">\n<li class=\"list__StyledListItem-sc-1tao6o9-0 eiuOBH\"><b>Amadeus<\/b>: 1,55%<\/li>\n<li class=\"list__StyledListItem-sc-1tao6o9-0 eiuOBH\"><b>Indra<\/b>: 1,37%<\/li>\n<li class=\"list__StyledListItem-sc-1tao6o9-0 eiuOBH\"><b>ArcelorMittal<\/b>: 1,35%<\/li>\n<\/ul>\n<p>\u2b07\ufe0f Las acciones que m\u00e1s cayeron hoy:<\/p>\n<ul class=\"list__StyledUnorderedList-sc-1tao6o9-2 bhhcZc\">\n<li class=\"list__StyledListItem-sc-1tao6o9-0 eiuOBH\"><b>IAG<\/b>: -11,49%<\/li>\n<li class=\"list__StyledListItem-sc-1tao6o9-0 eiuOBH\"><b>Cellnex<\/b>: -3,59%<\/li>\n<li class=\"list__StyledListItem-sc-1tao6o9-0 eiuOBH\"><b>Sabadell<\/b>: -2,95%<\/li>\n<\/ul>\n<p class=\"body-paragraph\">El descenso de los ingresos en IAG por pasajeros se explica por una <b>baja del 2,4% interanual en los ingresos unitarios, aunque \u201csin el efecto tipo de cambio habr\u00eda sido una ca\u00edda de tan solo el 0,4%\u201d<\/b>. <\/p>\n<p class=\"body-paragraph\">En particular, el negocio en Norteam\u00e9rica mostr\u00f3 debilidad, con un descenso del <b>7,1% en los ingresos unitarios, afectado en parte por la depreciaci\u00f3n de las divisas locales frente al euro<\/b> y la menor confianza del consumidor estadounidense.<\/p>\n<p><img decoding=\"async\" alt=\"El negocio de IAG en Norteam\u00e9rica, liderado por British Airways, mostr\u00f3 debilidad por la ca\u00edda de ingresos unitarios y el efecto del tipo de cambio.\" title=\"El negocio de IAG en Norteam\u00e9rica, liderado por British Airways, mostr\u00f3 debilidad por la ca\u00edda de ingresos unitarios y el efecto del tipo de cambio.\" src=\"https:\/\/www.bloomberglinea.com\/resizer\/v2\/CGSF42ZDJNAN5JFKATGGRRDDSE.jpg?auth=7da91b9cb2a922c3985ffd0abb8a378c3c07f1a3b261a6e7e2a39d879a391c3d&amp;width=1000&amp;height=666&amp;quality=80&amp;smart=true\" style=\"aspect-ratio:4141\/2761;object-fit:cover\" width=\"4141\" height=\"1840\" loading=\"lazy\" class=\"w-full undefined\"\/><\/p>\n<p class=\"image-metadata\">British Airways afecta resultados.El negocio de IAG en Norteam\u00e9rica, liderado por British Airways, mostr\u00f3 debilidad por la ca\u00edda de ingresos unitarios y el efecto del tipo de cambio.(REUTERS\/SIMON DAWSON)<\/p>\n<p class=\"body-paragraph\">Entre los analistas, Bernstein mantiene una recomendaci\u00f3n de outperform. Su analista Alex Irving destac\u00f3 que el resultado operativo<b> \u201cqued\u00f3 un 2% por debajo de lo previsto en el tercer trimestre, con el Atl\u00e1ntico Norte como principal lastre, mientras que Latinoam\u00e9rica se mantuvo fuerte\u201d.<\/b><\/p>\n<p class=\"body-paragraph\">Irving subray\u00f3 que la compa\u00f1\u00eda <b>mantiene su gu\u00eda<\/b> y anticip\u00f3 una <b>revisi\u00f3n al alza del consenso de entre el 3% y el 5% en las ganancias anuales<\/b>.<\/p>\n<p class=\"body-paragraph\">\u2192 <a href=\"https:\/\/www.bloomberglinea.com\/tus-newsletters-bloomberg-linea\/\" target=\"_blank\" rel=\"nofollow noopener\" title=\"https:\/\/www.bloomberglinea.com\/tus-newsletters-bloomberg-linea\/\">Suscr\u00edbete al newsletter L\u00ednea de Mercado<\/a>, una selecci\u00f3n de Bloomberg L\u00ednea con las noticias burs\u00e1tiles m\u00e1s destacadas del d\u00eda.<\/p>\n<p class=\"body-paragraph\">Por su parte, <b>Ruairi Cullinane<\/b>, de <b>RBC Capital Markets<\/b>, tambi\u00e9n reiter\u00f3 una calificaci\u00f3n de outperform y se\u00f1al\u00f3 que \u201c<b>el cuarto trimestre est\u00e1 positivamente reservado y los comentarios sobre los costes unitarios sugieren otro trimestre de estabilidad ex combustible<\/b>\u201d. <\/p>\n<p class=\"body-paragraph\">A\u00f1adi\u00f3 que <b>IAG planea anunciar nuevas devoluciones de exceso de efectivo a los accionistas con los resultados del ejercicio 2025<\/b>.<\/p>\n<p class=\"body-paragraph\">Seg\u00fan XTB Latam, el tono general de las bolsas europeas reflej\u00f3 un equilibrio inestable entre las presiones externas, como las tensiones tecnol\u00f3gicas,<b> y la temporada de resultados corporativos, que contin\u00faa generando movimientos significativos entre los valores m\u00e1s representativos del continente.<\/b><\/p>\n<p class=\"body-paragraph\">Esta historia se actualiz\u00f3 a las 13:45 ET para reflejar el cierre final del Ibex 35.<\/p>\n","protected":false},"excerpt":{"rendered":"Bloomberg L\u00ednea \u2014 El Ibex 35 retrocede al final de la semana presionado por el desplome de las&hellip;\n","protected":false},"author":2,"featured_media":224672,"comment_status":"","ping_status":"","sticky":false,"template":"","format":"standard","meta":{"footnotes":""},"categories":[80],"tags":[14658,59421,24843,24844,210,82,4429,6061,37209,7642,32008,95,94,5911,25,24,10551,32009,406,5912,37213,59422,4440,33858,23,5842,15746,59286,15747,59423,59424],"class_list":{"0":"post-224671","1":"post","2":"type-post","3":"status-publish","4":"format-standard","5":"has-post-thumbnail","7":"category-economia","8":"tag-airport","9":"tag-airports","10":"tag-aviation","11":"tag-aviation-industry","12":"tag-barcelona","13":"tag-business","14":"tag-business-news","15":"tag-catalan","16":"tag-catalonia","17":"tag-coronavirus","18":"tag-e-u","19":"tag-economia","20":"tag-economy","21":"tag-emea","22":"tag-es","23":"tag-espana","24":"tag-eu","25":"tag-euro-members","26":"tag-europe","27":"tag-european","28":"tag-holiday","29":"tag-holiday-travel","30":"tag-industries","31":"tag-passengers","32":"tag-spain","33":"tag-spanish","34":"tag-tourism","35":"tag-transportation-and-logistics","36":"tag-travel","37":"tag-travelers","38":"tag-vacation"},"share_on_mastodon":{"url":"https:\/\/pubeurope.com\/@es\/115512843489749584","error":""},"_links":{"self":[{"href":"https:\/\/www.europesays.com\/es\/wp-json\/wp\/v2\/posts\/224671","targetHints":{"allow":["GET"]}}],"collection":[{"href":"https:\/\/www.europesays.com\/es\/wp-json\/wp\/v2\/posts"}],"about":[{"href":"https:\/\/www.europesays.com\/es\/wp-json\/wp\/v2\/types\/post"}],"author":[{"embeddable":true,"href":"https:\/\/www.europesays.com\/es\/wp-json\/wp\/v2\/users\/2"}],"replies":[{"embeddable":true,"href":"https:\/\/www.europesays.com\/es\/wp-json\/wp\/v2\/comments?post=224671"}],"version-history":[{"count":0,"href":"https:\/\/www.europesays.com\/es\/wp-json\/wp\/v2\/posts\/224671\/revisions"}],"wp:featuredmedia":[{"embeddable":true,"href":"https:\/\/www.europesays.com\/es\/wp-json\/wp\/v2\/media\/224672"}],"wp:attachment":[{"href":"https:\/\/www.europesays.com\/es\/wp-json\/wp\/v2\/media?parent=224671"}],"wp:term":[{"taxonomy":"category","embeddable":true,"href":"https:\/\/www.europesays.com\/es\/wp-json\/wp\/v2\/categories?post=224671"},{"taxonomy":"post_tag","embeddable":true,"href":"https:\/\/www.europesays.com\/es\/wp-json\/wp\/v2\/tags?post=224671"}],"curies":[{"name":"wp","href":"https:\/\/api.w.org\/{rel}","templated":true}]}}