{"id":224675,"date":"2025-11-08T07:15:14","date_gmt":"2025-11-08T07:15:14","guid":{"rendered":"https:\/\/www.europesays.com\/es\/224675\/"},"modified":"2025-11-08T07:15:14","modified_gmt":"2025-11-08T07:15:14","slug":"cortada-la-bi-30-en-sentido-cruces-por-un-accidente-multiple-a-la-altura-de-sondika","status":"publish","type":"post","link":"https:\/\/www.europesays.com\/es\/224675\/","title":{"rendered":"Cortada la BI-30, en sentido Cruces, por un accidente m\u00faltiple a la altura de Sondika"},"content":{"rendered":"<p>                            <img loading=\"lazy\" decoding=\"async\" src=\"https:\/\/www.europesays.com\/es\/wp-content\/uploads\/2025\/11\/393d90a3-957b-4b1b-8224-3b389b5adf94_16-9-aspect-ratio_default_0.jpg\" alt=\"Retenciones en la BI-30, en sentido Cruces, por un accidente m\u00faltiple a la altura de Sondika\" width=\"880\" height=\"495\" title=\"Retenciones en la BI-30, en sentido Cruces, por un accidente m\u00faltiple a la altura de Sondika\" style=\"height:auto;\"\/><\/p>\n<p class=\"article-photo__footer\">\n        Retenciones en la BI-30, en sentido Cruces, por un accidente m\u00faltiple a la altura de Sondika<br \/>\n                    BV\n            <\/p>\n<p class=\"article-body__text article-body__text--entry article-body__text-middle\">\n        Un accidente de tr\u00e1fico en La Avanzada, a la altura de Leioa, ha generado retenciones direcci\u00f3n Sopela. Moment\u00e1neamente se ha cortado un carril. No son las \u00fanicas retenciones de este viernes en las carreteras vizcainas. El accidente de un cami\u00f3n que ha hecho la tijera a la altura de <a href=\"https:\/\/www.deia.eus\/uribe-txorierri-mungialdea\/sondika\/\" title=\"Sondika\" class=\"link copy\" rel=\"nofollow noopener\" target=\"_blank\">Sondika <\/a><strong>ha generado importantes retenciones en el Txorierri en sentido Cruces<\/strong>. El siniestro ha tenido lugar poco antes de las 13.00 horas en la BI-30 (N-637) a la altura de Sondika. El cami\u00f3n ha ocupado tres de los cuatro carriles de la v\u00eda en sentido Cruces. En este momento el tr\u00e1fico est\u00e1 siendo regulado en la zona y solo se ha permitido el paso por un carril, lo que ha causado importantes retenciones que se manten\u00edan en la zona hasta dos horas y media despu\u00e9s.\n<\/p>\n<p><a class=\"ql-advanced-link link copy\" href=\"https:\/\/www.bizkaimove.eus\/bm\/inicio.html\" rel=\"nofollow noopener\" target=\"_blank\" data-value=\"{\" type=\"\" el=\"\" estado=\"\" del=\"\" tr=\"\" d>Consulta el estado del tr\u00e1fico<\/a><\/p>\n<p class=\"article-body__text \">\n        Por otro lado, un accidente de tr\u00e1fico a la altura de los t\u00faneles de Malmas\u00edn ha generado retenciones kilom\u00e9tricas direcci\u00f3n Bilbao que en torno a las 15.00 horas de este vierne<strong>s rondaban los siete kil\u00f3metros<\/strong>.<\/p>\n","protected":false},"excerpt":{"rendered":"Retenciones en la BI-30, en sentido Cruces, por un accidente m\u00faltiple a la altura de Sondika BV Un&hellip;\n","protected":false},"author":2,"featured_media":224676,"comment_status":"","ping_status":"","sticky":false,"template":"","format":"standard","meta":{"footnotes":""},"categories":[8],"tags":[1881,59427,17,18,20500,20829,25,24,13,14,11,19,20,59428,9,10,15,16,7444,23,12,21,22],"class_list":{"0":"post-224675","1":"post","2":"type-post","3":"status-publish","4":"format-standard","5":"has-post-thumbnail","7":"category-espana","8":"tag-1881","9":"tag-bi","10":"tag-breaking-news","11":"tag-breakingnews","12":"tag-cortada","13":"tag-cruces","14":"tag-es","15":"tag-espana","16":"tag-featured-news","17":"tag-featurednews","18":"tag-headlines","19":"tag-latest-news","20":"tag-latestnews","21":"tag-malmasin","22":"tag-news","23":"tag-noticias","24":"tag-noticias-destacadas","25":"tag-noticiasdestacadas","26":"tag-sentido","27":"tag-spain","28":"tag-titulares","29":"tag-ultimas-noticias","30":"tag-ultimasnoticias"},"share_on_mastodon":{"url":"https:\/\/pubeurope.com\/@es\/115512851043955947","error":""},"_links":{"self":[{"href":"https:\/\/www.europesays.com\/es\/wp-json\/wp\/v2\/posts\/224675","targetHints":{"allow":["GET"]}}],"collection":[{"href":"https:\/\/www.europesays.com\/es\/wp-json\/wp\/v2\/posts"}],"about":[{"href":"https:\/\/www.europesays.com\/es\/wp-json\/wp\/v2\/types\/post"}],"author":[{"embeddable":true,"href":"https:\/\/www.europesays.com\/es\/wp-json\/wp\/v2\/users\/2"}],"replies":[{"embeddable":true,"href":"https:\/\/www.europesays.com\/es\/wp-json\/wp\/v2\/comments?post=224675"}],"version-history":[{"count":0,"href":"https:\/\/www.europesays.com\/es\/wp-json\/wp\/v2\/posts\/224675\/revisions"}],"wp:featuredmedia":[{"embeddable":true,"href":"https:\/\/www.europesays.com\/es\/wp-json\/wp\/v2\/media\/224676"}],"wp:attachment":[{"href":"https:\/\/www.europesays.com\/es\/wp-json\/wp\/v2\/media?parent=224675"}],"wp:term":[{"taxonomy":"category","embeddable":true,"href":"https:\/\/www.europesays.com\/es\/wp-json\/wp\/v2\/categories?post=224675"},{"taxonomy":"post_tag","embeddable":true,"href":"https:\/\/www.europesays.com\/es\/wp-json\/wp\/v2\/tags?post=224675"}],"curies":[{"name":"wp","href":"https:\/\/api.w.org\/{rel}","templated":true}]}}