{"id":224681,"date":"2025-11-08T07:24:10","date_gmt":"2025-11-08T07:24:10","guid":{"rendered":"https:\/\/www.europesays.com\/es\/224681\/"},"modified":"2025-11-08T07:24:10","modified_gmt":"2025-11-08T07:24:10","slug":"huertas-savignani-reencuentro-con-roles-muy-distintos-en-el-partido-entre-la-laguna-y-san-pablo","status":"publish","type":"post","link":"https:\/\/www.europesays.com\/es\/224681\/","title":{"rendered":"Huertas-Savignani, reencuentro con roles muy distintos en el partido entre La Laguna y San Pablo"},"content":{"rendered":"<p>Las vidas de los deportistas profesionales se entrelazan continuamente. Ya sea porque comparten equipo, coinciden en torneos o se cruzan como rivales, los jugadores de baloncesto se suelen ver las caras a menudo sobre el parqu\u00e9. Sin embargo, el caso de Bruno Savignani y Marcelinho Huertas es tan curioso como singular, pues han pasado de ser compa\u00f1eros de equipo a enfrentarse uno como entrenador y otro como jugador.<\/p>\n<p>El choque que medir\u00e1 ma\u00f1ana al Laguna Tenerife y al Recoletas Salud <a href=\"https:\/\/www.diariodeburgos.es\/seccion\/san+pablo+burgos\" target=\"_blank\" rel=\"nofollow noopener\">San Pablo Burgos<\/a> tendr\u00e1 un reencuentro especial. Savignani y Huertas se conocen muy bien de los albores de sus carreras y tambi\u00e9n de la selecci\u00f3n brasile\u00f1a. Comparten nacionalidad y una buena relaci\u00f3n, pero ma\u00f1ana ser\u00e1n rivales y cada uno tratar\u00e1 de dirigir a sus equipos de la mejor manera posible. Savignani lo har\u00e1 desde el banquillo y Huertas, desde la cancha.<\/p>\n<p>A sus 43 a\u00f1os, Savignani es uno de los entrenadores m\u00e1s j\u00f3venes de la ACB, mientras que Huertas es el jugador m\u00e1s veterano de la competici\u00f3n con 42 primaveras. Sus carreras profesionales han seguido caminos diferentes, pero se han ido entrelazando a lo largo de los a\u00f1os. Hace m\u00e1s de dos d\u00e9cadas, Savignani jugaba en el Esporte Clube Pinheiros y ah\u00ed coincidi\u00f3 con un joven Huertas que ya comenzaba a despuntar.\u00a0<\/p>\n<p>Despu\u00e9s, el hoy entrenador del San Pablo dio el salto al baloncesto europeo y acab\u00f3 volviendo a Brasil, donde con solo 31 a\u00f1os decidi\u00f3 reconducir su trayectoria y empezar a prepararse como t\u00e9cnico. Se fue haciendo un nombre en su pa\u00eds, volvi\u00f3 a cruzar el charco como t\u00e9cnico ayudante y acab\u00f3 encontrando la oportunidad de ser primera espada en el Real Betis. De ah\u00ed, pas\u00f3 a hacer historia con el San Pablo y ma\u00f1ana se cruzar\u00e1 con su amigo, que todav\u00eda sigue dando cl\u00ednics sobre la pista.<\/p>\n<p>Huertas tambi\u00e9n dio el salto a Europa y ha jugado en algunos de los mejores clubes del &#8216;viejo continente&#8217; a lo largo de su dilatada trayectoria. Adem\u00e1s, lleg\u00f3 a competir en la NBAcon Los \u00c1ngeles Lakers antes de regresar a Espa\u00f1a. En las \u00faltimas siete temporadas, se ha asentado en el Laguna Tenerife hasta convertirse en uno de los jugadores m\u00e1s determinantes de la Liga Endesa. \u00abSi le dejas que est\u00e9 en la zona de confort, te saca a bailar y te va a pulir cada vez que tenga el bal\u00f3n en la mano o juegue el &#8216;pick&amp;roll&#8217;\u00bb, avisa Savignani, que le conoce muy bien.<\/p>\n<p>No hay que olvidar que el entrenador del San Pablo era hasta este verano entrenador ayudante de la selecci\u00f3n brasile\u00f1a y ah\u00ed coincidi\u00f3 mucho con Huertas. De hecho, guardan una muy buena relaci\u00f3n y Savignani se deshace en halagos hacia su compatriota: \u00abPodr\u00eda hablar de \u00e9l una hora, al igual que de Shermadini. Son muy dif\u00edciles de parar, pero hay que minimizar lo que generan\u00bb.<\/p>\n<p>Ma\u00f1ana, m\u00e1s de dos d\u00e9cadas despu\u00e9s de compartir vestuario en el Pinheiro brasile\u00f1o, Savignani y Huertas se volver\u00e1n a cruzar con la diferencia de que esta vez ser\u00e1n adversarios y uno estar\u00e1 sobre la pista y otro en el banquillo.\u00a0<\/p>\n<p><strong>El partido.<\/strong> M\u00e1s all\u00e1 del reencuentro entre los dos brasile\u00f1os, el partido de ma\u00f1ana -20.00 horas- entre el San Pablo y el Tenerife ser\u00e1 un nuevo desaf\u00edo para los burgaleses y lo afrontar\u00e1n con la duda de Dani D\u00edez, quien sigue con molestias en el dedo me\u00f1ique de su mano izquierda. As\u00ed lo confirm\u00f3 ayer durante su comparecencia ante los medios Savignani, quien habl\u00f3 de una evoluci\u00f3n positiva en la dolencia de Luke Fischer en la rodilla.<\/p>\n","protected":false},"excerpt":{"rendered":"Las vidas de los deportistas profesionales se entrelazan continuamente. Ya sea porque comparten equipo, coinciden en torneos o&hellip;\n","protected":false},"author":2,"featured_media":224682,"comment_status":"","ping_status":"","sticky":false,"template":"","format":"standard","meta":{"footnotes":""},"categories":[269],"tags":[299,298,3216,14681,36908,168,25,24,831,665,5679,3919,23,167,1370],"class_list":{"0":"post-224681","1":"post","2":"type-post","3":"status-publish","4":"format-standard","5":"has-post-thumbnail","7":"category-baloncesto","8":"tag-baloncesto","9":"tag-basketball","10":"tag-brasil","11":"tag-bruno-savignani","12":"tag-dani-diez","13":"tag-deportes","14":"tag-es","15":"tag-espana","16":"tag-liga-acb","17":"tag-liga-endesa","18":"tag-los-angeles-lakers","19":"tag-san-pablo-burgos","20":"tag-spain","21":"tag-sports","22":"tag-tenerife"},"share_on_mastodon":{"url":"https:\/\/pubeurope.com\/@es\/115512886202552671","error":""},"_links":{"self":[{"href":"https:\/\/www.europesays.com\/es\/wp-json\/wp\/v2\/posts\/224681","targetHints":{"allow":["GET"]}}],"collection":[{"href":"https:\/\/www.europesays.com\/es\/wp-json\/wp\/v2\/posts"}],"about":[{"href":"https:\/\/www.europesays.com\/es\/wp-json\/wp\/v2\/types\/post"}],"author":[{"embeddable":true,"href":"https:\/\/www.europesays.com\/es\/wp-json\/wp\/v2\/users\/2"}],"replies":[{"embeddable":true,"href":"https:\/\/www.europesays.com\/es\/wp-json\/wp\/v2\/comments?post=224681"}],"version-history":[{"count":0,"href":"https:\/\/www.europesays.com\/es\/wp-json\/wp\/v2\/posts\/224681\/revisions"}],"wp:featuredmedia":[{"embeddable":true,"href":"https:\/\/www.europesays.com\/es\/wp-json\/wp\/v2\/media\/224682"}],"wp:attachment":[{"href":"https:\/\/www.europesays.com\/es\/wp-json\/wp\/v2\/media?parent=224681"}],"wp:term":[{"taxonomy":"category","embeddable":true,"href":"https:\/\/www.europesays.com\/es\/wp-json\/wp\/v2\/categories?post=224681"},{"taxonomy":"post_tag","embeddable":true,"href":"https:\/\/www.europesays.com\/es\/wp-json\/wp\/v2\/tags?post=224681"}],"curies":[{"name":"wp","href":"https:\/\/api.w.org\/{rel}","templated":true}]}}