{"id":224687,"date":"2025-11-08T07:27:08","date_gmt":"2025-11-08T07:27:08","guid":{"rendered":"https:\/\/www.europesays.com\/es\/224687\/"},"modified":"2025-11-08T07:27:08","modified_gmt":"2025-11-08T07:27:08","slug":"la-explosiva-obra-de-ciria-llega-a-distrito-001","status":"publish","type":"post","link":"https:\/\/www.europesays.com\/es\/224687\/","title":{"rendered":"la explosiva obra de Ciria llega a Distrito 001"},"content":{"rendered":"<p>La galer\u00eda Distrito 001 presenta Fuego y Silencio, una exposici\u00f3n que explora el universo interior de Ciria y traza un juego entre lo conceptual y la experimentaci\u00f3n<\/p>\n<p>A trav\u00e9s de un recorrido que confronta tres de sus series mediante<strong> s\u00edmbolos, geometr\u00edas<\/strong> y <strong>caos pict\u00f3rico<\/strong>, la obra de <strong>Jos\u00e9 Manuel Ciria<\/strong>, uno de los referentes contempor\u00e1neos y abstractos de la pintura espa\u00f1ola, es una suerte de explosi\u00f3n del color en capas, gestos y brochazos.<\/p>\n<p>\u201cCada trazo es una huella y cada accidente, una memoria\u201d, as\u00ed describe el artista su experiencia creativa, el proceso y la proyecci\u00f3n de las ideas en el soporte f\u00edsico, la tensi\u00f3n entre el orden y el caos. En un despliegue de <strong>una decena de obras<\/strong> -la mayor\u00eda de <strong>gran formato<\/strong>&#8211; los lienzos atraviesan su trayectoria de los \u00faltimos a\u00f1os, con gui\u00f1os a sus creaciones m\u00e1s cl\u00e1sicas e investigaciones iconogr\u00e1ficas que remiten a las entra\u00f1as de la pintura misma.<\/p>\n<p>Sin embargo, no todo es gesto y color: tras ellos, <strong>algunas obras esconden fondos figurativos, trazos a l\u00e1piz<\/strong>, una espontaneidad casi meditada, un sinf\u00edn de sacudidas, pinceladas en\u00e9rgicas y contradicciones.<\/p>\n<p>Desde la reminiscencia a su cl\u00e1sica M\u00e1scaras de la mirada, pasando por Procesos o Psicopompos, el alma de sus pinturas reside en la <strong>b\u00fasqueda de la autenticidad<\/strong> y en la interpretaci\u00f3n del espectador, en la apuesta por la capacidad parlante de la pintura sin necesidad alguna de palabras, explicaciones ni intermediarios.<\/p>\n<p>Sus obras consolidan un lenguaje propio y se alimentan de las tensiones de la experiencia y la creatividad humana: la geometr\u00eda y la mancha, lo emocional y lo racional, la disciplina y el azar,<strong> la calma y el caos<\/strong>. Son una experiencia f\u00edsica, un acercamiento a la pureza de la pintura, un manifiesto de persistencia en un oc\u00e9ano caracterizado por la volatilidad de las im\u00e1genes contempor\u00e1neas.<\/p>\n<p>Fuego y silencio, que puede visitarse en la galer\u00eda Distrito 001 ubicada en Goya 44 <strong>hasta el 10 de diciembre<\/strong>, es una experiencia en la que uno debe sumergirse al completo para sentir y comprender, para dialogar con el lienzo y participar de la obra en s\u00ed misma, generar una nueva tensi\u00f3n; una dicotom\u00eda entre el objeto art\u00edstico y el espectador.<\/p>\n<p>A trav\u00e9s de esta muestra, Jos\u00e9 Manuel Ciria ha terminado de consagrar su constante <strong>reflexi\u00f3n sobre el acto pict\u00f3rico<\/strong> y la experimentaci\u00f3n con sus obras como huella, testimonio y s\u00edmbolo de transformaci\u00f3n y permanencia.<\/p>\n","protected":false},"excerpt":{"rendered":"La galer\u00eda Distrito 001 presenta Fuego y Silencio, una exposici\u00f3n que explora el universo interior de Ciria y&hellip;\n","protected":false},"author":2,"featured_media":224688,"comment_status":"","ping_status":"","sticky":false,"template":"","format":"standard","meta":{"footnotes":""},"categories":[173],"tags":[229,233,231,230,232,234,146,147,25,24,23],"class_list":{"0":"post-224687","1":"post","2":"type-post","3":"status-publish","4":"format-standard","5":"has-post-thumbnail","7":"category-arte-y-diseno","8":"tag-arte","9":"tag-arte-y-diseno","10":"tag-arts","11":"tag-arts-and-design","12":"tag-design","13":"tag-diseno","14":"tag-entertainment","15":"tag-entretenimiento","16":"tag-es","17":"tag-espana","18":"tag-spain"},"share_on_mastodon":{"url":"https:\/\/pubeurope.com\/@es\/115512897881046394","error":""},"_links":{"self":[{"href":"https:\/\/www.europesays.com\/es\/wp-json\/wp\/v2\/posts\/224687","targetHints":{"allow":["GET"]}}],"collection":[{"href":"https:\/\/www.europesays.com\/es\/wp-json\/wp\/v2\/posts"}],"about":[{"href":"https:\/\/www.europesays.com\/es\/wp-json\/wp\/v2\/types\/post"}],"author":[{"embeddable":true,"href":"https:\/\/www.europesays.com\/es\/wp-json\/wp\/v2\/users\/2"}],"replies":[{"embeddable":true,"href":"https:\/\/www.europesays.com\/es\/wp-json\/wp\/v2\/comments?post=224687"}],"version-history":[{"count":0,"href":"https:\/\/www.europesays.com\/es\/wp-json\/wp\/v2\/posts\/224687\/revisions"}],"wp:featuredmedia":[{"embeddable":true,"href":"https:\/\/www.europesays.com\/es\/wp-json\/wp\/v2\/media\/224688"}],"wp:attachment":[{"href":"https:\/\/www.europesays.com\/es\/wp-json\/wp\/v2\/media?parent=224687"}],"wp:term":[{"taxonomy":"category","embeddable":true,"href":"https:\/\/www.europesays.com\/es\/wp-json\/wp\/v2\/categories?post=224687"},{"taxonomy":"post_tag","embeddable":true,"href":"https:\/\/www.europesays.com\/es\/wp-json\/wp\/v2\/tags?post=224687"}],"curies":[{"name":"wp","href":"https:\/\/api.w.org\/{rel}","templated":true}]}}