{"id":224691,"date":"2025-11-08T07:30:31","date_gmt":"2025-11-08T07:30:31","guid":{"rendered":"https:\/\/www.europesays.com\/es\/224691\/"},"modified":"2025-11-08T07:30:31","modified_gmt":"2025-11-08T07:30:31","slug":"aitana-no-puedo-evitar-meterme-en-berenjenales-cultura","status":"publish","type":"post","link":"https:\/\/www.europesays.com\/es\/224691\/","title":{"rendered":"Aitana: \u201cNo puedo evitar meterme en berenjenales\u201d | Cultura"},"content":{"rendered":"<p class=\"\">Apenas a unos pocos kil\u00f3metros de lo que hace un a\u00f1o era pura desolaci\u00f3n, todo es novedad. La coraza multicolor del <a href=\"https:\/\/elpais.com\/deportes\/baloncesto\/2025-09-02\/un-millon-de-personas-pasaran-por-el-roig-arena-de-valencia-en-el-primer-ano.html\" target=\"_self\" rel=\"nofollow noopener\" title=\"https:\/\/elpais.com\/deportes\/baloncesto\/2025-09-02\/un-millon-de-personas-pasaran-por-el-roig-arena-de-valencia-en-el-primer-ano.html\">Roig Arena,<\/a> recinto inaugurado hace solo un par de meses, se prepara apara acoger a 18.000 personas que podr\u00e1n disfrutar en directo de una nueva edici\u00f3n de Los 40 Music Awards Santander. A buen seguro no hay ciudad que necesitara m\u00e1s esta clase de citas musicales que Valencia, que adem\u00e1s est\u00e1 de enhorabuena por contar con un recinto concebido expresamente para la m\u00fasica en directo y para el baloncesto, y que cuenta con una tecnolog\u00eda puntera en Europa. <\/p>\n<p class=\"\">Es la primera vez que se celebra en Valencia esta cita. Las entradas se agotaron hace meses y en tan solo 90 minutos, lo que da una idea del inter\u00e9s suscitado por la gala anual que la radio musical del Grupo Prisa (editor de EL PA\u00cdS) viene celebrando desde hace casi 20 a\u00f1os: la primera edici\u00f3n fue en 2006, en lo que ahora es el Movistar Arena. <a href=\"https:\/\/elpais.com\/cultura\/2025-10-14\/aitana-revela-las-primeras-fechas-de-su-gira-mundial-para-2026.html\" target=\"_self\" rel=\"nofollow noopener\" title=\"https:\/\/elpais.com\/cultura\/2025-10-14\/aitana-revela-las-primeras-fechas-de-su-gira-mundial-para-2026.html\">Entonces Aitana<\/a> solo contaba siete primaveras. Hoy cuenta nada menos que 31 nominaciones a los premios de Los 40, r\u00e9cord absoluto entre los m\u00fasicos que esta noche se citan en Valencia. Son Pablo Albor\u00e1n y Shakira quienes encabezan el ranking de premios hist\u00f3rico, con 12 cada uno.<\/p>\n<p class=\"\">Hablamos con Aitana, justo despu\u00e9s de su ensayo de ayer:<\/p>\n<p class=\"\"><b>Pregunta.<\/b> En 2006, cuando se celebr\u00f3 la primera entrega de Los 40 Awards, ten\u00eda siete a\u00f1os. Ahora tiene 26 y el mayor n\u00famero de nominaciones hist\u00f3rico, 31. \u00bfNo siente v\u00e9rtigo?<\/p>\n<p class=\"\"><b>Respuesta.<\/b> Pues no sab\u00eda eso. La verdad es que ni cuento las nominaciones. Pero siempre que he sido nominada, en cualquier categor\u00eda, me ha hecho mucha ilusi\u00f3n. Me supo mal no poder acudir el a\u00f1o pasado, que se celebr\u00f3 en mi tierra, en Barcelona. Pero necesitaba descansar a nivel personal y mental. Lo he ido contando en los \u00faltimos meses. Es el \u00fanico a\u00f1o que no fui. Y ya lo echaba de menos.<\/p>\n<p class=\"\"><b>P.<\/b> Creo que Cuarto Azul (2025), su cuarto \u00e1lbum, incide en el pop electr\u00f3nico que ya pon\u00eda en pr\u00e1ctica en Alpha (2023). \u00bfEs el synth pop el estilo en el que se siente definitivamente m\u00e1s c\u00f3moda?<\/p>\n<p class=\"\"><b>R.<\/b> No creo que sea tan electr\u00f3nico, en realidad. Alpha lo era m\u00e1s. Creo que este es m\u00e1s contempor\u00e1neo, en el sentido de que tiene un poco de todo. M\u00e1s reflexivo, m\u00e1s personal\u2026 Tiene muchos sintetizadores, pero es m\u00e1s lento, en realidad. Me gusta mucho ir cambiando. Dentro del pop, que es el g\u00e9nero que m\u00e1s me gusta.<\/p>\n<p class=\"\"><b>P.<\/b> Antes estaba un poco feo decir que lo pasabas mal si eras un m\u00fasico joven de \u00e9xito: ahora pasa casi al contrario, \u00bfno? <\/p>\n<p class=\"\"><b>R.<\/b> A m\u00ed me ha pasado que teniendo el trabajo de mis sue\u00f1os y teniendo salud\u2026 No entend\u00eda por qu\u00e9, si lo ten\u00eda todo, me costaba levantarme de la cama. \u00bfC\u00f3mo es posible sentir esa tristeza sin ning\u00fan sentido aparente? Antes de que te lo diagnostiquen, es dif\u00edcil entenderlo. <\/p>\n<p class=\"\"><b>P.<\/b> \u00bfCree que es algo generacional?<\/p>\n<p class=\"\"><b>R.<\/b> No creo que sea algo generacional. Yo en aquel momento no quer\u00eda contarlo, pero justo en ese momento est\u00e1bamos grabando el documental con Netflix y, aunque no hablamos de depresi\u00f3n como tal en \u00e9l porque al terminar fue justo cuando me la diagnosticaron, yo ya la sent\u00eda. Gente de mi entorno lo ve\u00eda, pero sent\u00edan que no eran qui\u00e9nes para dec\u00edrmelo. Al hacer ya la promoci\u00f3n, lo cont\u00e9. Me daba miedo hacer la promoci\u00f3n de Metamorfosis y que me temblaran las manos en la alfombra roja o se me notara algo. Estaba en ese proceso. Me hac\u00eda sentir m\u00e1s segura el contarlo. Cuando no lo explicas, la gente no lo puede entender. Son cosas que no puedes controlar. Poder compartirlo puede venir, yo siempre lo he compartido todo mucho. Siempre he sido muy natural.<\/p>\n<p class=\"\"><b>P.<\/b> \u00bfHa aprendido a guardarse cosas, para no pillarse los dedos?<\/p>\n<p class=\"\"><b>R. <\/b>Influyen much\u00edsimas cosas. Entre ellas, el clickbait. Me estresa un poco pensar eso de a ver qu\u00e9 van a poner de titular. Sabes que cualquier cosa se puede tergiversar o manipular. Y el problema es que mucha gente no entra ni a leer la entrevista. No pasan del titular. No llegan al contenido de lo que hemos hablado. As\u00ed que hay cosas que intento decirlas de otra manera. Pero, bueno, al final no puedo evitar meterme en berenjenales.<\/p>\n<p class=\"\"><b>P.<\/b> \u00bfLe resulta f\u00e1cil mantener la amistad con lo mucho que ha cambiado su vida?<\/p>\n<p class=\"\"><b>R.<\/b> Hay muchas cosas que han cambiado, est\u00e1 claro, pero siempre tratamos de buscar huecos. Igual que cuidas a tu familia, tus amigos son tu familia elegida. Es importante cuidarlos. Vivo en Madrid, y me resulta un poco m\u00e1s f\u00e1cil hacer planes con mis amigos de Madrid de los \u00faltimos ocho a\u00f1os que con mis amigos de Barcelona, porque al final cada uno y una tiene su vida tambi\u00e9n: no es cuando yo puedo, ellas pueden, ni much\u00edsimo menos. Tenemos que intentar cuadrarlo entre todas.<\/p>\n<p><img alt=\"Gira mundial Aitana 2026\" decoding=\"auto\" class=\"_re lazyload a_m-h\" height=\"277\"  width=\"414\"  src=\"https:\/\/www.europesays.com\/es\/wp-content\/uploads\/2025\/11\/WUORQJYYFVB2PK4SFAOED3JXUE.jpg\" loading=\"lazy\"\/>Aitana, durante su actuaci\u00f3n en el estadio Metropolitano de Madrid, el 31 de julio pasado. Aldara Zarraoa (Redferns\/Getty)<\/p>\n<p class=\"\"><b>P.<\/b> \u00bfC\u00f3mo lleva cuando los medios hablan de su vida privada, es decir, de sus parejas y su vida sentimental, y no de la m\u00fasica?<\/p>\n<p class=\"\"><b>R.<\/b> Ahora estoy mucho m\u00e1s tranquila en ese aspecto. Tampoco soy una persona que cuente toda su vida, pero he acabado aceptando que, cuando lo asumes con m\u00e1s naturalidad, los medios tampoco est\u00e1n tan pendientes. S\u00ed que es verdad que, cuando me guardaba m\u00e1s cosas personales, la prensa estaba m\u00e1s encima. Creo que hemos encontrado un equilibrio, entre mi tranquilidad personal y el inter\u00e9s de la prensa por esos asuntos.<\/p>\n<p class=\"\"><b>P. <\/b>Volviendo a la m\u00fasica: su \u00faltimo disco tiene 19 canciones, pero he le\u00eddo que lleg\u00f3 a escribir 70. \u00bfSe guarda los descartes para un pr\u00f3ximo trabajo?<\/p>\n<p class=\"\"><b>R.<\/b> No. Vas haciendo, vas tirando de muchas ideas, pero muchas no las preservas. Al final, no eres un robot, sino que vas probando muchas, y hay algunas que no encajan en seg\u00fan qu\u00e9 tipo de \u00e1lbum. No pienso en grabar ninguna de esas maquetas. Quiero empezar de nuevo, probar cosas nuevas. Estoy en un proceso de ver para d\u00f3nde tiro ahora, porque quiero tomarme mi tiempo para el quinto disco. Un tiempo largo, porque quiero que sea muy especial. En 2026 me viene una gira enorme y despu\u00e9s voy a tom\u00e1rmelo con calma. Quiero luego experimentar, ver, componer mucho\u2026 prueba y error.<\/p>\n<p class=\"\"><b>P.<\/b> \u00bfQu\u00e9 supone el directo para usted? Entiendo que debe de tener algo de adicci\u00f3n. Y en su caso, adem\u00e1s, con un p\u00fablico extremadamente intergeneracional: ni\u00f1os, adolescentes, padres y abuelos.<\/p>\n<p class=\"\"><b>R.<\/b> Es lo que m\u00e1s me gusta. Lo echas de menos cuando llevas tiempo sin actividad. Aunque tambi\u00e9n me gusta organizarme las giras sin pasar demasiado tiempo fuera de casa. Nunca estoy m\u00e1s de un mes fuera de casa, me cuesta mucho. Y me encanta tener todo tipo de p\u00fablico, de todas las edades. Quiz\u00e1 haya gente que lo subestime, pero captar la atenci\u00f3n de un cr\u00edo o una cr\u00eda es complicad\u00edsimo.<\/p>\n<p>Rosal\u00eda y Ed Shheran, los otros focos de la gala<\/p>\n<p class=\"\">El otro foco de Los 40 Music Awards Santander estar\u00e1 en Rosal\u00eda, la artista espa\u00f1ola de mayor repercusi\u00f3n global. Principalmente porque este viernes <a href=\"https:\/\/elpais.com\/cultura\/2025-11-05\/critica-de-lux-rosalia-rompe-las-costuras-del-pop-con-un-salto-al-vacio-intenso-y-fascinante.html\" target=\"_self\" rel=\"nofollow noopener\" title=\"https:\/\/elpais.com\/cultura\/2025-11-05\/critica-de-lux-rosalia-rompe-las-costuras-del-pop-con-un-salto-al-vacio-intenso-y-fascinante.html\">estrena material de Lux<\/a> (2025), su esperado cuarto \u00e1lbum. Un trabajo en el que vuelve a fundir con maestr\u00eda el art pop, la m\u00fasica cl\u00e1sica y el flamenco en 18 canciones con las colaboraciones de Bj\u00f6rk, Yves Tumor, S\u00edlvia P\u00e9rez Cruz, Carminho, Estrella Morente o Yahritza. <\/p>\n<p class=\"\"><a href=\"https:\/\/elpais.com\/cultura\/2025-09-12\/ed-sheeran-lanza-su-nuevo-album-play.html\" target=\"_self\" rel=\"nofollow noopener\" title=\"https:\/\/elpais.com\/cultura\/2025-09-12\/ed-sheeran-lanza-su-nuevo-album-play.html\">Ed Sheeran<\/a>, Myles Smith, la propia Aitana, Dani Fern\u00e1ndez, Dani Mart\u00edn, Quevedo, Feid, Bad Bunny, Be\u00e9le, Emilia, Kapo, Mora, Morat, Rauw Alejandro, Karol G, Lola Indigo y Sebasti\u00e1n Yatra encabezan las nominaciones a los premios.<\/p>\n<p class=\"\">LOS40 Music Awards Santander 2025 arrancar\u00e1n a las seis de la tarde con la preceptiva alfombra roja, desde donde Cris Regatero, Karin Herrero, Aitana Jerez y David \u00c1lvarez presentar\u00e1n El Preshow. Este programa especial, con entrevistas desenfadadas a los principales invitados a su llegada al evento, podr\u00e1 disfrutarse en exclusiva en el canal de YouTube de la emisora, y la gala podr\u00e1 disfrutarse ya a partir de las 20:30, con la conducci\u00f3n de Tony Aguilar, Cristina Bosc\u00e1 y Dani Moreno, El Gallo, a trav\u00e9s de la web, la app y el canal de YouTube de LOS40, as\u00ed como en Divinity y Mediaset Infinity. El domingo 9 de noviembre, desde las 8 de la ma\u00f1ana, Divinity emitir\u00e1 una redifusi\u00f3n del evento.<\/p>\n","protected":false},"excerpt":{"rendered":"Apenas a unos pocos kil\u00f3metros de lo que hace un a\u00f1o era pura desolaci\u00f3n, todo es novedad. La&hellip;\n","protected":false},"author":2,"featured_media":224692,"comment_status":"","ping_status":"","sticky":false,"template":"","format":"standard","meta":{"footnotes":""},"categories":[170],"tags":[5521,3061,209,146,147,25,24,16464,52148,184,185,23],"class_list":{"0":"post-224691","1":"post","2":"type-post","3":"status-publish","4":"format-standard","5":"has-post-thumbnail","7":"category-musica","8":"tag-aitana-ocana","9":"tag-cantantes","10":"tag-cultura","11":"tag-entertainment","12":"tag-entretenimiento","13":"tag-es","14":"tag-espana","15":"tag-los40","16":"tag-los40-music-awards","17":"tag-music","18":"tag-musica","19":"tag-spain"},"share_on_mastodon":{"url":"https:\/\/pubeurope.com\/@es\/115512909970173438","error":""},"_links":{"self":[{"href":"https:\/\/www.europesays.com\/es\/wp-json\/wp\/v2\/posts\/224691","targetHints":{"allow":["GET"]}}],"collection":[{"href":"https:\/\/www.europesays.com\/es\/wp-json\/wp\/v2\/posts"}],"about":[{"href":"https:\/\/www.europesays.com\/es\/wp-json\/wp\/v2\/types\/post"}],"author":[{"embeddable":true,"href":"https:\/\/www.europesays.com\/es\/wp-json\/wp\/v2\/users\/2"}],"replies":[{"embeddable":true,"href":"https:\/\/www.europesays.com\/es\/wp-json\/wp\/v2\/comments?post=224691"}],"version-history":[{"count":0,"href":"https:\/\/www.europesays.com\/es\/wp-json\/wp\/v2\/posts\/224691\/revisions"}],"wp:featuredmedia":[{"embeddable":true,"href":"https:\/\/www.europesays.com\/es\/wp-json\/wp\/v2\/media\/224692"}],"wp:attachment":[{"href":"https:\/\/www.europesays.com\/es\/wp-json\/wp\/v2\/media?parent=224691"}],"wp:term":[{"taxonomy":"category","embeddable":true,"href":"https:\/\/www.europesays.com\/es\/wp-json\/wp\/v2\/categories?post=224691"},{"taxonomy":"post_tag","embeddable":true,"href":"https:\/\/www.europesays.com\/es\/wp-json\/wp\/v2\/tags?post=224691"}],"curies":[{"name":"wp","href":"https:\/\/api.w.org\/{rel}","templated":true}]}}