{"id":224709,"date":"2025-11-08T07:41:08","date_gmt":"2025-11-08T07:41:08","guid":{"rendered":"https:\/\/www.europesays.com\/es\/224709\/"},"modified":"2025-11-08T07:41:08","modified_gmt":"2025-11-08T07:41:08","slug":"muere-el-descubridor-de-la-estructura-del-adn-james-watson-a-los-97-anos-sociedad","status":"publish","type":"post","link":"https:\/\/www.europesays.com\/es\/224709\/","title":{"rendered":"Muere el descubridor de la estructura del ADN, James Watson, a los 97 a\u00f1os | Sociedad"},"content":{"rendered":"<p>James D. Watson, uno de los cient\u00edficos m\u00e1s influyentes y controvertidos del siglo XX, ha fallecido esta semana en un hospicio de Long Island a los 97 a\u00f1os, seg\u00fan ha confirmado su hijo al New York Times.<\/p>\n<p>Watson pas\u00f3 a la historia de la ciencia en 1953 al describir, junto a Francis Crick, la estructura de doble h\u00e9lice del ADN, el llamado \u00abmol\u00e9cula de la herencia\u00bb. Ese hallazgo no solo revolucion\u00f3 la biolog\u00eda molecular, sino que abri\u00f3 la puerta a la ingenier\u00eda gen\u00e9tica, la terapia g\u00e9nica y toda la revoluci\u00f3n biotecnol\u00f3gica que marcar\u00eda el final del siglo XX. Por ello, recibi\u00f3 el Premio Nobel de Medicina en 1962, compartido con Crick y Maurice Wilkins.<\/p>\n<p>La famosa imagen del ADN como una escalera retorcida se bas\u00f3 en datos obtenidos por la cristal\u00f3grafa Rosalind Franklin, cuya contribuci\u00f3n fue durante a\u00f1os minimizada. En su libro La doble h\u00e9lice (1968), Watson reconoc\u00eda las tensiones entre la ambici\u00f3n cient\u00edfica y el juego limpio, y retrataba a sus colegas como competidores despiadados. Crick y Wilkins criticaron duramente la obra por distorsionar la imagen de los cient\u00edficos.<\/p>\n<p>Watson, que se doctor\u00f3 en gen\u00e9tica en la Universidad de Indiana y trabaj\u00f3 en Cambridge, Harvard y Cold Spring Harbor, fue tambi\u00e9n uno de los impulsores del Proyecto Genoma Humano en los a\u00f1os noventa. En 2007 se convirti\u00f3 en la segunda persona del mundo en secuenciar su genoma completo, que hizo p\u00fablico salvo por la parte relacionada con el riesgo de padecer Alzheimer.<\/p>\n<p>Pero su legado cient\u00edfico qued\u00f3 empa\u00f1ado por sus declaraciones racistas. En 2007, dijo al Times of London que los africanos eran menos inteligentes por razones gen\u00e9ticas. Aunque pidi\u00f3 disculpas, repiti\u00f3 ideas similares en 2019, lo que provoc\u00f3 su expulsi\u00f3n definitiva de la comunidad cient\u00edfica. Tambi\u00e9n fue criticado por comentarios sexistas, aunque algunas cient\u00edficas como Nancy Hopkins reconocieron que las apoy\u00f3 en sus carreras.<\/p>\n<p>Watson deja tras de s\u00ed una huella profunda en la historia de la ciencia, marcada por un descubrimiento que cambi\u00f3 el mundo y por una personalidad que desafi\u00f3 los l\u00edmites \u00e9ticos y sociales de la investigaci\u00f3n.<\/p>\n","protected":false},"excerpt":{"rendered":"James D. Watson, uno de los cient\u00edficos m\u00e1s influyentes y controvertidos del siglo XX, ha fallecido esta semana&hellip;\n","protected":false},"author":2,"featured_media":224710,"comment_status":"","ping_status":"","sticky":false,"template":"","format":"standard","meta":{"footnotes":""},"categories":[5],"tags":[17,18,25,24,13,14,11,19,20,9,10,15,16,23,12,21,22],"class_list":{"0":"post-224709","1":"post","2":"type-post","3":"status-publish","4":"format-standard","5":"has-post-thumbnail","7":"category-titulares","8":"tag-breaking-news","9":"tag-breakingnews","10":"tag-es","11":"tag-espana","12":"tag-featured-news","13":"tag-featurednews","14":"tag-headlines","15":"tag-latest-news","16":"tag-latestnews","17":"tag-news","18":"tag-noticias","19":"tag-noticias-destacadas","20":"tag-noticiasdestacadas","21":"tag-spain","22":"tag-titulares","23":"tag-ultimas-noticias","24":"tag-ultimasnoticias"},"share_on_mastodon":{"url":"https:\/\/pubeurope.com\/@es\/115512952962029603","error":""},"_links":{"self":[{"href":"https:\/\/www.europesays.com\/es\/wp-json\/wp\/v2\/posts\/224709","targetHints":{"allow":["GET"]}}],"collection":[{"href":"https:\/\/www.europesays.com\/es\/wp-json\/wp\/v2\/posts"}],"about":[{"href":"https:\/\/www.europesays.com\/es\/wp-json\/wp\/v2\/types\/post"}],"author":[{"embeddable":true,"href":"https:\/\/www.europesays.com\/es\/wp-json\/wp\/v2\/users\/2"}],"replies":[{"embeddable":true,"href":"https:\/\/www.europesays.com\/es\/wp-json\/wp\/v2\/comments?post=224709"}],"version-history":[{"count":0,"href":"https:\/\/www.europesays.com\/es\/wp-json\/wp\/v2\/posts\/224709\/revisions"}],"wp:featuredmedia":[{"embeddable":true,"href":"https:\/\/www.europesays.com\/es\/wp-json\/wp\/v2\/media\/224710"}],"wp:attachment":[{"href":"https:\/\/www.europesays.com\/es\/wp-json\/wp\/v2\/media?parent=224709"}],"wp:term":[{"taxonomy":"category","embeddable":true,"href":"https:\/\/www.europesays.com\/es\/wp-json\/wp\/v2\/categories?post=224709"},{"taxonomy":"post_tag","embeddable":true,"href":"https:\/\/www.europesays.com\/es\/wp-json\/wp\/v2\/tags?post=224709"}],"curies":[{"name":"wp","href":"https:\/\/api.w.org\/{rel}","templated":true}]}}