{"id":224753,"date":"2025-11-08T08:17:10","date_gmt":"2025-11-08T08:17:10","guid":{"rendered":"https:\/\/www.europesays.com\/es\/224753\/"},"modified":"2025-11-08T08:17:10","modified_gmt":"2025-11-08T08:17:10","slug":"aviso-pisos-espana-jordi-marti-arquitecto-los-edificios-con-mas-de-50-anos-se-van-a-convertir-en-un-lastre-para-las-familias-si-no-hacen-algo-ahora","status":"publish","type":"post","link":"https:\/\/www.europesays.com\/es\/224753\/","title":{"rendered":"AVISO PISOS ESPA\u00d1A | Jordi Mart\u00ed, arquitecto: \u201cLos edificios con m\u00e1s de 50 a\u00f1os se van a convertir en un lastre para las familias si no hacen algo ahora\u201d"},"content":{"rendered":"<p class=\"ft-text\">El envejecimiento del parque inmobiliario nacional, unido a la falta de planificaci\u00f3n en su conservaci\u00f3n, amenaza con convertir lo que durante a\u00f1os fue un valor seguro en una carga para muchas familias Durante d\u00e9cadas<strong>, ser propietario en Espa\u00f1a ha significado estabilidad y seguridad. <\/strong>La cultura de la compra contrasta con la tendencia europea hacia el alquiler. Pero este modelo empieza a mostrar signos de agotamiento.<\/p>\n<p class=\"ft-text\"><strong>Seg\u00fan el arquitecto Jordi Mart\u00ed, \u201chay muchos edificios que se construyeron hace m\u00e1s de 50 a\u00f1os que se van a convertir en un lastre para las familias si no hacen algo ahora\u201d, <\/strong>seg\u00fan ha explicado en redes sociales.<\/p>\n<p class=\"ft-text\">En muchos casos, las fachadas carecen de aislamiento, las instalaciones resultan obsoletas y los sistemas de calefacci\u00f3n y agua caliente se han quedado atr\u00e1s en eficiencia. Esta situaci\u00f3n se traduce en <strong>un incremento constante de los gastos de electricidad, gas y mantenimiento.<\/strong><\/p>\n<p>Propietarios ante un reto urgente de conservaci\u00f3n<\/p>\n<p class=\"ft-text\">Mart\u00ed alerta de que las derramas por<strong> reparaciones y rehabilitaciones pendientes pueden poner en riesgo la econom\u00eda familiar.<\/strong> \u201cUno intenta ser propietario para asegurarse un futuro mejor, es algo muy cultural en Espa\u00f1a, pero esto le puede salir muy mal si no paran de aparecer derramas elevad\u00edsimas, gastos de electricidad, de gas&#8230;\u201d, explica. <strong>El deterioro estructural, las humedades o la p\u00e9rdida de confort<\/strong> son solo algunos de los s\u00edntomas m\u00e1s visibles de un problema que tambi\u00e9n repercute en el valor de mercado de las viviendas.<\/p>\n<p class=\"ft-text\"><strong>La vivienda, recuerda Mart\u00ed, debe entenderse como un bien vivo que necesita cuidados, actualizaciones y una gesti\u00f3n responsable. <\/strong>No se trata solo de reparar, sino de <strong>prevenir el deterioro antes de que sea demasiado tarde.<\/strong> Reformar con criterios sostenibles \u2014mejorando el aislamiento, la envolvente o las instalaciones\u2014 permite ahorrar en consumo, ganar confort y revalorizar el inmueble a largo plazo.<\/p>\n<p class=\"ft-text\">Ante este panorama<strong>, los fondos europeos del Plan de Recuperaci\u00f3n, Transformaci\u00f3n y Resiliencia (Next Generation EU)<\/strong> ofrecen una oportunidad para modernizar los edificios. Estas ayudas \u2014gestionadas por las comunidades aut\u00f3nomas\u2014 permiten subvencionar entre el 40 % y el 80 % del coste de una rehabilitaci\u00f3n energ\u00e9tica.<\/p>\n","protected":false},"excerpt":{"rendered":"El envejecimiento del parque inmobiliario nacional, unido a la falta de planificaci\u00f3n en su conservaci\u00f3n, amenaza con convertir&hellip;\n","protected":false},"author":2,"featured_media":224754,"comment_status":"","ping_status":"","sticky":false,"template":"","format":"standard","meta":{"footnotes":""},"categories":[173],"tags":[1660,839,229,233,231,230,2977,232,234,4482,59442,19614,146,147,25,24,317,4180,13417,23,3633],"class_list":{"0":"post-224753","1":"post","2":"type-post","3":"status-publish","4":"format-standard","5":"has-post-thumbnail","7":"category-arte-y-diseno","8":"tag-alemania","9":"tag-arquitecto","10":"tag-arte","11":"tag-arte-y-diseno","12":"tag-arts","13":"tag-arts-and-design","14":"tag-aviso","15":"tag-design","16":"tag-diseno","17":"tag-dv","18":"tag-edificios-viejos","19":"tag-electricidad","20":"tag-entertainment","21":"tag-entretenimiento","22":"tag-es","23":"tag-espana","24":"tag-francia","25":"tag-gas","26":"tag-jordi-marti","27":"tag-spain","28":"tag-vivienda"},"share_on_mastodon":{"url":"https:\/\/pubeurope.com\/@es\/115513094480454136","error":""},"_links":{"self":[{"href":"https:\/\/www.europesays.com\/es\/wp-json\/wp\/v2\/posts\/224753","targetHints":{"allow":["GET"]}}],"collection":[{"href":"https:\/\/www.europesays.com\/es\/wp-json\/wp\/v2\/posts"}],"about":[{"href":"https:\/\/www.europesays.com\/es\/wp-json\/wp\/v2\/types\/post"}],"author":[{"embeddable":true,"href":"https:\/\/www.europesays.com\/es\/wp-json\/wp\/v2\/users\/2"}],"replies":[{"embeddable":true,"href":"https:\/\/www.europesays.com\/es\/wp-json\/wp\/v2\/comments?post=224753"}],"version-history":[{"count":0,"href":"https:\/\/www.europesays.com\/es\/wp-json\/wp\/v2\/posts\/224753\/revisions"}],"wp:featuredmedia":[{"embeddable":true,"href":"https:\/\/www.europesays.com\/es\/wp-json\/wp\/v2\/media\/224754"}],"wp:attachment":[{"href":"https:\/\/www.europesays.com\/es\/wp-json\/wp\/v2\/media?parent=224753"}],"wp:term":[{"taxonomy":"category","embeddable":true,"href":"https:\/\/www.europesays.com\/es\/wp-json\/wp\/v2\/categories?post=224753"},{"taxonomy":"post_tag","embeddable":true,"href":"https:\/\/www.europesays.com\/es\/wp-json\/wp\/v2\/tags?post=224753"}],"curies":[{"name":"wp","href":"https:\/\/api.w.org\/{rel}","templated":true}]}}