{"id":224759,"date":"2025-11-08T08:21:08","date_gmt":"2025-11-08T08:21:08","guid":{"rendered":"https:\/\/www.europesays.com\/es\/224759\/"},"modified":"2025-11-08T08:21:08","modified_gmt":"2025-11-08T08:21:08","slug":"bugonia-subsuelo-y-popel-protagonizan-los-estrenos-de-la-semana-2","status":"publish","type":"post","link":"https:\/\/www.europesays.com\/es\/224759\/","title":{"rendered":"\u2018Bugonia\u2019, \u2018Subsuelo\u2019 y \u2018Popel\u2019 protagonizan los estrenos de la semana"},"content":{"rendered":"<p>\n        En los <a href=\"https:\/\/www.noticiasdegipuzkoa.eus\/tags\/estrenos-de-cine\/\" title=\"estrenos\" rel=\"nofollow noopener\" target=\"_blank\" class=\"link copy\">estrenos<\/a> de esta semana, el p\u00fablico podr\u00e1 disfrutar de un variado abanico de g\u00e9neros, que van desde dramas rom\u00e1nticos y thrillers inquietantes, hasta aventuras animadas y westerns \u00e9picos. Una selecci\u00f3n para todos los gustos, disponibles tanto en <a href=\"https:\/\/www.noticiasdegipuzkoa.eus\/tags\/cines\/\" title=\"cines\" rel=\"nofollow noopener\" target=\"_blank\" class=\"link copy\">cines<\/a> como en plataformas de <a href=\"https:\/\/www.noticiasdegipuzkoa.eus\/tags\/streaming\/\" title=\"streaming\" rel=\"nofollow noopener\" target=\"_blank\" class=\"link copy\">streaming<\/a>.\n<\/p>\n<p class=\"article-body__text \">\n        <strong>DRAMA. <\/strong>Historias que exploran emociones profundas, relaciones complejas y la b\u00fasqueda de sentido en momentos decisivos de la vida.\n<\/p>\n<p>  <strong>Siempre es invierno <\/strong><strong>(<\/strong>100 min, ES)<\/p>\n<p class=\"article-body__text \">\n        <strong>Dir. <\/strong>David Trueba. <strong>|| Reparto destacado: <\/strong>David Verdaguer, Amaia Salamanca e Isabelle Renauld.\n<\/p>\n<p class=\"article-body__text \">\n        Este drama rom\u00e1ntico, adaptaci\u00f3n de la novela Blitz del propio David Trueba, sigue la historia de Miguel. Un <strong>arquitecto paisajista <\/strong>treinta\u00f1ero viaja a B\u00e9lgica junto a <strong>su novia Marta<\/strong> para asistir a un congreso, donde su relaci\u00f3n llega a su fin. Tras <strong>la ruptura<\/strong>, Miguel decide permanecer <strong>unos d\u00edas m\u00e1s <\/strong>para replantearse su futuro. Durante su estancia conoce a Olga, una mujer de 60 a\u00f1os que colabora como <strong>voluntaria en el evento. <\/strong>A trav\u00e9s de ella, Miguel inicia un proceso de reconstrucci\u00f3n personal y descubre el verdadero sentido de su nuevo proyecto de vida.\n<\/p>\n<ul class=\"article-body__text article-list article-list--unordered\">\n<li>\n                Semana Internacional de Cine de Valladolid<strong> &#8211; SEMINCI: <\/strong>ceremonia oficial de clausura y nominaci\u00f3n a Espiga de Oro.\n            <\/li>\n<\/ul>\n<p>  <strong>Leo &amp; Lou <\/strong><strong>(<\/strong>101 min, ES-RU-RO)<\/p>\n<p class=\"article-body__text \">\n        <strong>Dir. <\/strong>Carlos Solano. <strong>|| Reparto destacado: <\/strong>Isak F\u00e9rriz, Julia Sulleiro,Manuel Manqui\u00f1a, Marta Larralde, Mar\u00eda Pujalte y Maggie Civantos.\n<\/p>\n<p class=\"article-body__text \">\n        Con solo diez a\u00f1os, <strong>Leo, una ni\u00f1a hu\u00e9rfana<\/strong>, <strong>escapa <\/strong>de un centro de acogida rumbo a un concurso de pesca. En su huida se topa con<strong> Lou, un hombre malhumorado<\/strong> y propenso a los problemas. Convencido de estar ayud\u00e1ndola al intentar llevarla de regreso, Lou no imagina que Leo lo ha convertido, sin propon\u00e9rselo, en <strong>su c\u00f3mplice de aventura.<\/strong> Juntos vivir\u00e1n un viaje tan divertido como inesperado, que transformar\u00e1 sus vidas para siempre.\n<\/p>\n<p>  <strong>Sue\u00f1os de trenes <\/strong><strong>(<\/strong>102 min, EEUU)<\/p>\n<p class=\"article-body__text \">\n        <strong>Dir. <\/strong>Clint Bentley. <strong>|| Reparto destacado: <\/strong>Joel Edgerton, Felicity Jones, Kerry Condon y William H. Macy.\n<\/p>\n<p class=\"article-body__text \">\n        Basado en la novela del mismo nombre, este <strong>western<\/strong> sigue la historia de Robert Grainier, <strong>un jornalero<\/strong> que participa en la <strong>construcci\u00f3n del ferrocarril <\/strong>en el Oeste estadounidense a comienzos del siglo XX. Tras una devastadora tragedia familiar, Robert deber\u00e1 enfrentarse a la <strong>soledad y aprender a sobrevivir<\/strong> en un entorno tan duro como salvaje.\n<\/p>\n<ul class=\"article-body__text article-list article-list--unordered\">\n<li>\n                <strong>Preestreno: <\/strong>Festival de Sundance 2025.\n            <\/li>\n<li>\n                <strong>Estreno en NETFLIX: <\/strong>21 de noviembre.\n            <\/li>\n<\/ul>\n<p>  Dos forajidos (139 min, EEUU)<\/p>\n<p class=\"article-body__text \">\n        <strong>Dir. <\/strong>Joel Souza. <strong>|| Reparto destacado: <\/strong>Alec Baldwin, Josh Hopkins y Travis Fimmel.\n<\/p>\n<p class=\"article-body__text \">\n        Otro <strong>western<\/strong> esta vez con Harland Rust, quien carga con la fama de ser un <strong>forajido implacable<\/strong>, con una recompensa por su cabeza. Cuando descubre que su <strong>nieto de 13 a\u00f1os ha sido condenado<\/strong> a la horca por un presunto asesinato, decide viajar hasta Kansas para salvarlo. Tras un violento enfrentamiento, Rust logra sacarlo de prisi\u00f3n y emprende con \u00e9l una peligrosa <strong>huida hacia la frontera.<\/strong> Abuelo y nieto deber\u00e1n enfrentarse al legendario mariscal Wood Helm y a un temido cazarrecompensas que les pisan los talones.\n<\/p>\n<ul class=\"article-body__text article-list article-list--unordered\">\n<li>\n                Festival Internacional de <strong>Mar del Plata 2025<\/strong>: Nominada a Mejor pel\u00edcula.\n            <\/li>\n<\/ul>\n<p class=\"article-body__text \">\n        <strong>COMEDIA. <\/strong>Risas garantizadas con situaciones sorprendentes y personajes inolvidables.\n<\/p>\n<p>  <strong>Bugonia <\/strong><strong>(<\/strong>120 min, IRL)<\/p>\n<p class=\"article-body__text \">\n        <strong>Dir. <\/strong>Yorgos Lanthimos. <strong>|| Reparto destacado: <\/strong>Emma Stone, Jesse Plemons y Alicia Silverstone.\n<\/p>\n<p class=\"article-body__text \">\n        La reinterpretaci\u00f3n en ingl\u00e9s de la pel\u00edcula surcoreana Save The Green Planet! (2003). La historia sigue a <strong>dos j\u00f3venes <\/strong>fan\u00e1ticos de las teor\u00edas <strong>conspirativas que secuestran<\/strong> a la influyente directora general de una gran corporaci\u00f3n, creyendo firmemente que en realidad es una alien\u00edgena que planea aniquilar la Tierra.\n<\/p>\n<ul class=\"article-body__text article-list article-list--unordered\">\n<li>\n                <strong>Preestreno:<\/strong> Festival de Venecia 2025.\n            <\/li>\n<\/ul>\n<p>  <strong>Roofman: Un ladr\u00f3n diferente <\/strong><strong>(126 <\/strong>min, EEUU)<\/p>\n<p class=\"article-body__text \">\n        <strong>Dir. <\/strong>Derek Cianfrance. <strong>|| Reparto destacado: <\/strong>Channing Tatum, Kirsten Dunst, LaKeith Stanfield, Juno Temple y Peter Dinklage.\n<\/p>\n<p class=\"article-body__text \">\n        Jeffrey Manchester, <strong>un astuto ladr\u00f3n, <\/strong>logr\u00f3 asaltar m\u00e1s de sesenta restaurantes <strong>McDonald\u2019s <\/strong>en Estados Unidos ingresando de madrugada por <strong>agujeros que abr\u00eda en los techos<\/strong>. Conocido como \u201cRoofman\u201d por su singular m\u00e9todo, fue finalmente <strong>capturado<\/strong>, aunque consigui\u00f3 escapar de prisi\u00f3n. Durante su huida, se refugi\u00f3 durante seis meses en una tienda abandonada de ToysRUs, donde construy\u00f3 <strong>un escondite secreto.<\/strong> Su ingenio, su vida doble y el car\u00e1cter casi cinematogr\u00e1fico de sus delitos lo convirtieron en una figura tan sorprendente como enigm\u00e1tica.\n<\/p>\n<ul class=\"article-body__text article-list article-list--unordered\">\n<li>\n                <strong>Preestreno: <\/strong>Festival Internacional de Cine de Toronto 2025.\n            <\/li>\n<\/ul>\n<p class=\"article-body__text \">\n        <strong>CIENCIA FICCI\u00d3N. <\/strong>Aventuras futuristas que combinan acci\u00f3n, mundos imaginativos y dilemas sorprendentes.\n<\/p>\n<p>  <strong>Predator: Badlands <\/strong><strong>(<\/strong>115 min, EEUU)<\/p>\n<p class=\"article-body__text \">\n        <strong>Dir. <\/strong>Dan Trachtenberg. <strong>|| Reparto destacado: <\/strong>Dimitrius Schuster-Koloamatangi y Elle Fanning.\n<\/p>\n<p class=\"article-body__text \">\n        Esta cinta forma parte de la saga Depredador, siendo la <strong>s\u00e9ptima entrega<\/strong> de la serie principal. Ambientada en un lejano planeta del futuro, narra la historia de un joven Predator <strong>desterrado por su clan<\/strong> que, junto a Thia, una aliada inesperada, emprende una arriesgada traves\u00eda<strong> en busca del enemigo definitivo.<\/strong>\n<\/p>\n<p>  El imperio <strong>(<\/strong>110 min, FR)<\/p>\n<p class=\"article-body__text \">\n        <strong>Dir. <\/strong>Bruno Dumont. <strong>|| Reparto destacado: <\/strong>Lyna Khoudri, Anamar\u00eda Vartolomei, Camille Cottin y Fabrice Luchini.\n<\/p>\n<p class=\"article-body__text \">\n        Esta comedia dram\u00e1tica de ciencia ficci\u00f3n con <strong>tintes apocal\u00edpticos <\/strong>tiene lugar en un peque\u00f1o pueblo del <strong>norte de Francia<\/strong>, que se convertir\u00e1 en el escenario de una <strong>confrontaci\u00f3n entre caballeros<\/strong> extraterrestres infiltrados.\n<\/p>\n<ul class=\"article-body__text article-list article-list--unordered\">\n<li>\n                <strong>Estreno: <\/strong>Festival Internacional de Cine de Berl\u00edn (2024), nominado al Oso de Oro.\n            <\/li>\n<\/ul>\n<p class=\"article-body__text \">\n        <strong>AVENTURA Y FANTAS\u00cdA. <\/strong>Viajes extraordinarios y mundos m\u00e1gicos que despiertan la imaginaci\u00f3n y transportan a escenarios llenos de desaf\u00edos y maravillas.\n<\/p>\n<p>  <strong>El Mago de Ciudad Esmeralda. El camino de baldosas amarillas <\/strong><strong>(<\/strong>120 min, RU)<\/p>\n<p class=\"article-body__text \">\n        <strong>Dir. <\/strong>Igor Voloshin. <strong>|| Reparto destacado: <\/strong>Svetlana Khodchenkova, Yuri Kolokolnikov y Sofya Lebedeva.\n<\/p>\n<p class=\"article-body__text \">\n        <strong>Ellie<\/strong>, una ni\u00f1a de ocho a\u00f1os, y su inseparable perro <strong>Tot\u00f3 <\/strong>son arrastrados por un tornado hasta el fant\u00e1stico <strong>mundo de Oz<\/strong>, creado por la malvada bruja Gingema con el prop\u00f3sito de acabar con el mundo humano. En esta primera aventura, Ellie se une al Espantap\u00e1jaros, al Hombre de Hojalata y al Le\u00f3n Cobarde para recorrer el <strong>camino de baldosas amarillas <\/strong>rumbo a la Ciudad Esmeralda, donde esperan encontrar al poderoso mago Goodwin, capaz de hacer realidad sus m\u00e1s profundos deseos.\n<\/p>\n<p class=\"article-body__text \">\n        <strong>THRILLER. <\/strong>Suspense y tensi\u00f3n que mantienen al espectador al borde de la butaca.\n<\/p>\n<p>  <strong>Subsuelo <\/strong><strong>(<\/strong>115 min, ES)<\/p>\n<p class=\"article-body__text \">\n        <strong>Dir. <\/strong>Fernando Franco. <strong>|| Reparto destacado: <\/strong>Julia Mart\u00ednez, Diego Garisa, Nacho S\u00e1nchez, Sonia Almarcha e Itzan Escamillas.\n<\/p>\n<p class=\"article-body__text \">\n        Este thriller psicol\u00f3gico tiene como protagonistas a Eva y Fabi\u00e1n <strong>dos mellizos<\/strong> que est\u00e1n a punto de cumplir 18 a\u00f1os. Pero una noche de verano sucede <strong>un tr\u00e1gico accidente<\/strong>, cambiando sus vidas por completo. A parte de ellos solo su madre sabe la verdad.\n<\/p>\n<ul class=\"article-body__text article-list article-list--unordered\">\n<li>\n                SEMINICI 2025: <strong>ganadora de Mejor Guion<\/strong> (Fernando Franco, Bego\u00f1a Arostegui) y nominada a la  Espiga de Oro.\n            <\/li>\n<li>\n                Hubo escenas grabadas en localidades de Euskadi durante 12 d\u00edas, entre ellas Erandio, Getxo y Bilbao.\n            <\/li>\n<\/ul>\n<p>  Reversi\u00f3n <strong>(<\/strong>97 min, ES-RD)<\/p>\n<p class=\"article-body__text \">\n        <strong>Dir. <\/strong>Jacob Santana. <strong>|| Reparto destacado: <\/strong>Manuel Vega, Jaime  Lorente y Bel\u00e9n Rueda.\n<\/p>\n<p class=\"article-body__text \">\n        Mario se muda con sus padres y su hermano mayor, David, con quien mantiene un fuerte v\u00ednculo. A pesar de sufrir <strong>ansiedad y problemas de concentraci\u00f3n,<\/strong> su vida transcurre con normalidad hasta que, una tarde lluviosa, presencia <strong>el secuestro de su hermano.<\/strong> Diecinueve d\u00edas despu\u00e9s, David <strong>regresa sin recordar <\/strong>nada de lo ocurrido. Sin embargo, Mario empieza a percibir cambios inquietantes en \u00e9l\u2026 lo suficiente como para sospechar que quien ha vuelto no es realmente su hermano.\n<\/p>\n<p class=\"article-body__text \">\n        <strong>DOCUMENTAL. <\/strong>Relatos de vidas reales y hechos hist\u00f3ricos que revelan historias conmovedoras y ense\u00f1anzas que invitan a la reflexi\u00f3n.\n<\/p>\n<p>  Popel (87 min, CZ)<\/p>\n<p class=\"article-body__text \">\n        <strong>Dir. <\/strong>Oier Plaza Gartzia.\n<\/p>\n<p class=\"article-body__text \">\n        Una mezcla de animaci\u00f3n con acci\u00f3n real. Una carta olvidada lleva a Ant\u00f3n Gandarias a<strong> indagar el destino de su t\u00edo<\/strong>, Anjel Lekuona, capturado por los nazis tras huir al exilio durante la Guerra Civil. Al mismo tiempo, Unai Egia inicia su propia investigaci\u00f3n sobre Enric Moner, <strong>un deportado a los campos<\/strong> de concentraci\u00f3n. El azar une a ambos investigadores, que descubren que las vidas de sus <strong>familiares estuvieron entrelazadas<\/strong>. Juntos sacan a la luz la heroica historia de Franti\u0161ek Such\u00fd y su hijo, quienes desde el crematorio de Praga arriesgaron todo para preservar las cenizas de m\u00e1s de 2.000 v\u00edctimas del nazismo. Ocho d\u00e9cadas despu\u00e9s, su hallazgo conecta pasado y presente, rindiendo homenaje a quienes lucharon contra el olvido.\n<\/p>\n<p>  Heridos (77 min, ES)<\/p>\n<p class=\"article-body__text \">\n        <strong>Dir. <\/strong>Borja Mart\u00ednez-Echevarr\u00eda.\n<\/p>\n<p class=\"article-body__text \">\n        Heridos es un documental que explora el<strong> impacto del aborto<\/strong> mediante las historias de cuatro personas que, despu\u00e9s de mucho tiempo callando su experiencia, se animan a afrontarla y compartirla. La pel\u00edcula ense\u00f1a<strong> distintos caminos<\/strong> pero una misma verdad que<strong> \u00absanar es posible\u00bb<\/strong>, tratando el proceso de curaci\u00f3n, perd\u00f3n y esperanza.\n<\/p>\n<p>  Yo estuve en Las Vegas 2 (116 min, ES)<\/p>\n<p class=\"article-body__text \">\n        <strong>Dir. <\/strong>Javier Castro.\n<\/p>\n<p class=\"article-body__text \">\n        Este documental narra la sorprendente historia de una<strong> sala de fiestas legendaria<\/strong> en un peque\u00f1o pueblo de Burgos, que lleg\u00f3 a acoger a bandas m\u00edticas como Los Ramones. A trav\u00e9s de testimonios aut\u00e9nticos, recuerdos cargados de emoci\u00f3n y un toque de humor, la pel\u00edcula rinde <strong>homenaje a la m\u00fasica, la pasi\u00f3n y el esp\u00edritu <\/strong>innovador que convirtieron a Las Vegas 2 en un fen\u00f3meno cultural irrepetible. Un viaje nost\u00e1lgico, vibrante y lleno de sorpresas al coraz\u00f3n de la zona vaciada\u2026 donde lo extraordinario se hizo realidad.\n<\/p>\n<p class=\"article-body__text \">\n        <strong>ANIMACI\u00d3N. <\/strong>Aventuras llenas de fantas\u00eda, imaginaci\u00f3n y acci\u00f3n que atrapan, despertando emoci\u00f3n y diversi\u00f3n.\n<\/p>\n<p>  La princesa orgullosa (84 min, SK-PL-CR)<\/p>\n<p class=\"article-body__text \">\n        <strong>Dir. <\/strong>Radek Beran y David Lisy.\n<\/p>\n<p class=\"article-body__text \">\n        Est\u00e1 basada en un cuento de hadas popular checo.\u00a0El<strong> joven rey Benjam\u00edn<\/strong> queda fascinado con la orgullosa <strong>princesa Carolina<\/strong>, quien <strong>lo rechaza<\/strong>. Disfrazado de jardinero, logra acercarse a ella y conquistar su coraz\u00f3n con m\u00fasica y flores. Cuando los consejeros buscan casarla con otro, Carolina y Benjam\u00edn <strong>huyen juntos<\/strong>, enfrentando obst\u00e1culos que fortalecer\u00e1n su v\u00ednculo, aunque \u00e9l<strong> <\/strong>a\u00fan <strong>deber\u00e1 revelar su verdadera identidad.<\/strong>\n<\/p>\n<p class=\"article-body__text \">\n        Con los estrenos de esta semana, la cartelera se llena de historias capaces de sorprender, emocionar y hacer reflexionar a todos los p\u00fablicos. Desde aventuras fant\u00e1sticas y westerns \u00e9picos hasta thrillers intensos y documentales reveladores, el cine invita a perderse en relatos que combinan imaginaci\u00f3n, tensi\u00f3n y emoci\u00f3n. Una oportunidad ideal para disfrutar de la gran pantalla o dejarse cautivar desde casa por nuevas propuestas llenas de creatividad y sorpresas.<\/p>\n","protected":false},"excerpt":{"rendered":"En los estrenos de esta semana, el p\u00fablico podr\u00e1 disfrutar de un variado abanico de g\u00e9neros, que van&hellip;\n","protected":false},"author":2,"featured_media":224121,"comment_status":"","ping_status":"","sticky":false,"template":"","format":"standard","meta":{"footnotes":""},"categories":[169],"tags":[30224,177,146,147,25,24,6750,176,175,58459,3556,23,55749],"class_list":{"0":"post-224759","1":"post","2":"type-post","3":"status-publish","4":"format-standard","5":"has-post-thumbnail","7":"category-cine","8":"tag-bugonia","9":"tag-cine","10":"tag-entertainment","11":"tag-entretenimiento","12":"tag-es","13":"tag-espana","14":"tag-estrenos","15":"tag-film","16":"tag-movies","17":"tag-popel","18":"tag-protagonizan","19":"tag-spain","20":"tag-subsuelo"},"share_on_mastodon":{"url":"https:\/\/pubeurope.com\/@es\/115513110239795227","error":""},"_links":{"self":[{"href":"https:\/\/www.europesays.com\/es\/wp-json\/wp\/v2\/posts\/224759","targetHints":{"allow":["GET"]}}],"collection":[{"href":"https:\/\/www.europesays.com\/es\/wp-json\/wp\/v2\/posts"}],"about":[{"href":"https:\/\/www.europesays.com\/es\/wp-json\/wp\/v2\/types\/post"}],"author":[{"embeddable":true,"href":"https:\/\/www.europesays.com\/es\/wp-json\/wp\/v2\/users\/2"}],"replies":[{"embeddable":true,"href":"https:\/\/www.europesays.com\/es\/wp-json\/wp\/v2\/comments?post=224759"}],"version-history":[{"count":0,"href":"https:\/\/www.europesays.com\/es\/wp-json\/wp\/v2\/posts\/224759\/revisions"}],"wp:featuredmedia":[{"embeddable":true,"href":"https:\/\/www.europesays.com\/es\/wp-json\/wp\/v2\/media\/224121"}],"wp:attachment":[{"href":"https:\/\/www.europesays.com\/es\/wp-json\/wp\/v2\/media?parent=224759"}],"wp:term":[{"taxonomy":"category","embeddable":true,"href":"https:\/\/www.europesays.com\/es\/wp-json\/wp\/v2\/categories?post=224759"},{"taxonomy":"post_tag","embeddable":true,"href":"https:\/\/www.europesays.com\/es\/wp-json\/wp\/v2\/tags?post=224759"}],"curies":[{"name":"wp","href":"https:\/\/api.w.org\/{rel}","templated":true}]}}